{"id":93621,"date":"2025-11-22T09:47:29","date_gmt":"2025-11-22T09:47:29","guid":{"rendered":"https:\/\/www.europesays.com\/no\/93621\/"},"modified":"2025-11-22T09:47:29","modified_gmt":"2025-11-22T09:47:29","slug":"brann-juvel-apner-for-januar-exit-tv2-no","status":"publish","type":"post","link":"https:\/\/www.europesays.com\/no\/93621\/","title":{"rendered":"Brann-juvel \u00e5pner for januar-exit &#8211; TV2.no"},"content":{"rendered":"<ol>\n<li><a href=\"https:\/\/news.google.com\/rss\/articles\/CBMiggFBVV95cUxQOHRsTW9YQUs3U1VuVW5CeVdzWkx1MEZ6bzJtaU1obmVHeUZJaHl0THhub0NKaXBfcGxwdEpRVmZDR19pVUl5S0R5OTliRW1GR1RPeU5RWnNaMzg3RXNxd01Rem5KcWpKVVBmdFFnQVNraFVzT0k5OXVnN0ZIVkFrblZB?oc=5\" target=\"_blank\" rel=\"nofollow noopener\">Brann-juvel \u00e5pner for januar-exit<\/a>&nbsp;&nbsp;TV2.no<\/li>\n<li><a href=\"https:\/\/news.google.com\/rss\/articles\/CBMikAFBVV95cUxNZmZ0SjEtVExPcHF2WG5MN2NKODBLUmNuMmdlNnRtelB4eFlxcU16UVBQNkdweTktU3VKeE1jd1JCOHFpQVd2ZVFEa0J3RHF4eDY3MFBNM0xBVFliVV9zVnIyMUlvUFdaSFVVa2gxRmNVb3pUa2RSM1ZZdDdCZE1MMldqZklma0lXRTlpWUdrZXE?oc=5\" target=\"_blank\" rel=\"nofollow noopener\">Sport, SK Brann | Vil ikke forlenge n\u00e5. \u00c5pner for \u00e5 forlate Brann i vinter.<\/a>&nbsp;&nbsp;Bergensavisen<\/li>\n<li><a href=\"https:\/\/news.google.com\/rss\/articles\/CBMixAFBVV95cUxPRnhuTGNWNURPRHptMzAwdUJJS0hXMVNtSko1ODR2anM0WVZ3RWhtYVo4X3Rjc3JFYnBlS2JubkFpc1BZTXhVY19aa1NEdEtoTXc1blpmazVFa1MwRVJybmFHel9qRlR3TExPbzdlVVhWT241Mmw5Z0owUmxReS1yVDVSUUZ1Q1JFOUpHS0t2bjBNRzJRcmV0N2h6WnVvZVp2aFVDbmpLWXVCQkJtM1pDV2MyV0NrcmRDSHhPbVU4ZFJZSHpL?oc=5\" target=\"_blank\" rel=\"nofollow noopener\">Kl\u00e6bo med stikk til kritikere etter sprintseieren<\/a>&nbsp;&nbsp;TV2.no<\/li>\n<li><a href=\"https:\/\/news.google.com\/rss\/articles\/CBMie0FVX3lxTE13a29HaE1STjdfNzlpOGxWM3U3ZF9Udk90NERaRWtTUHlhbVdjT1FwVlk2c3FlRVlUWnRHSURzTDRnYTFPb21BOTdtakxkVFZWTDd2U3djdmxwZkFjd2U5MC1Tb00yd2hobE5LVm9NTG5nNVRuOHhFcW42UQ?oc=5\" target=\"_blank\" rel=\"nofollow noopener\">Brann-stjerne \u00e5pner for salg i januar<\/a>&nbsp;&nbsp;VG<\/li>\n<li><a href=\"https:\/\/news.google.com\/rss\/articles\/CBMijgFBVV95cUxNaGtZWDRwclVJUGxyUzdGdmpBalg0SEhjV0N6eHJySmNZNXNxU19IRDRyMVpOWXNaT0MydTR6UjJYeVlYS1ROQnFXMHhMYkQyTFRrNDM5ODdSX3FMT1dlU0dhTmV2c0RxbkY4djQ5VlFnMEM0d2xIajloWnM1TDdiblVkcEZDN08xX1NxM1ln?oc=5\" target=\"_blank\" rel=\"nofollow noopener\">Skjebnevalg for Brann-talentet: \u2013 Sjokkerende hvis ikke<\/a>&nbsp;&nbsp;Bergens Tidende<\/li>\n<\/ol>\n","protected":false},"excerpt":{"rendered":"Brann-juvel \u00e5pner for januar-exit&nbsp;&nbsp;TV2.no Sport, SK Brann | Vil ikke forlenge n\u00e5. \u00c5pner for \u00e5 forlate Brann i&hellip;\n","protected":false},"author":2,"featured_media":93622,"comment_status":"","ping_status":"","sticky":false,"template":"","format":"standard","meta":{"footnotes":""},"categories":[59],"tags":[30,28,29,83,82],"class_list":{"0":"post-93621","1":"post","2":"type-post","3":"status-publish","4":"format-standard","5":"has-post-thumbnail","7":"category-sport","8":"tag-no","9":"tag-norge","10":"tag-norway","11":"tag-sport","12":"tag-sports"},"share_on_mastodon":{"url":"https:\/\/pubeurope.com\/@no\/115592720779596495","error":""},"_links":{"self":[{"href":"https:\/\/www.europesays.com\/no\/wp-json\/wp\/v2\/posts\/93621","targetHints":{"allow":["GET"]}}],"collection":[{"href":"https:\/\/www.europesays.com\/no\/wp-json\/wp\/v2\/posts"}],"about":[{"href":"https:\/\/www.europesays.com\/no\/wp-json\/wp\/v2\/types\/post"}],"author":[{"embeddable":true,"href":"https:\/\/www.europesays.com\/no\/wp-json\/wp\/v2\/users\/2"}],"replies":[{"embeddable":true,"href":"https:\/\/www.europesays.com\/no\/wp-json\/wp\/v2\/comments?post=93621"}],"version-history":[{"count":0,"href":"https:\/\/www.europesays.com\/no\/wp-json\/wp\/v2\/posts\/93621\/revisions"}],"wp:featuredmedia":[{"embeddable":true,"href":"https:\/\/www.europesays.com\/no\/wp-json\/wp\/v2\/media\/93622"}],"wp:attachment":[{"href":"https:\/\/www.europesays.com\/no\/wp-json\/wp\/v2\/media?parent=93621"}],"wp:term":[{"taxonomy":"category","embeddable":true,"href":"https:\/\/www.europesays.com\/no\/wp-json\/wp\/v2\/categories?post=93621"},{"taxonomy":"post_tag","embeddable":true,"href":"https:\/\/www.europesays.com\/no\/wp-json\/wp\/v2\/tags?post=93621"}],"curies":[{"name":"wp","href":"https:\/\/api.w.org\/{rel}","templated":true}]}}