{"id":93623,"date":"2025-11-22T09:52:28","date_gmt":"2025-11-22T09:52:28","guid":{"rendered":"https:\/\/www.europesays.com\/no\/93623\/"},"modified":"2025-11-22T09:52:28","modified_gmt":"2025-11-22T09:52:28","slug":"kultur-underholdning-influensere-influenserne-henrik-troy-og-elias-omberg-fra-fredrikstad-er-semifinalister-i-vixen-awards-2025","status":"publish","type":"post","link":"https:\/\/www.europesays.com\/no\/93623\/","title":{"rendered":"Kultur &#038; underholdning, Influensere | Influenserne Henrik Troy og Elias Omberg fra Fredrikstad er semifinalister i Vixen Awards 2025"},"content":{"rendered":"\n<p>Publikum har nominert rekordmange til de ulike grenene innenfor influenserprisen Vixen Awards 2025. N\u00e5 er semifinalistene i mange ulike grener offentliggjort.<\/p>\n<p>\u2013 Meget sterk liste<\/p>\n<p>\u2013 Det er en meget sterk liste med b\u00e5de gjengangere og etablerte influensere. Samtidig er det g\u00f8y \u00e5 se at vi ogs\u00e5 har mange f\u00f8rstegangsreisende p\u00e5 \u00e5rets liste. Jeg kan love at konkurransen har v\u00e6rt t\u00f8ff, s\u00e5 det er bare \u00e5 gratulere alle som har kommet s\u00e5 langt, sier jurygeneral Camilla Kim Kielland i Vixen Awards i en pressemelding til NTB.<\/p>\n<p>  <a href=\"https:\/\/www.f-b.no\/5-59-3474895\" class=\"related-teaser has-image default-story-teaser article--c-eRUmMG article--c-eRUmMG-jKCPdD-design-default\" rel=\"nofollow noopener\" target=\"_blank\"><\/p>\n<p>    <img decoding=\"async\" loading=\"lazy\"  src=\"https:\/\/www.europesays.com\/no\/wp-content\/uploads\/2025\/11\/photo-collage.png.png\" alt=\"\" class=\"brick-c-cFOWSL\" style=\"\"\/><\/p>\n<p>\n            Les ogs\u00e5<\/p>\n<p>              Millioninntekter for Fredrikstads influensere: Se hvem som toppet lista i 2023\n        <\/p>\n<p>  <\/a><\/p>\n<p>Vixen Awards er en k\u00e5ring av Norges beste influensere og sosiale medier-profiler i 17 ulike kategorier. M\u00e5let til konkurransen er \u00e5 gi en pris til gode forbilder.<\/p>\n<p>I \u00e5r har det kommet 34.000 nominasjoner fra publikum til juryen.<\/p>\n<p>Publikum kan stemme fram sin favoritt til finalen i de 17 ulike prisene, avstemningen foreg\u00e5r fram til 30. november.<\/p>\n<p>Finalistene offentliggj\u00f8res 6. desember og vinneren k\u00e5res 23. januar neste \u00e5r.<\/p>\n<p>  <a href=\"https:\/\/www.f-b.no\/5-59-3452802\" class=\"related-teaser has-image default-story-teaser article--c-eRUmMG article--c-eRUmMG-jKCPdD-design-default\" rel=\"nofollow noopener\" target=\"_blank\"><\/p>\n<p>    <img decoding=\"async\" loading=\"lazy\"  src=\"https:\/\/www.europesays.com\/no\/wp-content\/uploads\/2025\/11\/Elias-front.jpg\" alt=\"\" class=\"brick-c-cFOWSL\" style=\"\"\/><\/p>\n<p>\n            Les ogs\u00e5<\/p>\n<p>              Elias (21): \u2013  Folk flokker seg rundt meg etter foredragene, og gr\u00e5ter\n        <\/p>\n<p>  <\/a><br \/>\n  Disse er nominert i kategorien \u00absterke mening\u00bb (jurybestemt)<\/p>\n<p>   <img decoding=\"async\" width=\"5998\" height=\"4001\" fetchpriority=\"low\"  loading=\"lazy\"  src=\"https:\/\/www.europesays.com\/no\/wp-content\/uploads\/2025\/11\/cueres_scp-mangler_navn_n36Psnlx0pQ.jpg\" alt=\"Bergen, Norway 20250820. &#10;Danby Choi var til stede under TV 2s presentasjonen av h\u00f8stens tv-programmer i Grieghallen.&#10;Foto: Paul S. Amundsen \/ NTB\" class=\"brick-c-cFOWSL\" style=\"--brick-image-ratio: 5998 \/ 4001;\"\/><\/p>\n<p>      Henrik Troy og Elias Omberg konkurrerer blant annet mot Danby Choi (bildet).<br \/>\n      Foto: Paul S. Amundsen \/ NTB\n    <\/p>\n<ul>\n<li>Anine Olsen &#8211; @4nineolsen<\/li>\n<li>Danby Choi &#8211; @danbychoi<\/li>\n<li><b>Elias Omberg &#8211; @eliasomberg (fra Fredrikstad)<\/b><\/li>\n<li>Erika Norwitch &#8211; @erikanorwich<\/li>\n<li>Fredrik Fornes &#8211; @fredrikfornes<\/li>\n<li>Frida Marie Grande &#8211; @fridamariegrande<\/li>\n<li>Gutta &#8211; @gutta<\/li>\n<li>Hanne-Lene Dahlgren &#8211; @hannelenedahlgren<\/li>\n<li><b>Henrik Troy &#8211; @henriktroy <\/b><b>(fra Fredrikstad)<\/b><\/li>\n<li>Ingeborg Senneset &#8211; @ingeborgsenneset<\/li>\n<li>Iselin Guttormsen &#8211; @iselinguttormsen<\/li>\n<li>Kimiya Sajjadi &#8211; @kimiyasajjadi<\/li>\n<li>Kristin Gjelsvik &#8211; @kristingjelsvik<\/li>\n<li>Passar Qadir &#8211; @passarqadir<\/li>\n<li>Synn\u00f8ve D\u00f8rum &#8211; @synnovedorum<\/li>\n<\/ul>\n<p>  <a href=\"https:\/\/www.f-b.no\/5-59-3117019\" class=\"related-teaser has-image default-story-teaser article--c-eRUmMG article--c-eRUmMG-jKCPdD-design-default\" rel=\"nofollow noopener\" target=\"_blank\"><\/p>\n<p>    <img decoding=\"async\" loading=\"lazy\"  src=\"https:\/\/www.europesays.com\/no\/wp-content\/uploads\/2025\/11\/My2B29+%E2%80%93+Kopi.png\" alt=\"\" class=\"brick-c-cFOWSL\" style=\"\"\/><\/p>\n<p>\n            Les ogs\u00e5<\/p>\n<p>              Konflikt mellom Fredrikstad-influensere: \u2013 H\u00f8rer ikke hjemme noen sted\n        <\/p>\n<p>  <\/a><br \/>\n  Disse er nominert i kategorien \u00ab\u00e5rets influenser\u00bb:  <\/p>\n<p>   <img decoding=\"async\" width=\"8192\" height=\"5464\" fetchpriority=\"low\"  loading=\"lazy\"  src=\"https:\/\/www.europesays.com\/no\/wp-content\/uploads\/2025\/11\/5_46_1596433_1T0A0314.jpg\" alt=\"\u00c5PEN: Hanna-Martine Sl\u00e5ttland Baller kommer med en \u00e6rlig innr\u00f8mmelse i podkasten sin  \u00abHanna og de heldige\u00bb. Sarpsborg-influenser Hanna-Martine Sl\u00e5ttland Baller (24) \u00e5pner opp om legningen sin i ny podkastepisode.\" class=\"brick-c-cFOWSL\" style=\"--brick-image-ratio: 8192 \/ 5464;\"\/><\/p>\n<p>      Hanna-Martine Sl\u00e5ttland Baller fra Sarpsborg er semifinalist i flere kategorier, blant annet \u00ab\u00e5rets influenser\u00bb.<br \/>\n      Foto: Martin Habbestad (Nettavisen)\n    <\/p>\n<ul>\n<li>Emilie Voe Nereng @emilienutrition<\/li>\n<li>Handicrapcrew @handicrapcrew<\/li>\n<li><b>Hanna Martine Sl\u00e5ttland Baller @hannamartinee (fra Sarpsborg)<\/b><\/li>\n<li>Hanne Lene Dahlgren @hannelenedahlgren<\/li>\n<li>Helle Staff @helle_nordby<\/li>\n<li>Kasper Kvello @styrketreneren<\/li>\n<li>Kristin Helland @voksenstruggles<\/li>\n<li>Mads Clemmetsen @madspusseropp<\/li>\n<li>Malene Elfrid Ingebrigtsen @maleneing<\/li>\n<li>Mathea Bj\u00f8rndalen @matheaeb<\/li>\n<li>Oliver Bergset @oliverbergset<\/li>\n<li>Selene Lie @selenelie<\/li>\n<li>Tale Torjussen @tale_torjussen<\/li>\n<li>Trygve Bennetsen @trygvebennetsen<\/li>\n<li>\u00d8yunn Krog @oyunnkrogh<\/li>\n<\/ul>\n<p>    Vil du se neste video?<\/p>\n<p>    <a href=\"https:\/\/www.f-b.no\/martin-ble-evakuert-men-fortsatte-a-jobbe\/v\/5-59-3754003\" class=\"recommend-poster\" data-adp-clicklabel=\"video-recommend\" data-adp-clickvalue=\"poster\" rel=\"nofollow noopener\" target=\"_blank\"><br \/>\n      <img decoding=\"async\" width=\"200\" height=\"200\" loading=\"lazy\" src=\"https:\/\/www.europesays.com\/no\/wp-content\/uploads\/2025\/11\/v-i-ac08a483-31a7-41a2-87c2-a98c93ca7b91-1.jpg\" alt=\"\" class=\"brick-c-cFOWSL\" style=\"--brick-image-ratio: 200 \/ 200;\"\/><\/p>\n<p>Martin ble evakuert \u2013 men fortsatte \u00e5 jobbe0:33<\/p>\n<p>    <\/a><\/p>\n<p>        Du h\u00f8rer hele samtalen med Henrik Troy, der du h\u00f8rer podkast.<br \/>\n        Disse er nominert i kategorien \u00abmote\u00bb<\/p>\n<p>   <img decoding=\"async\" width=\"4961\" height=\"3307\" fetchpriority=\"low\"  loading=\"lazy\"  src=\"https:\/\/www.europesays.com\/no\/wp-content\/uploads\/2025\/11\/cueres_scp-mangler_navn_LkS8n36ct-c_1.jpg\" alt=\"Oslo 20220422. &#10;Portretter av influencer Anniken J\u00f8rgensen, kjent som Annijor p\u00e5 sosiale medier, p\u00e5 Bislett i Oslo.&#10;Foto: H\u00e5kon Mosvold Larsen \/ NTB\" class=\"brick-c-cFOWSL\" style=\"--brick-image-ratio: 4961 \/ 3307;\"\/><\/p>\n<p>      Anniken J\u00f8rgensen er blant de nominerte moteinfluenserne.<br \/>\n      Foto: H\u00e5kon Mosvold Larsen\/NTB\n    <\/p>\n<ul>\n<li>Anniken J\u00f8rgensen &#8211; @annijor<\/li>\n<li>Brede Bremnes &#8211; @bredebremnes<\/li>\n<li>Emma St\u00e4llmark &#8211; @emmstell<\/li>\n<li>Gine Margrethe Qvale &#8211; @ginemargrethe<\/li>\n<li>Ida Broen &#8211; @idabroen<\/li>\n<li>Idunn Vollan &#8211; @idunnvollan<\/li>\n<li>Ingrid Elida Westad &#8211; @ingridelidaw<\/li>\n<li>Jonas Bahri &#8211; @jonasbahri<\/li>\n<li>Kawi S. &#8211; @kawi_.s<\/li>\n<li>Marianne Theodorsen &#8211; @marianne_theodorsen<\/li>\n<li>Nina Sandbech &#8211; @ninasandbech<\/li>\n<li>Nora Fossland Gartland &#8211; @noragartland<\/li>\n<li>Sofie Vollan &#8211; @sofievollan<\/li>\n<li>Tale Torjussen &#8211; @tale_torjussen<\/li>\n<li>Tuva Sandok &#8211; @tuvasandok<\/li>\n<\/ul>\n<p>  <a href=\"https:\/\/www.f-b.no\/5-59-3290154\" class=\"related-teaser has-image default-story-teaser article--c-eRUmMG article--c-eRUmMG-jKCPdD-design-default\" rel=\"nofollow noopener\" target=\"_blank\"><\/p>\n<p>    <img decoding=\"async\" loading=\"lazy\"  src=\"https:\/\/www.europesays.com\/no\/wp-content\/uploads\/2025\/11\/Henrik-hoved.jpg\" alt=\"\" class=\"brick-c-cFOWSL\" style=\"\"\/><\/p>\n<p>\n            Les ogs\u00e5<\/p>\n<p>              \u2013 F\u00f8r jeg visste ordet av det s\u00e5 hadde jeg som en overraskende bieffekt ogs\u00e5 g\u00e5tt ned nesten 25 kilo\n        <\/p>\n<p>  <\/a><br \/>\n  Disse er nominert i kategorien \u00abbeauty\u00bb<\/p>\n<p>   <img decoding=\"async\" width=\"5366\" height=\"3415\" fetchpriority=\"low\"  loading=\"lazy\"  src=\"https:\/\/www.europesays.com\/no\/wp-content\/uploads\/2025\/11\/DSC06053_1.jpg\" alt=\"Fra After Party p\u00e5 Lange Flate Ball\u00e6r 3\" class=\"brick-c-cFOWSL\" style=\"--brick-image-ratio: 5366 \/ 3415;\"\/><\/p>\n<p>      Leah Behn (t.v.) er semifinalist i kategorien \u00abbeauty\u00bb. Her sammen med moren, M\u00e4rtha Louise p\u00e5 premieren p\u00e5 \u00abLange flate ball\u00e6r 3\u00bb i Fredrikstad.<br \/>\n      Foto: Sondre Bernhardsen og Jonas Fjeld Pettersen\n    <\/p>\n<ul>\n<li>Andrea Lynne &#8211; @andrea__lynne<\/li>\n<li>Celina Gretland &#8211; @celinagretland<\/li>\n<li>Daniel Jensen &#8211; @danieljensen_<\/li>\n<li>Emilie T\u00f8mmerberg &#8211; @emilietommerberg<\/li>\n<li>Emma Ellingsen &#8211; @emmaellingsenn<\/li>\n<li>Frida Vatnar Lie &#8211; @fridavatnarlie<\/li>\n<li>Lene Dahl &#8211; @glowwithlene<\/li>\n<li>Ida Gl\u00f8theim Rambraut &#8211; @idaglotheim<\/li>\n<li>Isabella Schack &#8211; @isabellaschack<\/li>\n<li>Jeanette Elise Hildebrandt &#8211; @jealise<\/li>\n<li>Julie Fiala &#8211; @julie_fiala<\/li>\n<li>Leah Behn &#8211; @leah.behn<\/li>\n<li>Mikela Beck &#8211; @mikela.beck<\/li>\n<li>Victoria Emilie L\u00f8ken &#8211; @victoria_emilie<\/li>\n<li>Victoria Sharp &#8211; @victoriasharp_<\/li>\n<\/ul>\n<p>Disse er nominert i kategorien \u00abmat\u00bb<\/p>\n<p>   <img decoding=\"async\" width=\"5760\" height=\"8640\" fetchpriority=\"low\"  loading=\"lazy\"  src=\"https:\/\/www.europesays.com\/no\/wp-content\/uploads\/2025\/11\/cueres_scp-yxargfxlo_y-xarGfXL1o.jpg\" alt=\"Oslo 20250811. &#10;Emilie Voe Nereng deltar i den 21. sesongen av Bloggerne p\u00e5 TV2&#10;Foto: Cornelius Poppe \/ NTB\" class=\"brick-c-cFOWSL\" style=\"--brick-image-ratio: 5760 \/ 8640;\"\/><\/p>\n<p>      Emilie Voe Nereng er semifinalist i kategorien \u00abmat\u00bb.<br \/>\n      Foto: Cornelius Poppe\/NTB\n    <\/p>\n<ul>\n<li>Anniken B\u00e6vre &#8211; @annikenbavre<\/li>\n<li>August og Martin &#8211; @augustogmartin<\/li>\n<li>Emilie Voe Nereng &#8211; @emilienutrition<\/li>\n<li>Fysenpaa &#8211; @fysenpaa<\/li>\n<li>Helle \u00d8rbeck &#8211; @helleorbeck<\/li>\n<li>Ida Gran Jansen &#8211; @idagranjansen<\/li>\n<li>Jan Henrik Syvertsen &#8211; @gladkokken<\/li>\n<li>Karina og Mari &#8211; @matklubbentrondheim<\/li>\n<li>Kristoffer Kaayne Kaalsaas &#8211; @kaaynelagermat<\/li>\n<li>Kristoffer Tvilde &#8211; @krisslovesfood<\/li>\n<li>Linda Stuhaug &#8211; @lindastuhaug<\/li>\n<li>Mathea Bj\u00f8rndalen &#8211; @matheaeb<\/li>\n<li>Ole Sirnes &#8211; olesirnes<\/li>\n<li>Sultnegutter &#8211; @fsultnegutter<\/li>\n<li>Warunee Bolstad &#8211; @namfonfoods<\/li>\n<\/ul>\n<p>Disse er nominert i kategorien \u00abinteri\u00f8r, bolig og uterom\u00bb<\/p>\n<p>   <img decoding=\"async\" width=\"4923\" height=\"7384\" fetchpriority=\"low\"  loading=\"lazy\"  src=\"https:\/\/www.europesays.com\/no\/wp-content\/uploads\/2025\/11\/cueres_scp-mangler_navn_gBFA6KmIOk0.jpg\" alt=\"Oslo 20250131. &#10;Maren Baxter p\u00e5 r\u00f8d l\u00f8per f\u00f8r utdelingen av Vixen Awards 2024. Prisutdelingen foreg\u00e5r p\u00e5 Radisson Blu Plaza Hotel i Oslo fredag.&#10;Foto: Amanda Pedersen Giske \/ NTB\" class=\"brick-c-cFOWSL\" style=\"--brick-image-ratio: 4923 \/ 7384;\"\/><\/p>\n<p>      Maren Baxter er nominert i kategorien \u00abinteri\u00f8r, bolig og uterom\u00bb.<br \/>\n      Foto: Amanda Pedersen Giske\/NTB\n    <\/p>\n<ul>\n<li>Birthe Kildal &#8211; @villakildal<\/li>\n<li>Camilla Bakken &#8211; @camilllaBakken<\/li>\n<li>Daria Klovholt &#8211; @dariaklovholt<\/li>\n<li>Espen Skarphagen &#8211; @skarpihagen.no<\/li>\n<li>Hagenbakhuset &#8211; @hagenbakhuset<\/li>\n<li>Ida Dragland &#8211; @ida_dragland<\/li>\n<li>Interi\u00f8rr\u00e5det &#8211; @interior_raadet<\/li>\n<li>Kine Vinje &#8211; @kinevinje<\/li>\n<li>Kristin Lindhjem &#8211; @studiolindhjem<\/li>\n<li>Lena Hoftvedt &#8211; @lenas_cottage_home_garden<\/li>\n<li>Maren Baxter &#8211; @marenbaxter<\/li>\n<li>Marianne Hage Kinder &#8211; @mariannehagakinder_<\/li>\n<li>Monica Fjeld &#8211; @monicafjeld.interior<\/li>\n<li>Renate Lotentzen &#8211; @casachicks<\/li>\n<li>Solveig Westerberg &#8211; @solis_bohemian<\/li>\n<\/ul>\n<p>Disse er nominert i kategorien \u00absport og trening\u00bb<\/p>\n<p>   <img decoding=\"async\" width=\"3500\" height=\"2334\" fetchpriority=\"low\"  loading=\"lazy\"  src=\"https:\/\/www.europesays.com\/no\/wp-content\/uploads\/2025\/11\/cueres_scp-mangler_navn_sk4AMSmvlpA.jpg\" alt=\"Emil Gukild Premierefest \u00abI fyr og flamme\u00bb 25. januar 2023&#10;&#10;Bildet kan kun brukes av media i forbindelse med omtale av TV 2 eller TV 2s programmer.&#10;Foto: Espen Solli\/TV 2\" class=\"brick-c-cFOWSL\" style=\"--brick-image-ratio: 3500 \/ 2334;\"\/><\/p>\n<p>      Emil Gukild er semifinalist i kategorien \u00absport og trening\u00bb.<br \/>\n      Foto: Espen Solli\/TV2\/NTB\n    <\/p>\n<ul>\n<li>Andreas Stokkeland &#8211; @maksprestasjon<\/li>\n<li>Camilla Lorentzen &#8211; @camillalor<\/li>\n<li>Emil Gukild &#8211; @emilgukild<\/li>\n<li>Helene Celine Sj\u00f8berg &#8211; @heleneceline<\/li>\n<li>Ina Mikalsen &#8211; @inamoor<\/li>\n<li>Iver Anton Kronstad &#8211; @iveranton<\/li>\n<li>J\u00f8rgine Vasstrand &#8211; @funkygine<\/li>\n<li>Kasper Kvello &#8211; @styrketreneren<\/li>\n<li>Magnus Midtb\u00f8 &#8211; @magmidt<\/li>\n<li>Malin Killie-Grenasberg &#8211; @malinshelsereise<\/li>\n<li>Mia Wals\u00f8e Lehn &#8211; @miawalsoee<\/li>\n<li>Pia Seeberg &#8211; @piaseeberg<\/li>\n<li>Synne Martine Myrhe &#8211; @synneruns<\/li>\n<li>Camilla Aastorp Andersen &#8211; @treningsfrue<\/li>\n<li>Yana Strese &#8211; @running.yana<\/li>\n<\/ul>\n<p>  <a href=\"https:\/\/www.f-b.no\/5-59-2946408\" class=\"related-teaser has-image default-story-teaser article--c-eRUmMG article--c-eRUmMG-jKCPdD-design-default\" rel=\"nofollow noopener\" target=\"_blank\"><\/p>\n<p>    <img decoding=\"async\" loading=\"lazy\"  src=\"https:\/\/www.europesays.com\/no\/wp-content\/uploads\/2025\/11\/Marty+Podkast%2C+med+Elias+Omberg+%284+of+5%29.jpg\" alt=\"\" class=\"brick-c-cFOWSL\" style=\"\"\/><\/p>\n<p>\n            Les ogs\u00e5<\/p>\n<p>              Elias (19) grilles om dagens drikkekultur: \u2013 Veldig svart-hvitt\n        <\/p>\n<p>  <\/a><br \/>\n  Disse er nominert i kategorien \u00abreise og friluftsliv\u00bb<\/p>\n<ul>\n<li>Anna T. Takle &#8211; @annatakle<\/li>\n<li>Elias og Kajsa &#8211; @eliasandkajsa<\/li>\n<li>Fredrik Strenmark &#8211; @dreamtravelvoyages<\/li>\n<li>Helene Myrhe &#8211; @helenemoo<\/li>\n<li>Helene og Jonas Svendsen Rajesan &#8211; @norwegiantravelcouple<\/li>\n<li>Johan Haugsrud &#8211; @explorewithjohan<\/li>\n<li>Johanne S. Refseth &#8211; @psykolog.med.sovepose<\/li>\n<li>Kajsa Bentesdatter Sande &#8211; @Kajsasande<\/li>\n<li>Karen Kylles\u00f8 &#8211; @friluftsjenta<\/li>\n<li>Lars Grymyr &#8211; @larsgrymyr<\/li>\n<li>Lene Marie G\u00e5sbakk &#8211; @gossegoss<\/li>\n<li>Mette Alstad &#8211; @mette.sanker<\/li>\n<li>Runa Aasheim &#8211; @runaaasheim<\/li>\n<li>Thomas Jarolics &#8211; @becomenorwegian<\/li>\n<\/ul>\n<p>  <a href=\"https:\/\/www.f-b.no\/5-59-3454308\" class=\"related-teaser has-image default-story-teaser article--c-eRUmMG article--c-eRUmMG-jKCPdD-design-default\" rel=\"nofollow noopener\" target=\"_blank\"><\/p>\n<p>    <img decoding=\"async\" loading=\"lazy\"  src=\"https:\/\/www.europesays.com\/no\/wp-content\/uploads\/2025\/11\/Hovedbilde1.jpg\" alt=\"\" class=\"brick-c-cFOWSL\" style=\"\"\/><\/p>\n<p>\n            Les ogs\u00e5<\/p>\n<p>              Henrik (41) er nominert til to Vixen Awards: \u2013 Jeg har vel funnet formen min\n        <\/p>\n<p>  <\/a><br \/>\n  Disse er nominert i kategorien \u00ablivsstil\u00bb<\/p>\n<p>   <img decoding=\"async\" width=\"5154\" height=\"3436\" fetchpriority=\"low\"  loading=\"lazy\"  src=\"https:\/\/www.europesays.com\/no\/wp-content\/uploads\/2025\/11\/cueres_scp-mangler_navn_LBcJVk4CCNw.jpg\" alt=\"Oslo 20250614. &#10;Kristin Gjelsvik p\u00e5 r\u00f8d l\u00f8per under VG-lista Topp 40 R\u00e5dhusplassen 2025.&#10;Foto: Tor Erik Schr\u00f8der \/ NTB\" class=\"brick-c-cFOWSL\" style=\"--brick-image-ratio: 5154 \/ 3436;\"\/><\/p>\n<p>      Kristin Gjelsvik er semifinalist i kategorien \u00ablivsstil\u00bb.<br \/>\n      Foto: Tor Erik Schr\u00f8der\/NTB\n    <\/p>\n<ul>\n<li>Amalie Kristoffersen &#8211; @amalkris<\/li>\n<li>Betina Claesson &#8211; @betina.claesson<\/li>\n<li>Emilie Voe Nereng &#8211; @emilienutrition<\/li>\n<li><b>Hanna-Martine Sl\u00e5ttland Baller &#8211; @hannamartinee <\/b><b>(fra Sarpsborg)<\/b><\/li>\n<li>Helle Staff &#8211; @helle_nordby<\/li>\n<li>Iver Anton Kronstad &#8211; @iveranton<\/li>\n<li>Jenny Huse &#8211; @jennyhuse1<\/li>\n<li>Karoline Kr\u00f8vel &#8211; @karokul<\/li>\n<li>Kasper Kvello &#8211; @styrketreneren<\/li>\n<li>Kristin Gjelsvik &#8211; @kristingjelsvik<\/li>\n<li>Kristjana Vera Mjallard\u00f3ttir &#8211; @kristjanavera<\/li>\n<li>Mads Clemmetsen &#8211; @madspuseropp<\/li>\n<li>Maren Erdvik &#8211; @marenerdvik<\/li>\n<li>Pia Hasund Vareberg &#8211; @pia_hasund_vareberg<\/li>\n<\/ul>\n<p>Disse er nominert i kategorien \u00abunderholdning\u00bb<\/p>\n<p>   <img decoding=\"async\" width=\"9113\" height=\"6076\" fetchpriority=\"low\"  loading=\"lazy\"  src=\"https:\/\/www.europesays.com\/no\/wp-content\/uploads\/2025\/11\/cueres_scp-mangler_navn_WY-Vcfy_Ye4.jpg\" alt=\"Oslo 20220810. &#10;Javad el Bakali gir ut boka \u00abDette er nordmenn\u00bb p\u00e5 Kagge forlag denne h\u00f8sten.&#10;Foto: Ole Berg-Rusten \/ NTB\" class=\"brick-c-cFOWSL\" style=\"--brick-image-ratio: 9113 \/ 6076;\"\/><\/p>\n<p>      Javad el Bakali er semifinalist i kategorien \u00abunderholdning\u00bb.<br \/>\n      Foto: Ole Berg-Rusten\/NTB\n    <\/p>\n<ul>\n<li>Emil Alex &#8211; @emilalex<\/li>\n<li>Handicrapcrew &#8211; @handicrapcrew<\/li>\n<li>Henrik Schatvet &#8211; @henrikschatvet<\/li>\n<li>H\u00e5kon Stokke &#8211; @hakonstokke<\/li>\n<li>Javad el Bakali &#8211; @utlending.memes<\/li>\n<li>Johanne Massey &#8211; @johannemasseyy<\/li>\n<li>J\u00f8rgen Holst-Larsen &#8211; @jorgen.hl<\/li>\n<li>Kjetil Krogstad &#8211; @kjetil.krogstad<\/li>\n<li>Lars Henriksen &#8211; @larshenriksen<\/li>\n<li>Malene Elfrid Ingebrigtsen &#8211; @maleneing<\/li>\n<li>Oliver Bergset &#8211; @oliverbergset<\/li>\n<li>Ruben Elias &#8211; @rubenwelias<\/li>\n<li>Tigergutt &#8211; @tigergutt.101<\/li>\n<li>Trygve Brennetsen &#8211; @trygvebennetsen<\/li>\n<\/ul>\n<p>Disse er nominert i kategorien \u00abkunnskap\u00bb<\/p>\n<p>   <img decoding=\"async\" width=\"8994\" height=\"6054\" fetchpriority=\"low\"  loading=\"lazy\"  src=\"https:\/\/www.europesays.com\/no\/wp-content\/uploads\/2025\/11\/NTB_gbokjJyOn9Y.jpg\" alt=\"\" class=\"brick-c-cFOWSL\" style=\"--brick-image-ratio: 8994 \/ 6054;\"\/><\/p>\n<p>      Vinanmelder Ingvild Tennfjord er semifinalist i kategorien \u00abkunnskap\u00bb.<br \/>\n      Foto: Ole Berg-Rusten\/NTB\n    <\/p>\n<ul>\n<li>Alexander H Sandtorv &#8211; @dr_sandtorv<\/li>\n<li>Andreas W\u00e4hl &#8211; @andreas__wahl<\/li>\n<li>Fredrik Fornes &#8211; @fredrikfornes<\/li>\n<li>Gard Lilledal Andersen &#8211; @geologard<\/li>\n<li>Hanne-Lene Dahlgren &#8211; @hannelenedahlgren<\/li>\n<li>Ingvild Tennfjord &#8211; @ingvildtennfjord<\/li>\n<li>Kornelia Minsaas &#8211; @kminsaas<\/li>\n<li>Magne P. Flemmen &#8211; @mpflemmen<\/li>\n<li>Malin Garnes &#8211; @jussnakk<\/li>\n<li>Maria Abrahamsen &#8211; @psyktdeg<\/li>\n<li>Martin Berggren Nilsen &#8211; @soppfotografen<\/li>\n<li>Mette Alstad &#8211; @mette.sanker<\/li>\n<li>Nora Steenberg &#8211; @historikersteenberg<\/li>\n<li>Thea Engvik &#8211; @theasmaker<\/li>\n<li>Tor-H\u00e5kon Gabriel H\u00e5vardsen &#8211; @booksbyth<\/li>\n<\/ul>\n<p>  <a href=\"https:\/\/www.f-b.no\/5-59-3168010\" class=\"related-teaser has-image default-story-teaser article--c-eRUmMG article--c-eRUmMG-jKCPdD-design-default\" rel=\"nofollow noopener\" target=\"_blank\"><\/p>\n<p>    <img decoding=\"async\" loading=\"lazy\"  src=\"https:\/\/www.europesays.com\/no\/wp-content\/uploads\/2025\/11\/Hovedbilde1.jpg\" alt=\"\" class=\"brick-c-cFOWSL\" style=\"\"\/><\/p>\n<p>\n            Les ogs\u00e5<\/p>\n<p>              Fra klassens klovn til Insta-klovn\n        <\/p>\n<p>  <\/a><br \/>\n  Disse er nominert i kategorien \u00abhelse\u00bb<\/p>\n<p>   <img decoding=\"async\" width=\"7687\" height=\"5125\" fetchpriority=\"low\"  loading=\"lazy\"  src=\"https:\/\/www.europesays.com\/no\/wp-content\/uploads\/2025\/11\/cueres_scp-mangler_navn_Wc3aX0PdDsA.jpg\" alt=\"Oslo 20240209. &#10;Frida Marie Grande k\u00e5res til \u00e5rets influenser under Vixen Awards 2023. &#10;Prisutdelingen foreg\u00e5r p\u00e5 Clarion Hotel The Hub i Oslo fredag.&#10;Foto: Javad Parsa \/ NTB\" class=\"brick-c-cFOWSL\" style=\"--brick-image-ratio: 7687 \/ 5125;\"\/><\/p>\n<p>      Frida Marie Grande er semifinalist i kategorien \u00abhelse\u00bb.<br \/>\n      Foto: Javad Parsa\/NTB\n    <\/p>\n<ul>\n<li>Anastasia Skotnikova &#8211; @anastasiaskotnikova<\/li>\n<li>Camilla Lorenzen &#8211; @camillalor<\/li>\n<li>Celine Michelsen &#8211; @celine_michelsen<\/li>\n<li>Eystein Hellstr\u00f8m Hoddevik &#8211; @dr.eystein<\/li>\n<li>Fredrik Fornes &#8211; @fredrikfornes<\/li>\n<li>Frida Marie Grande &#8211; @fridamariegrande<\/li>\n<li>Handicrapcrew &#8211; @handicrapcrew<\/li>\n<li>Hanne-Lene Dahlgren &#8211; @hannelenedahlgren<\/li>\n<li>Luna Anette &#8211; @lunaanette<\/li>\n<li>Maria Abrahamsen &#8211; @psyktdeg<\/li>\n<li>Nohman Ishaq &#8211; @dr.nohmanishaq<\/li>\n<li>Nutritac &#8211; @nutritac<\/li>\n<li>Pia Hasund Vareberg &#8211; @pia_hasund_vareberg<\/li>\n<li>Wasim Zahid &#8211; @wasimzahid<\/li>\n<li>Wiktoria Banasiak &#8211; @wikibanan<\/li>\n<\/ul>\n<p>    Vil du se neste video?<\/p>\n<p>    <a href=\"https:\/\/www.f-b.no\/martin-ble-evakuert-men-fortsatte-a-jobbe\/v\/5-59-3754003\" class=\"recommend-poster\" data-adp-clicklabel=\"video-recommend\" data-adp-clickvalue=\"poster\" rel=\"nofollow noopener\" target=\"_blank\"><br \/>\n      <img decoding=\"async\" width=\"200\" height=\"200\" loading=\"lazy\" src=\"https:\/\/www.europesays.com\/no\/wp-content\/uploads\/2025\/11\/v-i-ac08a483-31a7-41a2-87c2-a98c93ca7b91-1.jpg\" alt=\"\" class=\"brick-c-cFOWSL\" style=\"--brick-image-ratio: 200 \/ 200;\"\/><\/p>\n<p>Martin ble evakuert \u2013 men fortsatte \u00e5 jobbe0:33<\/p>\n<p>    <\/a><\/p>\n<p>        19 \u00e5r gamle Elias Ombergs video er blitt sett av flere hundre tusen p\u00e5 Tiktok. Elias er kampsportut\u00f8ver, artist og for tiden i milit\u00e6ret.<br \/>\n        Disse er nominert i kategorien \u00abstjerneskudd\u00bb<\/p>\n<p>   <img decoding=\"async\" width=\"2604\" height=\"3907\" fetchpriority=\"low\"  loading=\"lazy\"  src=\"https:\/\/www.europesays.com\/no\/wp-content\/uploads\/2025\/11\/cueres_scp-mangler_navn_9chWsbGtEC0.jpg\" alt=\"Oslo 20250921. &#10;Mikkel Munthe fra Team P\u00f8lsa etter utdelingen av Se og H\u00f8rs Reality Awards p\u00e5 Ambassaden i Oslo s\u00f8ndag kveld.&#10;Foto: Thomas Fure \/ NTB\" class=\"brick-c-cFOWSL\" style=\"--brick-image-ratio: 2604 \/ 3907;\"\/><\/p>\n<p>      Mikkel Munthe fra \u00abTeam P\u00f8lsa\u00bb er semifinalist i kategorien \u00abstjerneskudd\u00bb.<br \/>\n      Foto: Thomas Fure\/NTB\n    <\/p>\n<ul>\n<li>Amalie Kristoffersen &#8211; @amalkris<\/li>\n<li>Handicrapcrew &#8211; @handicrapcrew<\/li>\n<li>H\u00e5kon Stokke &#8211; @hakonstokke<\/li>\n<li>Ida Arensen &#8211; @idaliksom<\/li>\n<li>Julie Thorsen &#8211; @ektejulie<\/li>\n<li>Lea Steen Kl\u00e6boe &#8211; @leaasteen<\/li>\n<li>Lukas Aasb\u00f8 &#8211; @lukasaasbo<\/li>\n<li>Mathea Bj\u00f8rndalen &#8211; @matheaeb<\/li>\n<li>Mikkel Munthe &#8211; @mikkelmunthe<\/li>\n<li>Nora Anette Baller &#8211; @noraballler<\/li>\n<li>Pia Hasund Vareberg &#8211; @pia_hasund_vareberg<\/li>\n<li>Rakel Berntzen &#8211; @rakel_berntzen<\/li>\n<li>Ruben Elias &#8211; @rubenwelias<\/li>\n<li>Temu-vikaren &#8211; @temuvikaren<\/li>\n<li>Theo Dahl &#8211; @theodahl<\/li>\n<\/ul>\n<p>Disse er nominert i kategorien \u00abb\u00e6rekraft\u00bb (jurybestemt)<\/p>\n<p>   <img decoding=\"async\" width=\"3936\" height=\"2624\" fetchpriority=\"low\"  loading=\"lazy\"  src=\"https:\/\/www.europesays.com\/no\/wp-content\/uploads\/2025\/11\/cueres_scp-mangler_navn_xhF2Q9LnKIg.jpg\" alt=\"Oslo 20230127. &#10;Jenny Skavlan ble k\u00e5ret til \u00e5rets moteinfluenser under Vixen awards 2022 p\u00e5 den Gamle Logen Oslo.&#10;Foto: Lise \u00c5serud \/ NTB\" class=\"brick-c-cFOWSL\" style=\"--brick-image-ratio: 3936 \/ 2624;\"\/><\/p>\n<p>      Jenny Skavlan er semifinalist i kategorien \u00abb\u00e6rekraft\u00bb.<br \/>\n      Foto: Lise \u00c5serud\/NTB\n    <\/p>\n<ul>\n<li>Alexander Sandtorv &#8211; @dr_sandtorv<\/li>\n<li>Anja Pisano-Riise &#8211; @riiseanja<\/li>\n<li>Dordi Boksasp Lerum &#8211; @dordi_lerum<\/li>\n<li>Fr\u00f8ya Skjold Sjurs\u00e6ther &#8211; @froyasjursaether<\/li>\n<li>F\u00e6brik &#8211; @jointhefaebrik<\/li>\n<li>Hanne-Lene Dahlren &#8211; @hannelenesahlgren<\/li>\n<li>Ingrid Vik Lysne &#8211; @ingridviklysne<\/li>\n<li>Jenny Skavlan &#8211; @jennyskavlan<\/li>\n<li>Karen Elene Thorsen &#8211; @fattig.student<\/li>\n<li>Kimiya Sajjadi &#8211; @kimiyasajjadi<\/li>\n<li>Kornelia Minsaas &#8211; @kminsaas<\/li>\n<li>Kristoffer Tvilde &#8211; @krisslovesfood<\/li>\n<li>Lise Wolden &#8211; @lisewolden<\/li>\n<li>Selene Fjellvang Lie &#8211; @selenelie<\/li>\n<li>Torjus Under Bredvold &#8211; @hattekokken<\/li>\n<\/ul>\n<p>  <a href=\"https:\/\/www.f-b.no\/5-59-3608214\" class=\"related-teaser has-image default-story-teaser article--c-eRUmMG article--c-eRUmMG-jKCPdD-design-default\" rel=\"nofollow noopener\" target=\"_blank\"><\/p>\n<p>    <img decoding=\"async\" loading=\"lazy\"  src=\"https:\/\/www.europesays.com\/no\/wp-content\/uploads\/2025\/11\/Henrik_Troy_ERHA-2398.jpg\" alt=\"\" class=\"brick-c-cFOWSL\" style=\"\"\/><\/p>\n<p>\n            Les ogs\u00e5<\/p>\n<p>              K\u00f8ddekongen fra Torp &#8211; Henrik Troy\n        <\/p>\n<p>  <\/a><br \/>\n  Disse er nominert i kategorien \u00ab\u00e5rets forbilde\u00bb<\/p>\n<p>   <img decoding=\"async\" width=\"3710\" height=\"5563\" fetchpriority=\"low\"  loading=\"lazy\"  src=\"https:\/\/www.europesays.com\/no\/wp-content\/uploads\/2025\/11\/cueres_scp-mangler_navn_k0EujaEJr7A.jpg\" alt=\"Oslo 20250305. &#10;Martine Halvorsen p\u00e5 r\u00f8d l\u00f8per f\u00f8r utdelingen av av Villoid-prisen: \u00c5rets kvinne 2025. Prisen deles ut p\u00e5 Villoid T\u00e5rnhuset i Oslo onsdag kveld.&#10;Foto: Amanda Pedersen Giske \/ NTB\" class=\"brick-c-cFOWSL\" style=\"--brick-image-ratio: 3710 \/ 5563;\"\/><\/p>\n<p>      Martine Halvorsen er semifinalist i kategorien \u00ab\u00e5rets forbilde\u00bb.<br \/>\n      Foto: Amanda Pedersen Giske\/NTB\n    <\/p>\n<ul>\n<li>Gard \u00d8ksendal &#8211; @mankegard<\/li>\n<li>Handicrapcrew &#8211; @handicrapcrew<\/li>\n<li><b>Hanna-Martine Baller &#8211; @hannamartinee <\/b><b>(fra Sarpsborg)<\/b><\/li>\n<li>Kasper Kvello &#8211; @styrketreneren<\/li>\n<li>Line Victoria Huseby-S\u00f8rensen &#8211; @linevictoriahusby<\/li>\n<li>Maren Erdvik &#8211; @marenerdvik<\/li>\n<li>Maria E. T\u00f8r\u00f8 Sivertsen &#8211; @lifewith_addison<\/li>\n<li>Martine Halvorsen &#8211; @martine.halvs<\/li>\n<li>Oliver Bergset &#8211; @oliverbergset<\/li>\n<li>Pia Hasund Vareberg &#8211; @pia_hasun_vareberg<\/li>\n<li>Selene Fjellvang Lie &#8211; @selenelie<\/li>\n<\/ul>\n<p>Disse er nominert i kategorien \u00abbusiness\u00bb (jurybestemt)<\/p>\n<p>   <img decoding=\"async\" width=\"1085\" height=\"1085\" fetchpriority=\"low\"  loading=\"lazy\"  src=\"https:\/\/www.europesays.com\/no\/wp-content\/uploads\/2025\/11\/24nyhkvinneliggrunder.jpg\" alt=\"\" class=\"brick-c-cFOWSL\" style=\"--brick-image-ratio: 1085 \/ 1085;\"\/><\/p>\n<p>      Marit R\u00f8ttingsnes Westlie fra Rakkestad er semifinalist i kategorien \u00abbusiness\u00bb.<br \/>\n      Foto: Privat\n    <\/p>\n<ul>\n<li>Ane Farstad &#8211; @anefarstad<\/li>\n<li>Anniken J\u00f8rgensen &#8211; @annijor<\/li>\n<li>Camilla Lorentzen &#8211; @camillalor<\/li>\n<li>Camilla Pihl &#8211; @camillapihl<\/li>\n<li>Emilie Voe Nereng &#8211; @emilienutrition<\/li>\n<li>Fredrik Fornes &#8211; @fredrikfornes<\/li>\n<li>F\u00e6brik &#8211; @jointhefaebrik<\/li>\n<li>Helene Myhre &#8211; @helenemoo<\/li>\n<li>Isabel Raad &#8211; @isabellsraad<\/li>\n<li>J\u00f8rgine Vasstrand &#8211; @funkygine<\/li>\n<li>Leah Behn &#8211; @leah.behn<\/li>\n<li><b>Marit R\u00f8ttingsnes Westlie &#8211; @maritrwestlie (fra Rakkestad)<\/b><\/li>\n<li>Mikela Beck &#8211; @miklea.beck<\/li>\n<li>Sara Emilie Tandberg &#8211; @saraaemiliee<\/li>\n<li>Sophie Elise Isachsen &#8211; @sophieelise<\/li>\n<\/ul>\n<p>  <a href=\"https:\/\/www.f-b.no\/5-59-2886217\" class=\"related-teaser has-image default-story-teaser article--c-eRUmMG article--c-eRUmMG-jKCPdD-design-default\" rel=\"nofollow noopener\" target=\"_blank\"><\/p>\n<p>    <img decoding=\"async\" loading=\"lazy\"  src=\"https:\/\/www.europesays.com\/no\/wp-content\/uploads\/2025\/11\/1763805146_524_image0+%282%29.jpeg\" alt=\"\" class=\"brick-c-cFOWSL\" style=\"\"\/><\/p>\n<p>\n            Les ogs\u00e5<\/p>\n<p>              Elias (19): \u2013 Skal \u00abhookup-kulturen\u00bb endre seg, m\u00e5 jentene \u00f8ke standarden sin\n        <\/p>\n<p>  <\/a><br \/>\n  Disse er nominert i kategorien \u00abfolkets favoritt\u00bb<\/p>\n<p>   <img decoding=\"async\" width=\"4000\" height=\"6000\" fetchpriority=\"low\"  loading=\"lazy\"  src=\"https:\/\/www.europesays.com\/no\/wp-content\/uploads\/2025\/11\/cueres_scp-mangler_navn_6T9M4D_7F78.jpg\" alt=\"Oslo 20230127. &#10;Monica Nyhus under Vixen awards 2022 p\u00e5 den Gamle Logen Oslo.&#10;Foto: Lise \u00c5serud \/ NTB&#10;\" class=\"brick-c-cFOWSL\" style=\"--brick-image-ratio: 4000 \/ 6000;\"\/><\/p>\n<p>      Monica Nyhus er semifinalist i kategorien \u00abfolkets favoritt\u00bb.<br \/>\n      Foto: Lise \u00c5serud\/NTB\n    <\/p>\n<ul>\n<li>Christina Ygre Skorve &#8211; @christinaskorve<\/li>\n<li>Handicrapcrew &#8211; @handicrapcrew<\/li>\n<li><b>Hanna-Martine Sl\u00e5ttland Baller &#8211; @hannamartinee (fra Sarpsborg)<\/b><\/li>\n<li>Hege Zaar \u00d8fsti &#8211; @hegezaar<\/li>\n<li>Juliett Helen Rye &#8211; @julietthelenerye<\/li>\n<li>Mads Clemmetsen &#8211; @madspusseropp<\/li>\n<li>Malene Elfrid Ingebrigtsen &#8211; @maleneing<\/li>\n<li>Monica Nyhus &#8211; @monica.nyhus<\/li>\n<li>Nina M. Ruden &#8211; @ninamruden<\/li>\n<li>Pia Hasund Vareberg &#8211; @pia_hasund_vareberg<\/li>\n<li>Renate Lorentzen &#8211; @casachicks<\/li>\n<li>Sara Emilie Tandberg &#8211; @saraaemiliee<\/li>\n<li>Selene Fjellvang Lie &#8211; @selenelie<\/li>\n<li>Stine Skoli &#8211; @stineskoli<\/li>\n<li>Temu-vikaren &#8211; @temuvikaren<\/li>\n<li>Therese Lien &#8211; @therese.lien<\/li>\n<\/ul>\n<p>  <a href=\"https:\/\/www.f-b.no\/5-59-2304093\" class=\"related-teaser has-image default-story-teaser article--c-eRUmMG article--c-eRUmMG-jKCPdD-design-default\" rel=\"nofollow noopener\" target=\"_blank\"><\/p>\n<p>    <img decoding=\"async\" loading=\"lazy\"  src=\"https:\/\/www.europesays.com\/no\/wp-content\/uploads\/2025\/11\/omberg+2.jpeg\" alt=\"\" class=\"brick-c-cFOWSL\" style=\"\"\/><\/p>\n<p>\n            Les ogs\u00e5<\/p>\n<p>              Elias (17) var p\u00e5 sommerferie i Spania &#8211; vant to gullmedaljer\n        <\/p>\n<p>  <\/a><\/p>\n<p>  <a href=\"https:\/\/www.f-b.no\/5-59-2191383\" class=\"related-teaser has-image default-story-teaser article--c-eRUmMG article--c-eRUmMG-jKCPdD-design-default\" rel=\"nofollow noopener\" target=\"_blank\"><\/p>\n<p>    <img decoding=\"async\" loading=\"lazy\"  src=\"https:\/\/www.europesays.com\/no\/wp-content\/uploads\/2025\/11\/Skjermbilde+2021-03-11+kl.+13.41.27.png\" alt=\"\" class=\"brick-c-cFOWSL\" style=\"\"\/><\/p>\n<p>\n            Les ogs\u00e5<\/p>\n<p>              Kampsportut\u00f8ver Elias (17) har begynt \u00e5 skrive dikt og sangtekster\n        <\/p>\n<p>  <\/a><\/p>\n","protected":false},"excerpt":{"rendered":"Publikum har nominert rekordmange til de ulike grenene innenfor influenserprisen Vixen Awards 2025. N\u00e5 er semifinalistene i mange&hellip;\n","protected":false},"author":2,"featured_media":93624,"comment_status":"","ping_status":"","sticky":false,"template":"","format":"standard","meta":{"footnotes":""},"categories":[10],"tags":[36,11947,20,21,12163,24,25,15,12162,12161,6667,282,22,23,13,30,28,29,14,16,12164,1510,26,27,10562],"class_list":{"0":"post-93623","1":"post","2":"type-post","3":"status-publish","4":"format-standard","5":"has-post-thumbnail","7":"category-norge","8":"tag-art","9":"tag-borge","10":"tag-breaking-news","11":"tag-breakingnews","12":"tag-elias-omberg","13":"tag-featured-news","14":"tag-featurednews","15":"tag-headlines","16":"tag-henrik-troy","17":"tag-influensere","18":"tag-krakeroy","19":"tag-kultur-underholdning","20":"tag-latest-news","21":"tag-latestnews","22":"tag-news","23":"tag-no","24":"tag-norge","25":"tag-norway","26":"tag-nyheter","27":"tag-overskrifter","28":"tag-ostsiden","29":"tag-story","30":"tag-top-stories","31":"tag-topstories","32":"tag-torp"},"share_on_mastodon":{"url":"https:\/\/pubeurope.com\/@no\/115592741215967100","error":""},"_links":{"self":[{"href":"https:\/\/www.europesays.com\/no\/wp-json\/wp\/v2\/posts\/93623","targetHints":{"allow":["GET"]}}],"collection":[{"href":"https:\/\/www.europesays.com\/no\/wp-json\/wp\/v2\/posts"}],"about":[{"href":"https:\/\/www.europesays.com\/no\/wp-json\/wp\/v2\/types\/post"}],"author":[{"embeddable":true,"href":"https:\/\/www.europesays.com\/no\/wp-json\/wp\/v2\/users\/2"}],"replies":[{"embeddable":true,"href":"https:\/\/www.europesays.com\/no\/wp-json\/wp\/v2\/comments?post=93623"}],"version-history":[{"count":0,"href":"https:\/\/www.europesays.com\/no\/wp-json\/wp\/v2\/posts\/93623\/revisions"}],"wp:featuredmedia":[{"embeddable":true,"href":"https:\/\/www.europesays.com\/no\/wp-json\/wp\/v2\/media\/93624"}],"wp:attachment":[{"href":"https:\/\/www.europesays.com\/no\/wp-json\/wp\/v2\/media?parent=93623"}],"wp:term":[{"taxonomy":"category","embeddable":true,"href":"https:\/\/www.europesays.com\/no\/wp-json\/wp\/v2\/categories?post=93623"},{"taxonomy":"post_tag","embeddable":true,"href":"https:\/\/www.europesays.com\/no\/wp-json\/wp\/v2\/tags?post=93623"}],"curies":[{"name":"wp","href":"https:\/\/api.w.org\/{rel}","templated":true}]}}