{"id":93626,"date":"2025-11-22T09:54:40","date_gmt":"2025-11-22T09:54:40","guid":{"rendered":"https:\/\/www.europesays.com\/no\/93626\/"},"modified":"2025-11-22T09:54:40","modified_gmt":"2025-11-22T09:54:40","slug":"jesper-mathisen-og-trine-mjaland-gifter-seg-pa-liveshow-i-kristiansand","status":"publish","type":"post","link":"https:\/\/www.europesays.com\/no\/93626\/","title":{"rendered":"Jesper Mathisen og Trine Mj\u00e5land gifter seg p\u00e5 liveshow i Kristiansand"},"content":{"rendered":"<p class=\"kicker \" style=\"\">Jesper Mathisen:<\/p>\n<p>  F\u00e6drelandsvennen: &#8211; Jesper Mathisen og Trine Mj\u00e5land giftet seg p\u00e5 liveshow.<\/p>\n<p>\n    GIFTET SEG: Jesper Mathisen har giftet seg med Trine Mj\u00e5land. Foto: Fredrik Varfjell \/ NTB\n  <\/p>\n<p class=\"no_italic m-no_italic\" data-lab-italic=\"\">&#8211; Bryllupssjokk, melder <a href=\"https:\/\/www.fvn.no\/sport\/i\/16PM7X\/sjokkerte-paa-scenen-jesper-mathisen-og-trine-mjaaland-giftet-seg-paa-liveshow\" rel=\"nofollow noopener\" target=\"_blank\">F\u00e6drelandsvennen <\/a>torsdag kveld.<\/p>\n<p>If\u00f8lge avisen har TV 2s fotballekspert Jesper Mathisen (38) giftet seg med Trine Mj\u00e5land.<\/p>\n<p>De ga hverandre sitt ja p\u00e5 en scene i Kristiansand foran tusen jublende gjester, if\u00f8lge <a href=\"https:\/\/www.nrk.no\/sorlandet\/her-gifter-jesper-mathisen-seg-foran-1000-tilskuere-pa-livepodkast-1.17661518\" rel=\"nofollow noopener\" target=\"_blank\">NRK<\/a>. Anledningen var juleshowet til TV 2-podkasten \u00abB-laget\u00bb.<\/p>\n<p>        NYTT TILSKUDD: Under \u00e5pningen av det nye hotellkonseptet til Petter Stordalen og Christian Ringnes, tar \u00e5pningstalen en uventet vri. Video: H\u00e5vard Bj\u00f8rnerem \/\/ Reporter: Stig Justad<\/p>\n<p>Dagbladets fotballekspert, Bernt Hulsker (48), stilte f\u00f8rst som prest. Men dette var t\u00f8ys. Deretter ankom ordf\u00f8rer Mathias Bernander med vigselsrett, melder NRK.<\/p>\n<p>Mathisen og Mj\u00e5land har v\u00e6rt sammen i flere \u00e5r. De har tre barn sammen.\u00a0<\/p>\n<p>&#8211; Hvordan g\u00e5r det n\u00e5? spurte toastmaster Simen Stams\u00f8 M\u00f8ller.<\/p>\n<p>    <a itemprop=\"url\" href=\"https:\/\/www.seher.no\/kjendis\/overrasket\/83880312\" rel=\"nofollow noopener\" target=\"_blank\"><\/p>\n<p>      <img loading=\"lazy\" decoding=\"async\" src=\"https:\/\/www.europesays.com\/no\/wp-content\/uploads\/2025\/11\/1763805280_691_83880446.webp\" width=\"980\" height=\"441\" title=\"Overrasket\" alt=\"\" class=\"lazyload\" style=\"--aspect-ratio-image: 2.22; \"\/><\/p>\n<p>        Overrasket<\/p>\n<p>    <\/a><\/p>\n<p>&#8211; Det g\u00e5r fint! Det var praktisk \u00e5 ha dette midt i byen, mens alle mine venner er samlet i samme rom. Det var vanskelig \u00e5 toppe Starts opprykk og Norge til VM, men da Trine sa ja var det en fantastisk trippel, sa Mathisen, if\u00f8lge F\u00e6drelandsvennen.\u00a0<\/p>\n","protected":false},"excerpt":{"rendered":"Jesper Mathisen: F\u00e6drelandsvennen: &#8211; Jesper Mathisen og Trine Mj\u00e5land giftet seg p\u00e5 liveshow. GIFTET SEG: Jesper Mathisen har&hellip;\n","protected":false},"author":2,"featured_media":93627,"comment_status":"","ping_status":"","sticky":false,"template":"","format":"standard","meta":{"footnotes":""},"categories":[59],"tags":[2765,479,30,28,29,83,82],"class_list":{"0":"post-93626","1":"post","2":"type-post","3":"status-publish","4":"format-standard","5":"has-post-thumbnail","7":"category-sport","8":"tag-jesper-mathisen","9":"tag-kjendis","10":"tag-no","11":"tag-norge","12":"tag-norway","13":"tag-sport","14":"tag-sports"},"share_on_mastodon":{"url":"https:\/\/pubeurope.com\/@no\/115592748475840843","error":""},"_links":{"self":[{"href":"https:\/\/www.europesays.com\/no\/wp-json\/wp\/v2\/posts\/93626","targetHints":{"allow":["GET"]}}],"collection":[{"href":"https:\/\/www.europesays.com\/no\/wp-json\/wp\/v2\/posts"}],"about":[{"href":"https:\/\/www.europesays.com\/no\/wp-json\/wp\/v2\/types\/post"}],"author":[{"embeddable":true,"href":"https:\/\/www.europesays.com\/no\/wp-json\/wp\/v2\/users\/2"}],"replies":[{"embeddable":true,"href":"https:\/\/www.europesays.com\/no\/wp-json\/wp\/v2\/comments?post=93626"}],"version-history":[{"count":0,"href":"https:\/\/www.europesays.com\/no\/wp-json\/wp\/v2\/posts\/93626\/revisions"}],"wp:featuredmedia":[{"embeddable":true,"href":"https:\/\/www.europesays.com\/no\/wp-json\/wp\/v2\/media\/93627"}],"wp:attachment":[{"href":"https:\/\/www.europesays.com\/no\/wp-json\/wp\/v2\/media?parent=93626"}],"wp:term":[{"taxonomy":"category","embeddable":true,"href":"https:\/\/www.europesays.com\/no\/wp-json\/wp\/v2\/categories?post=93626"},{"taxonomy":"post_tag","embeddable":true,"href":"https:\/\/www.europesays.com\/no\/wp-json\/wp\/v2\/tags?post=93626"}],"curies":[{"name":"wp","href":"https:\/\/api.w.org\/{rel}","templated":true}]}}