{"id":93639,"date":"2025-11-22T10:13:10","date_gmt":"2025-11-22T10:13:10","guid":{"rendered":"https:\/\/www.europesays.com\/no\/93639\/"},"modified":"2025-11-22T10:13:10","modified_gmt":"2025-11-22T10:13:10","slug":"over-300-elever-bortfort-i-nigeria","status":"publish","type":"post","link":"https:\/\/www.europesays.com\/no\/93639\/","title":{"rendered":"Over 300 elever bortf\u00f8rt i Nigeria"},"content":{"rendered":"\n<p class=\"_lead_o9xde_2 _lead_xtcu6_50 layout-component text-serif-m layout-normal text-serif-l layout-component layout-wide layout-padded _wide_17hqh_1 layout-padded\">315 elever og l\u00e6rere ble bortf\u00f8rt i fredagens angrep mot en katolsk skole i Nigeria, opplyserlandets kristne paraplyorganisasjon. <\/p>\n<p><img alt=\"Lokale avisforsider med nyheten om bortf\u00f8ringen av skolebarna. Foto: Sunday Alamba \/ AP \/ NTB\" class=\"_image_qp4xg_65 layout-component layout-wide\" data-fullscreen- data-track-element-type=\"Article image fullscreen\" data-track-name=\"ImageFullscreen\" fetchpriority=\"high\" decoding=\"sync\" loading=\"eager\" height=\"4284\" itemprop=\"image\"  src=\"https:\/\/www.europesays.com\/no\/wp-content\/uploads\/2025\/11\/bf8fd786-b30f-4b4e-b3d1-be5f2c9ed5b4\"  style=\"object-position:0% 0%\" width=\"5712\"\/>Lokale avisforsider med nyheten om bortf\u00f8ringen av skolebarna. Foto: Sunday Alamba \/ AP \/ NTB<\/p>\n<ul aria-hidden=\"true\" class=\"_images_18f0k_111\">\n<li><a class=\"_link_18f0k_116\" href=\"https:\/\/www.vg.no\/forfatter\/ntb\" style=\"z-index:1\" title=\"NTB\" rel=\"nofollow noopener\" target=\"_blank\"><img alt=\"Bilde av NTB\" class=\"_image_18f0k_93\" fetchpriority=\"low\" loading=\"lazy\" decoding=\"async\" itemprop=\"image\"  src=\"https:\/\/www.europesays.com\/no\/wp-content\/uploads\/2025\/11\/1763806389_114_c33980b0-5d07-4027-84a1-813f90a7c8d6\"  width=\"480\"\/><\/a><\/li>\n<\/ul>\n<p> Oppdatert l\u00f8rdag 22. november kl. 10:49    <\/p>\n<ul class=\"_list_o9xde_3 _list_64s2r_85 _unordered_o9xde_106 text-sans-m\">\n<li class=\"_item_o9xde_30\">303 skoleelever og 12 l\u00e6rere ble bortf\u00f8rt fra en katolsk skole i Nigeria.<\/li>\n<li class=\"_item_o9xde_30\">Angrepet skjedde p\u00e5 St. Mary skole i Agwara, delstaten Niger.<\/li>\n<li class=\"_item_o9xde_30\">Talsperson for Christian Association of Nigeria sier de samarbeider med myndighetene for \u00e5 redde de bortf\u00f8rte. <\/li>\n<\/ul>\n<p>Vis mer <\/p>\n<p class=\"_paragraph_o9xde_4 _paragraph_xtcu6_10 layout-component text-serif-m layout-normal text-serif-m layout-padded\">303 skoleelever og tolv l\u00e6rere ved St. Mary-skolen i byen Agwara i delstaten Niger, sier en talsmann for CAN, som er en paraplyorganisasjon for en rekke kristne kirkesamfunn i Nigeria.<\/p>\n<p class=\"_paragraph_o9xde_4 _paragraph_xtcu6_10 layout-component text-serif-m layout-normal text-serif-m layout-padded\">Angrepet var rettet mot St. Mary skole i byen Agwara i delstaten Niger. <\/p>\n<p class=\"_paragraph_o9xde_4 _paragraph_xtcu6_10 layout-component text-serif-m layout-normal text-serif-m layout-padded\">If\u00f8lge myndighetene er skolen en ungdomsskole, noe som betyr at elevene der er mellom 12 og 17 \u00e5r gamle. Satellittbilder viser imidlertid at skoleomr\u00e5det er tilknyttet en n\u00e6rliggende barneskole, med mer enn 50 klasserom og sovesaler.<\/p>\n<p class=\"_paragraph_o9xde_4 _paragraph_xtcu6_10 layout-component text-serif-m layout-normal text-serif-m layout-padded\">De f\u00f8rste meldingene gikk ut p\u00e5 at 215 skoleelever og tolv l\u00e6rere var bortf\u00f8rt, men Christian Association opplyste l\u00f8rdag at tallet er h\u00f8yere.<\/p>\n<p><img alt=\"ANGREP: Etterlatte gjenstander p\u00e5 St. Mary\u2019s Catholic Primary and Secondary School etter at skolebarn og l\u00e6rere ble bortf\u00f8rt fredag. Bilde fra Christian Association of Nigeria.   Foto: AP \/ NTB\" class=\"_image_qp4xg_65 layout-component layout-normal\" data-fullscreen- data-track-element-type=\"Article image fullscreen\" data-track-name=\"ImageFullscreen\" decoding=\"async\" loading=\"lazy\" height=\"576\" itemprop=\"image\"  src=\"https:\/\/www.europesays.com\/no\/wp-content\/uploads\/2025\/11\/34727927-6981-495b-990d-1ea1eb85a5f5\"  style=\"object-position:0% 0%\" width=\"1280\"\/>ANGREP: Etterlatte gjenstander p\u00e5 St. Mary\u2019s Catholic Primary and Secondary School etter at skolebarn og l\u00e6rere ble bortf\u00f8rt fredag. Bilde fra Christian Association of Nigeria.   Foto: AP \/ NTBSavner fire barnebarn<\/p>\n<p class=\"_paragraph_o9xde_4 _paragraph_xtcu6_10 layout-component text-serif-m layout-normal text-serif-m layout-padded\">\u2013 Jeg har nettopp kommet tilbake fra et bes\u00f8k p\u00e5 skolen, hvor jeg ogs\u00e5 m\u00f8tte foreldrene til barna for f\u00e5 forsikre dem om at vi samarbeider med myndighetene og sikkerhetsorganene for \u00e5 s\u00f8rge for at barna blir reddet og brakt trygt tilbake, sa talsperson Daniel Atori til nyhetsbyr\u00e5et AP fredag kveld<\/p>\n<p class=\"_paragraph_o9xde_4 _paragraph_xtcu6_10 layout-component text-serif-m layout-normal text-serif-m layout-padded\">AP har snakket med en bestefar som sier at fire av barnebarna hans, i alderen sju til ti \u00e5r, var blant skolebarna som ble bortf\u00f8rt.<\/p>\n<p class=\"_paragraph_o9xde_4 _paragraph_xtcu6_10 layout-component text-serif-m layout-normal text-serif-m layout-padded\">\u2013 Vi vet ikke hva som skjer n\u00e5, for vi har ikke h\u00f8rt noe siden i morges, sier bestefaren.<\/p>\n<p><img alt=\"Tomme senger p\u00e5 St. Mary-skolens internat vitnet fredag om bortf\u00f8ringen av 315 elever og tolv l\u00e6rere fra skolen i byen i byen Agwara i Nigeria.  Foto: AP \/ NTB\" class=\"_image_qp4xg_65 layout-component layout-normal\" data-fullscreen- data-track-element-type=\"Article image fullscreen\" data-track-name=\"ImageFullscreen\" decoding=\"async\" loading=\"lazy\" height=\"900\" itemprop=\"image\"  src=\"https:\/\/www.europesays.com\/no\/wp-content\/uploads\/2025\/11\/bd93b6dc-15ec-4627-82db-bb3ca62234bf\"  style=\"object-position:0% 0%\" width=\"2000\"\/>Tomme senger p\u00e5 St. Mary-skolens internat vitnet fredag om bortf\u00f8ringen av 315 elever og tolv l\u00e6rere fra skolen i byen i byen Agwara i Nigeria.  Foto: AP \/ NTBL\u00f8sepenger<\/p>\n<p class=\"_paragraph_o9xde_4 _paragraph_xtcu6_10 layout-component text-serif-m layout-normal text-serif-m layout-padded\">Hendelsen skjer f\u00e5 dager etter at 25 jenter ble bortf\u00f8rt fra en kostskole i delstaten Kebbi, nordvest i Nigeria.<\/p>\n<p class=\"_paragraph_o9xde_4 _paragraph_xtcu6_10 layout-component text-serif-m layout-normal text-serif-m layout-padded\">Fredag kom det ogs\u00e5 meldinger om at 38 medlemmer av en kirke var bortf\u00f8rt i delstaten Kwara. <\/p>\n<p class=\"_paragraph_o9xde_4 _paragraph_xtcu6_10 layout-component text-serif-m layout-normal text-serif-m layout-padded\">En talsperson for kirken sier til Reuters at kidnapperne krever rundt 700.000 kroner i l\u00f8sepenger for hver av de bortf\u00f8rte.<\/p>\n<p class=\"_paragraph_o9xde_4 _paragraph_xtcu6_10 layout-component text-serif-m layout-normal text-serif-m layout-padded\">Bortf\u00f8ringer mot l\u00f8sepenger er vanlig i deler av det nordlige Nigeria, der et titall v\u00e6pnede grupper utnytter den svake sikkerheten og angriper landsbyer og hovedveier.<\/p>\n<p> Islamister<\/p>\n<p class=\"_paragraph_o9xde_4 _paragraph_xtcu6_10 layout-component text-serif-m layout-normal text-serif-m layout-padded\">Islamistiske oppr\u00f8rere er ogs\u00e5 aktive i regionen. Boko Haram har siden 2009 drept rundt 40.000 mennesker, bortf\u00f8rt tusenvis av barn og drevet 2 millioner av mennesker p\u00e5 flukt, if\u00f8lge FN.<\/p>\n<p class=\"_paragraph_o9xde_4 _paragraph_xtcu6_10 layout-component text-serif-m layout-normal text-serif-m layout-padded\">For fem \u00e5r siden ble islamistgruppa splittet, og utbrytere dannet Den islamske staten i Vest-Afrika-provinsen (ISWAP). De dominerer i dag nord\u00f8st i landet.<\/p>\n","protected":false},"excerpt":{"rendered":"315 elever og l\u00e6rere ble bortf\u00f8rt i fredagens angrep mot en katolsk skole i Nigeria, opplyserlandets kristne paraplyorganisasjon.&hellip;\n","protected":false},"author":2,"featured_media":93640,"comment_status":"","ping_status":"","sticky":false,"template":"","format":"standard","meta":{"footnotes":""},"categories":[12],"tags":[20,21,24,25,15,22,23,13,30,28,29,14,16,26,27,42,43,44,45],"class_list":{"0":"post-93639","1":"post","2":"type-post","3":"status-publish","4":"format-standard","5":"has-post-thumbnail","7":"category-verden","8":"tag-breaking-news","9":"tag-breakingnews","10":"tag-featured-news","11":"tag-featurednews","12":"tag-headlines","13":"tag-latest-news","14":"tag-latestnews","15":"tag-news","16":"tag-no","17":"tag-norge","18":"tag-norway","19":"tag-nyheter","20":"tag-overskrifter","21":"tag-top-stories","22":"tag-topstories","23":"tag-verden","24":"tag-world","25":"tag-world-news","26":"tag-worldnews"},"share_on_mastodon":{"url":"https:\/\/pubeurope.com\/@no\/115592823302722399","error":""},"_links":{"self":[{"href":"https:\/\/www.europesays.com\/no\/wp-json\/wp\/v2\/posts\/93639","targetHints":{"allow":["GET"]}}],"collection":[{"href":"https:\/\/www.europesays.com\/no\/wp-json\/wp\/v2\/posts"}],"about":[{"href":"https:\/\/www.europesays.com\/no\/wp-json\/wp\/v2\/types\/post"}],"author":[{"embeddable":true,"href":"https:\/\/www.europesays.com\/no\/wp-json\/wp\/v2\/users\/2"}],"replies":[{"embeddable":true,"href":"https:\/\/www.europesays.com\/no\/wp-json\/wp\/v2\/comments?post=93639"}],"version-history":[{"count":0,"href":"https:\/\/www.europesays.com\/no\/wp-json\/wp\/v2\/posts\/93639\/revisions"}],"wp:featuredmedia":[{"embeddable":true,"href":"https:\/\/www.europesays.com\/no\/wp-json\/wp\/v2\/media\/93640"}],"wp:attachment":[{"href":"https:\/\/www.europesays.com\/no\/wp-json\/wp\/v2\/media?parent=93639"}],"wp:term":[{"taxonomy":"category","embeddable":true,"href":"https:\/\/www.europesays.com\/no\/wp-json\/wp\/v2\/categories?post=93639"},{"taxonomy":"post_tag","embeddable":true,"href":"https:\/\/www.europesays.com\/no\/wp-json\/wp\/v2\/tags?post=93639"}],"curies":[{"name":"wp","href":"https:\/\/api.w.org\/{rel}","templated":true}]}}