{"id":93651,"date":"2025-11-22T10:27:11","date_gmt":"2025-11-22T10:27:11","guid":{"rendered":"https:\/\/www.europesays.com\/no\/93651\/"},"modified":"2025-11-22T10:27:11","modified_gmt":"2025-11-22T10:27:11","slug":"donald-trump-maga-etterfolgeren-til-donald-trump-blir-enda-verre","status":"publish","type":"post","link":"https:\/\/www.europesays.com\/no\/93651\/","title":{"rendered":"Donald Trump, MAGA | Etterf\u00f8lgeren til Donald Trump blir enda verre"},"content":{"rendered":"\n<p>Tirsdag stemte Representantenes hus nesten enstemmig for \u00e5 tvinge justisdepartementet til \u00e5 levere fra seg de siste hemmelige dokumentene fra den f\u00f8derale etterforskningen av den avd\u00f8de sexforbryteren Jeffery Epstein.<\/p>\n<p>Donald Trump og Speaker Mike Johnson fors\u00f8kte lenge \u00e5 hindre at en slik avstemning fikk flertall, men det var ikke lenger mulig.<\/p>\n<p>Da det var tydelig hvilken vei det kom til \u00e5 g\u00e5, rykket presidenten ut og st\u00f8ttet offentliggj\u00f8ringen av dokumentene.<\/p>\n<p>Det var et pinlig nederlag for Trump, og et tegn p\u00e5 at hans makt over eget parti blir mindre jo n\u00e6rmere hans presidentskap kommer sin utl\u00f8psdato.<\/p>\n<p>Han blir svakere for hver dag som g\u00e5r, og Epstein er bare toppen av isfjellet. N\u00e5 blusser flere interne konflikter opp p\u00e5 amerikansk h\u00f8yreside.<\/p>\n<p><b>Den lange kampen for \u00e5 ta over partiet har begynt, og dersom du ikke er glad i Trump, vil du ikke like det som kommer etter ham.<\/b><\/p>\n<p>            Henrik Heldahl<\/p>\n<p>Henrik Heldahl er utdannet statsviter, politisk journalist i Nettavisen og programleder i Nettavisen-podkasten \u00abHelt Texas\u00bb. Heldahl kommenterer jevnlig amerikansk politikk i norske medier og skriver og bidrar for nettstedet AmerikanskPolitikk.no og podkasten Amerikansk Politikk.<\/p>\n<p>  Setter Israel foran USA<\/p>\n<p>Den nye amerikanske h\u00f8yresiden har inntil n\u00e5 v\u00e6rt forent av en felles hovedprioritet: Kampen mot venstresiden.<\/p>\n<p>Det var p\u00e5fallende \u00e5 bes\u00f8ke -vennlige nettsider i dagene f\u00f8r Trump ble innsatt og se at de kun skrev ragebait- og latterliggj\u00f8ringssaker om venstresiden, og nesten ingenting noe om den p\u00e5troppende presidenten.<\/p>\n<p>Denne \u00abowning the libs\u00bb-mentaliteten st\u00e5r helt sentralt i Maga-bevegelsen. N\u00e5 er fokuset skiftet og de har begynt \u00e5 angripe hverandre.<\/p>\n<p><b>\u00abAmerica First\u00bb er i ferd med \u00e5 bryte ut fra Maga.<\/b><\/p>\n<p>De to pleide \u00e5 v\u00e6re to sider av samme sak. Maga er en personkult under Trump, men n\u00e5 skaper de mer populistiske og nasjonalistiske profilene \u00e5 ta eierskap over America First. Deres ideologi blir ogs\u00e5 kalt \u00abNew Right\u00bb.<\/p>\n<p>Denne gruppen kritiserer n\u00e5 Trump for \u00e5 forlate prinsippene bak America First. De mener han har blitt en forsvarer av forretningseliten, big tech og det industrielle milit\u00e6rkomplekset.<\/p>\n<p>Og ikke minst at Trump setter Israel foran USA.<\/p>\n<p><b>Les ogs\u00e5: <a rel=\"Follow nofollow noopener\" href=\"https:\/\/www.nettavisen.no\/nyheter\/ville-anklager-hadde-definitivt-noe-pa-donald-trump\/s\/5-95-2738937\" target=\"_blank\">Ville anklager: \u2013 Hadde definitivt noe p\u00e5 Trump<\/a><\/b><\/p>\n<p>Trump f\u00f8ler seg presset<\/p>\n<p>Listen over m\u00e5ter Trump ikke er nok America First p\u00e5 begynner \u00e5 bli lang.<\/p>\n<p>Det kan se ut til at America First-gjengen ikke f\u00f8r n\u00e5 har f\u00e5tt med seg at Trump er tilhenger av lovlig innvandring.<\/p>\n<p>\u00abVi skulle jo kaste utlendinger ut av landet, ikke la dem bli\u00bb, <a href=\"https:\/\/x.com\/LauraLoomer\/status\/1988637991267352929\" rel=\"nofollow\">skriver Trump-heiejente Laura Loomer<\/a> n\u00e5r Trumps innenriksminister skryter av antallet som har f\u00e5tt statsborgerskap det siste \u00e5ret.<\/p>\n<p>Folk som JD Vance og <a href=\"https:\/\/x.com\/charliekirk11\/status\/1956044288573497681\" rel=\"nofollow\">Charlie Kirk<\/a> har ikke bare kritisert ulovlig innvandring. De har ogs\u00e5 ment at for mange lovlige innvandrere f\u00e5r etablere seg i USA, og at det presser l\u00f8nningene ned og boligprisene opp.<\/p>\n<p>At det er for mange som vil jobbe og kj\u00f8pe egen bolig er en litt annen problemstilling i innvandringssaken enn det Europa opplever.<\/p>\n<p>I det som var et uvanlig kritisk intervju til Fox News \u00e5 v\u00e6re, <a href=\"https:\/\/x.com\/dfwflorida\/status\/1988601586629972390?s=46&amp;t=AfwPqDnpMEv5mMP3kXWtCA\" rel=\"nofollow\">forsvarer Trump<\/a> at kinesere f\u00e5r studere i USA og at utenlandske IT-arbeidere f\u00e5r arbeidsvisum.<\/p>\n<p>\u2013 Ikke glem at Maga var min id\u00e9. Jeg vet hva Maga vil ha bedre enn noen andre, <a href=\"https:\/\/x.com\/Acyn\/status\/1988046828450050398\/video\/2\" rel=\"nofollow\">minner Trump om<\/a>.<\/p>\n<p><b>Bare det at han m\u00e5 minne om dette, viser at han f\u00f8ler seg presset.<\/b><\/p>\n<p>Sentralt i konflikten st\u00e5r en visumordning til (i hovedsak) indiske IT-arbeidere. <a rel=\"Follow nofollow noopener\" href=\"https:\/\/abcnews.go.com\/Politics\/president-maga-supporters-uproar-trumps-1b-visa-comments\/story?id=127458610\" target=\"_blank\">Mange p\u00e5 h\u00f8yresiden<\/a> mener saken er et eksempel p\u00e5 at Trump prioriterer n\u00e6ringslivets \u00f8nske om billig arbeidskraft over interessen til amerikanske arbeidere.<\/p>\n<p>    Vil du se neste video?<\/p>\n<p>    <a href=\"https:\/\/www.nettavisen.no\/sport\/her-bryter-kronprins-haakon-inn-nar-prins-sverre-magnus-svarer-pa-italia-sporsmal-fra-norsk-presse\/v\/5-95-2731534\" class=\"recommend-poster\" data-adp-clicklabel=\"video-recommend\" data-adp-clickvalue=\"poster\" rel=\"nofollow noopener\" target=\"_blank\"><br \/>\n      <img decoding=\"async\" width=\"200\" height=\"200\" loading=\"lazy\" src=\"https:\/\/www.europesays.com\/no\/wp-content\/uploads\/2025\/11\/Kronprins+Haakon+til+cue.jpg\" alt=\"\" class=\"brick-c-cFOWSL\" style=\"--brick-image-ratio: 200 \/ 200;\"\/><\/p>\n<p>Her bryter kronprinsen inn0:38<\/p>\n<p>    <\/a><\/p>\n<p>        Stemningen mellom Ronaldo og Trump var tydeligvis veldig god.<br \/>\n        Gnisninger i laget<\/p>\n<p>Her viser Trump seg som mer pragmatisk enn de fleste i hans egen fl\u00f8y.<\/p>\n<p>Folk som Tucker Carlson, Steve Bannon og Stephen Miller klarer ikke \u00e5 overtale Trump i disse sakene.<\/p>\n<p>Blant annet fordi Trump er mer pragmatisk enn dem, og fordi han sympatiserer med n\u00e6ringslivet. Trump har tross alt dratt nytte av billig arbeidskraft gjennom et helt liv.<\/p>\n<p>Carlson, tidligere Fox News-stjerne, er blant de fremste tankelederne p\u00e5 den populistiske h\u00f8yresiden.<\/p>\n<p>Han blir <a href=\"https:\/\/www.axios.com\/2025\/11\/03\/ben-shapiro-tucker-carlson-fuentes-interview\" rel=\"nofollow noopener\" target=\"_blank\">sterkt kritisert<\/a> av en de andre store, Ben Shapiro, etter et intervju med holocaustfornekteren Nick Fuentes.<\/p>\n<p>Carlson har anklaget Shapiro og andre som er enn av Israel (noe det er sv\u00e6rt mange av i Det republikanske partiet) <a href=\"https:\/\/www.jpost.com\/diaspora\/antisemitism\/article-780172\" rel=\"nofollow noopener\" target=\"_blank\">for ikke \u00e5 bry seg om USA<\/a>.<\/p>\n<p><b>Israel, sammen med presset mot regimet i Venezuela og n\u00f8dl\u00e5net til Argentina, <a href=\"https:\/\/www.latimes.com\/politics\/story\/2025-11-15\/trump-america-first-campaign-now-views-presidency-as-worldwide-situation\" rel=\"nofollow noopener\" target=\"_blank\">brukes til \u00e5 argumentere<\/a> for at Trump ikke lenger setter America f\u00f8rst.<\/b><\/p>\n<p>De to partiene i USA har i lang tid st\u00e5tt last og brast ved Israel. N\u00e5 skaper Israel-sp\u00f8rsm\u00e5let splid i begge.<\/p>\n<p>    Vil du se neste video?<\/p>\n<p>    <a href=\"https:\/\/www.nettavisen.no\/sport\/her-bryter-kronprins-haakon-inn-nar-prins-sverre-magnus-svarer-pa-italia-sporsmal-fra-norsk-presse\/v\/5-95-2731534\" class=\"recommend-poster\" data-adp-clicklabel=\"video-recommend\" data-adp-clickvalue=\"poster\" rel=\"nofollow noopener\" target=\"_blank\"><br \/>\n      <img decoding=\"async\" width=\"200\" height=\"200\" loading=\"lazy\" src=\"https:\/\/www.europesays.com\/no\/wp-content\/uploads\/2025\/11\/Kronprins+Haakon+til+cue.jpg\" alt=\"\" class=\"brick-c-cFOWSL\" style=\"--brick-image-ratio: 200 \/ 200;\"\/><\/p>\n<p>Her bryter kronprinsen inn0:38<\/p>\n<p>    <\/a><\/p>\n<p>        Tirsdag freste Donald Trump mot en journalist i Det hvite hus.<br \/>\n        Verre for Vance<\/p>\n<p>Trump klarer for det meste \u00e5 holde seg unna kjeklingen i egen leir. Epstein-saken er unntaket.<\/p>\n<p>Men kranglingen er et uttrykk for at gruppene innad i partiet, som Trump har holdt samlet, posisjonerer seg inn mot et tronskifte.<\/p>\n<p>Det er tydelig at Texas-senator Ted Cruz <a href=\"https:\/\/www.axios.com\/2025\/11\/17\/ted-cruz-tucker-carlson-president-2028\" rel=\"nofollow noopener\" target=\"_blank\">vil utfordre JD Vance<\/a> om partiets presidentnominasjon i 2028.<\/p>\n<p>Han skal stille som en tradisjonell republikaner som st\u00f8tter Israel fullt ut, \u00f8nsker en bred og aktiv utenrikspolitikk og <a href=\"https:\/\/x.com\/jaynezirkle\/status\/1984124598443749835?s=46\" rel=\"nofollow\">tar et oppgj\u00f8r<\/a> med stemmer som Tucker Carlson, samtidig som han fors\u00f8ker \u00e5 klistre Vance til nasjonalisth\u00f8yre.<\/p>\n<p>   <img decoding=\"async\" width=\"3392\" height=\"2261\" fetchpriority=\"low\"  loading=\"lazy\"  src=\"https:\/\/www.europesays.com\/no\/wp-content\/uploads\/2025\/11\/NTB_7PJLppWXULU.jpg\" alt=\"U.S. Senator Ted Cruz (R-TX) speaks during the Federalist Society's National Lawyers Convention in Washington, D.C., U.S., November 7, 2025. REUTERS\/Nathan Howard\" class=\"brick-c-cFOWSL\" style=\"--brick-image-ratio: 3392 \/ 2261;\"\/><\/p>\n<p>      SATSER MOT PARTIETS NOMINASJON: Mye tyder p\u00e5 at Texas-senator Ted Cruz skal utfordre JD Vance om partiets presidentnominasjon.<br \/>\n      Foto: Nathan Howard (Reuters\/NTB)\n    <\/p>\n<p>America First-fl\u00f8yen er en rimelig snever ideologi. Det \u00e5 nominere en presidentkandidat herfra blir nesten som om demokratene skulle velge en sosialist.<\/p>\n<p>Kritikken mot Trump dreier seg i stor grad om <a href=\"https:\/\/www.axios.com\/2025\/11\/02\/maga-war-within-trump-antisemitism\" rel=\"nofollow noopener\" target=\"_blank\">renhetstester<\/a> rundt hva det vil si \u00ab\u00e5 sette USA f\u00f8rst\u00bb.<\/p>\n<p>Det demokratiske partiet vet alt som renhetstester. De holdt p\u00e5 med slike tester i flere \u00e5r. Det presset flere i partiet til \u00e5 ta standpunkter som er upopul\u00e6rt utenfor eget parti, noe <a rel=\"Follow nofollow noopener\" href=\"https:\/\/www.nettavisen.no\/norsk-debatt\/enn-sa-lenge-vandrer-kamala-harris-i-et-politisk-limbo\/o\/5-95-2448966\" target=\"_blank\">Kamala Harris fikk svi for<\/a> i 2024.<\/p>\n<p><b>Vance er ikke like ekstrem som Tucker Carlson, men han er mer nasjonalistisk og trolig mer populistisk enn sin sjef. Han <a href=\"https:\/\/www.nettavisen.no\/norsk-debatt\/j-d-vance-mangler-donald-trumps-hemmelige-triks\/o\/5-95-2640311\" rel=\"nofollow noopener\" target=\"_blank\">m\u00e5 vise st\u00f8rre bredde om han skal lykkes<\/a> i \u00e5 vinne et presidentvalg.<\/b><\/p>\n<p>Det er han trolig smart nok til \u00e5 gj\u00f8re. Vance vet \u00e5 lese rommet. Det s\u00e5 vi under visepresidentdebatten <a href=\"https:\/\/www.nettavisen.no\/norsk-debatt\/j-d-vance-med-klar-seier-i-debatten-mot-tim-walz-i-usa\/o\/5-95-2046346\" rel=\"Follow nofollow noopener\" target=\"_blank\">han vant over Tim Walz<\/a>, da han endret karakter og framsto mer forsonende og varm enn noen gang f\u00f8r.<\/p>\n<p>Trump har f\u00e5tt gj\u00f8re som han vil med partiet, fordi han nyter enorm tillit p\u00e5 grasrota.<\/p>\n<p>Men dette er ikke overf\u00f8rbart til noen andre. Vance vil ikke f\u00e5 partiets nominasjon p\u00e5 s\u00f8lvfat, og m\u00e5 navigere et hav av interne splittelser for \u00e5 n\u00e5 dit.<\/p>\n","protected":false},"excerpt":{"rendered":"Tirsdag stemte Representantenes hus nesten enstemmig for \u00e5 tvinge justisdepartementet til \u00e5 levere fra seg de siste hemmelige&hellip;\n","protected":false},"author":2,"featured_media":93652,"comment_status":"","ping_status":"","sticky":false,"template":"","format":"standard","meta":{"footnotes":""},"categories":[12],"tags":[20,21,24,25,15,22,23,13,30,28,29,14,16,26,27,42,43,44,45],"class_list":{"0":"post-93651","1":"post","2":"type-post","3":"status-publish","4":"format-standard","5":"has-post-thumbnail","7":"category-verden","8":"tag-breaking-news","9":"tag-breakingnews","10":"tag-featured-news","11":"tag-featurednews","12":"tag-headlines","13":"tag-latest-news","14":"tag-latestnews","15":"tag-news","16":"tag-no","17":"tag-norge","18":"tag-norway","19":"tag-nyheter","20":"tag-overskrifter","21":"tag-top-stories","22":"tag-topstories","23":"tag-verden","24":"tag-world","25":"tag-world-news","26":"tag-worldnews"},"share_on_mastodon":{"url":"https:\/\/pubeurope.com\/@no\/115592878487142249","error":""},"_links":{"self":[{"href":"https:\/\/www.europesays.com\/no\/wp-json\/wp\/v2\/posts\/93651","targetHints":{"allow":["GET"]}}],"collection":[{"href":"https:\/\/www.europesays.com\/no\/wp-json\/wp\/v2\/posts"}],"about":[{"href":"https:\/\/www.europesays.com\/no\/wp-json\/wp\/v2\/types\/post"}],"author":[{"embeddable":true,"href":"https:\/\/www.europesays.com\/no\/wp-json\/wp\/v2\/users\/2"}],"replies":[{"embeddable":true,"href":"https:\/\/www.europesays.com\/no\/wp-json\/wp\/v2\/comments?post=93651"}],"version-history":[{"count":0,"href":"https:\/\/www.europesays.com\/no\/wp-json\/wp\/v2\/posts\/93651\/revisions"}],"wp:featuredmedia":[{"embeddable":true,"href":"https:\/\/www.europesays.com\/no\/wp-json\/wp\/v2\/media\/93652"}],"wp:attachment":[{"href":"https:\/\/www.europesays.com\/no\/wp-json\/wp\/v2\/media?parent=93651"}],"wp:term":[{"taxonomy":"category","embeddable":true,"href":"https:\/\/www.europesays.com\/no\/wp-json\/wp\/v2\/categories?post=93651"},{"taxonomy":"post_tag","embeddable":true,"href":"https:\/\/www.europesays.com\/no\/wp-json\/wp\/v2\/tags?post=93651"}],"curies":[{"name":"wp","href":"https:\/\/api.w.org\/{rel}","templated":true}]}}