{"id":93658,"date":"2025-11-22T10:36:10","date_gmt":"2025-11-22T10:36:10","guid":{"rendered":"https:\/\/www.europesays.com\/no\/93658\/"},"modified":"2025-11-22T10:36:10","modified_gmt":"2025-11-22T10:36:10","slug":"tidligere-president-i-brasil-jair-bolsonaro-arrestert-av-foderalt-politi","status":"publish","type":"post","link":"https:\/\/www.europesays.com\/no\/93658\/","title":{"rendered":"Tidligere president i Brasil Jair Bolsonaro arrestert av f\u00f8deralt politi"},"content":{"rendered":"\n<p class=\"_lead_o9xde_2 _lead_xtcu6_50 layout-component text-serif-m layout-normal text-serif-l layout-component layout-wide layout-padded _wide_17hqh_1 layout-padded\">Det bekrefter advokaten hans, if\u00f8lge Reuters. <\/p>\n<p><img alt=\"HJEMME: Tidligere president i Brasil, Jair Bolsonaro er d\u00f8mt for kuppfors\u00f8k. Advokatene hans har bedt om at f\u00e5r lov til \u00e5 sone dommen hjemme i sin bolig i Brasilia.  Foto: SERGIO LIMA \/ AFP \/ NTB\" class=\"_image_qp4xg_65 layout-component layout-wide\" data-fullscreen- data-track-element-type=\"Article image fullscreen\" data-track-name=\"ImageFullscreen\" fetchpriority=\"high\" decoding=\"sync\" loading=\"eager\" height=\"4667\" itemprop=\"image\"  src=\"https:\/\/www.europesays.com\/no\/wp-content\/uploads\/2025\/11\/a26767f5-54e8-4bcb-9a98-86786bf26faa\"  style=\"object-position:0% 0%\" width=\"7000\"\/>HJEMME: Tidligere president i Brasil, Jair Bolsonaro er d\u00f8mt for kuppfors\u00f8k. Advokatene hans har bedt om at f\u00e5r lov til \u00e5 sone dommen hjemme i sin bolig i Brasilia.  Foto: SERGIO LIMA \/ AFP \/ NTB<\/p>\n<ul aria-hidden=\"true\" class=\"_images_18f0k_111\">\n<li><a class=\"_link_18f0k_116\" href=\"https:\/\/www.vg.no\/forfatter\/nora-holm-aftret\" style=\"z-index:1\" title=\"Nora Holm Aftret\" rel=\"nofollow noopener\" target=\"_blank\"><img alt=\"Bilde av Nora Holm Aftret\" class=\"_image_18f0k_93\" fetchpriority=\"low\" loading=\"lazy\" decoding=\"async\" itemprop=\"image\"  src=\"https:\/\/www.europesays.com\/no\/wp-content\/uploads\/2025\/11\/1763807769_505_f305139e-f923-41c4-8052-e05527fc0152\"  width=\"480\"\/><\/a><\/li>\n<\/ul>\n<p> Oppdatert l\u00f8rdag 22. november kl. 11:32     <\/p>\n<p class=\"_paragraph_o9xde_4 _paragraph_xtcu6_10 layout-component text-serif-m layout-normal text-serif-m layout-padded\">Bolsonaro ble i september <a href=\"https:\/\/www.vg.no\/nyheter\/i\/MnOW0E\/brasils-ekspresident-jair-bolsonaro-doemt-til-27-aar-fengsel-for-kupplaner\" data-track-element-type=\"Link\" data-track-id=\"link:MnOW0E\" class=\"_link_o9xde_39\" rel=\"nofollow noopener\" target=\"_blank\">d\u00f8mt til 27 \u00e5rs fengsel for kuppfors\u00f8k<\/a>. <\/p>\n<p class=\"_paragraph_o9xde_4 _paragraph_xtcu6_10 layout-component text-serif-m layout-normal text-serif-m layout-padded\">I tillegg var <a href=\"https:\/\/www.vg.no\/nyheter\/i\/bm94g5\/bolsonaro-anke-avvist-av-hoeyesterett\" data-track-element-type=\"Link\" data-track-id=\"link:bm94g5\" class=\"_link_o9xde_39\" rel=\"nofollow noopener\" target=\"_blank\">deltakelse i en v\u00e6pnet kriminell gruppe, samt fors\u00f8k p\u00e5 \u00e5 avskaffe demokratiet med vold<\/a> del av dommen. <\/p>\n<p class=\"_paragraph_o9xde_4 _paragraph_xtcu6_10 layout-component text-serif-m layout-normal text-serif-m layout-padded\"><strong class=\"_strong_o9xde_25\">Han er n\u00e5 satt i varetekt, i forbindelse med sluttfasen av etterforskningen av kupplanen, melder <a href=\"https:\/\/www.em.com.br\/politica\/2025\/11\/7297708-pf-prende-bolsonaro-na-reta-final-de-processo-da-trama-golpista.html\" class=\"_link_o9xde_39\" rel=\"nofollow noopener\" target=\"_blank\">Estado de Minas<\/a>. <\/strong><\/p>\n<p class=\"_paragraph_o9xde_4 _paragraph_xtcu6_10 layout-component text-serif-m layout-normal text-serif-m layout-padded\">Ogs\u00e5 AFP f\u00e5r bekreftet av Bolsonaros advokat at han er sendt til fengsel.<\/p>\n<p> Anke avvist<\/p>\n<p class=\"_paragraph_o9xde_4 _paragraph_xtcu6_10 layout-component text-serif-m layout-normal text-serif-m layout-padded\"><a href=\"https:\/\/www.vg.no\/tag\/jair-bolsonaro?utm_source=vg-article&amp;utm_medium=auto-tagger&amp;utm_campaign=2pn9QG\" class=\"_link_o9xde_39\" rel=\"nofollow noopener\" target=\"_blank\">Jair Bolsonaro<\/a> var president i Brasil fra 2019 til 2022. <\/p>\n<p class=\"_paragraph_o9xde_4 _paragraph_xtcu6_10 layout-component text-serif-m layout-normal text-serif-m layout-padded\">Han <a href=\"https:\/\/www.vg.no\/nyheter\/i\/LM2LjJ\/brasils-tidligere-president-jair-bolsonaro-funnet-skyldig-i-aa-ha-planlagt-statskupp\" data-track-element-type=\"Link\" data-track-id=\"link:LM2LjJ\" class=\"_link_o9xde_39\" rel=\"nofollow noopener\" target=\"_blank\">ble kjent skyldig i \u00e5 ha planlagt statskupp<\/a> etter \u00e5 ha tapt valget mot n\u00e5v\u00e6rende president Luiz Inacio Lula da Silva i 2022, if\u00f8lge NTB.<\/p>\n<p class=\"_paragraph_o9xde_4 _paragraph_xtcu6_10 layout-component text-serif-m layout-normal text-serif-m layout-padded\"><strong class=\"_strong_o9xde_25\">Tidligere i november ble det kjent at <a href=\"https:\/\/www.vg.no\/nyheter\/i\/bm94g5\/bolsonaro-anke-avvist-av-hoeyesterett\" data-track-element-type=\"Link\" data-track-id=\"link:bm94g5\" class=\"_link_o9xde_39\" rel=\"nofollow noopener\" target=\"_blank\">anken over dommen ble avvist<\/a> av brasiliansk h\u00f8yesterett. <\/strong><\/p>\n<p><img alt=\"HELSEPROBLEMER: Bolsonaro har hatt helseproblemer etter at han ble knivstukket under valgkampen i 2018. Her fotografert idet han forlater et sykehus i Brasilia.  Foto: SERGIO LIMA \/ AFP \/ NTB\" class=\"_image_qp4xg_65 layout-component layout-normal\" data-fullscreen- data-track-element-type=\"Article image fullscreen\" data-track-name=\"ImageFullscreen\" decoding=\"async\" loading=\"lazy\" height=\"5355\" itemprop=\"image\"  src=\"https:\/\/www.europesays.com\/no\/wp-content\/uploads\/2025\/11\/fe1dc3f5-33b6-4f57-8f1c-324392fb7201\"  style=\"object-position:0% 0%\" width=\"8000\"\/>HELSEPROBLEMER: Bolsonaro har hatt helseproblemer etter at han ble knivstukket under valgkampen i 2018. Her fotografert idet han forlater et sykehus i Brasilia.  Foto: SERGIO LIMA \/ AFP \/ NTB<\/p>\n<p class=\"_paragraph_o9xde_4 _paragraph_xtcu6_10 layout-component text-serif-m layout-normal text-serif-m layout-padded\">Bolsonaro har sittet i husarrest i over tre m\u00e5neder etter \u00e5 ha brutt vilk\u00e5r knyttet til p\u00e5st\u00e5tte fors\u00f8k p\u00e5 \u00e5 f\u00e5 USAs president til \u00e5 blande seg inn i saken. Donald Trump har kalt saken mot Bolsonaro en heksejakt.<\/p>\n<p class=\"_paragraph_o9xde_4 _paragraph_xtcu6_10 layout-component text-serif-m layout-normal text-serif-m layout-padded\">Ekspresidentens advokater har bedt om at dommen for kuppfors\u00f8k kan sones i husarrest, av helsemessige \u00e5rsaker, melder NTB.<\/p>\n<p class=\"_paragraph_o9xde_4 _paragraph_xtcu6_10 layout-component text-serif-m layout-normal text-serif-m layout-padded\">70 \u00e5r gamle Bolsonaro har hatt flere problemer med ford\u00f8yelsessystemet \u2013 inkludert seks operasjoner \u2013 etter at han ble knivstukket under valgkampen i 2018.<\/p>\n<p class=\"_paragraph_o9xde_4 _paragraph_xtcu6_10 layout-component text-serif-m layout-normal text-serif-m layout-padded\">Saken oppdateres.<\/p>\n","protected":false},"excerpt":{"rendered":"Det bekrefter advokaten hans, if\u00f8lge Reuters. HJEMME: Tidligere president i Brasil, Jair Bolsonaro er d\u00f8mt for kuppfors\u00f8k. Advokatene&hellip;\n","protected":false},"author":2,"featured_media":93659,"comment_status":"","ping_status":"","sticky":false,"template":"","format":"standard","meta":{"footnotes":""},"categories":[5],"tags":[3780,20,21,24,25,15,19,3779,22,23,17,18,13,30,28,29,14,16,26,27],"class_list":{"0":"post-93658","1":"post","2":"type-post","3":"status-publish","4":"format-standard","5":"has-post-thumbnail","7":"category-overskrifter","8":"tag-brasil","9":"tag-breaking-news","10":"tag-breakingnews","11":"tag-featured-news","12":"tag-featurednews","13":"tag-headlines","14":"tag-hovedoppslag","15":"tag-jair-bolsonaro","16":"tag-latest-news","17":"tag-latestnews","18":"tag-main-news","19":"tag-mainnews","20":"tag-news","21":"tag-no","22":"tag-norge","23":"tag-norway","24":"tag-nyheter","25":"tag-overskrifter","26":"tag-top-stories","27":"tag-topstories"},"share_on_mastodon":{"url":"https:\/\/pubeurope.com\/@no\/115592913653225128","error":""},"_links":{"self":[{"href":"https:\/\/www.europesays.com\/no\/wp-json\/wp\/v2\/posts\/93658","targetHints":{"allow":["GET"]}}],"collection":[{"href":"https:\/\/www.europesays.com\/no\/wp-json\/wp\/v2\/posts"}],"about":[{"href":"https:\/\/www.europesays.com\/no\/wp-json\/wp\/v2\/types\/post"}],"author":[{"embeddable":true,"href":"https:\/\/www.europesays.com\/no\/wp-json\/wp\/v2\/users\/2"}],"replies":[{"embeddable":true,"href":"https:\/\/www.europesays.com\/no\/wp-json\/wp\/v2\/comments?post=93658"}],"version-history":[{"count":0,"href":"https:\/\/www.europesays.com\/no\/wp-json\/wp\/v2\/posts\/93658\/revisions"}],"wp:featuredmedia":[{"embeddable":true,"href":"https:\/\/www.europesays.com\/no\/wp-json\/wp\/v2\/media\/93659"}],"wp:attachment":[{"href":"https:\/\/www.europesays.com\/no\/wp-json\/wp\/v2\/media?parent=93658"}],"wp:term":[{"taxonomy":"category","embeddable":true,"href":"https:\/\/www.europesays.com\/no\/wp-json\/wp\/v2\/categories?post=93658"},{"taxonomy":"post_tag","embeddable":true,"href":"https:\/\/www.europesays.com\/no\/wp-json\/wp\/v2\/tags?post=93658"}],"curies":[{"name":"wp","href":"https:\/\/api.w.org\/{rel}","templated":true}]}}