{"id":93660,"date":"2025-11-22T10:41:16","date_gmt":"2025-11-22T10:41:16","guid":{"rendered":"https:\/\/www.europesays.com\/no\/93660\/"},"modified":"2025-11-22T10:41:16","modified_gmt":"2025-11-22T10:41:16","slug":"vapen-sprengstoff-og-62-pagrepet","status":"publish","type":"post","link":"https:\/\/www.europesays.com\/no\/93660\/","title":{"rendered":"V\u00e5pen, sprengstoff og 62 p\u00e5grepet"},"content":{"rendered":"<p><strong>En st\u00f8rre grensekontrolloperasjon koordinert av INTERPOL i Vest-Afrika har f\u00f8rt til 62 arrestasjoner og beslag av store mengder v\u00e5pen, ammunisjon, eksplosiver og narkotika. <\/strong><\/p>\n<p>Det opplyser INTERPOL i en <a href=\"https:\/\/www.interpol.int\/en\/News-and-Events\/News\/2025\/West-Africa-border-security-operation-targets-Foreign-Terrorist-Fighters\" rel=\"nofollow noopener\" target=\"_blank\">pressemelding<\/a>.<\/p>\n<p>M\u00e5let med Screen West Africa 2025 var \u00e5 styrke grensene mot organisert kriminalitet, identifisere personer med tilknytning til terrorgrupper og avdekke smugling av v\u00e5pen, varer og kj\u00f8ret\u00f8y.<\/p>\n<p>Totalt gjennomf\u00f8rte grensekontrollene 1,7 millioner sanntidss\u00f8k mot INTERPOLs globale databaser, en klar \u00f8kning fra 1,3 millioner \u00e5ret f\u00f8r. S\u00f8ksresultatene f\u00f8rte blant annet til nesten 250 treff, inkludert sju personer knyttet til s\u00e5kalte Red Notices \u2013 internasjonale etterlyste \u2013 og ni til Blue Notices, som brukes til \u00e5 samle informasjon om personer av etterrelevant interesse.<\/p>\n<p>Blant operasjonens mest betydelige funn var tre arrestasjoner i Burkina Faso. To av dem var etterlyst av Elfenbenskysten gjennom Blue Notices og skal ha v\u00e6rt involvert i Al-Qaida-tilknyttede angrep i 2020, der mer enn ti sikkerhetsfolk ble drept. En tredje person knyttet til terrorvirksomhet ble ogs\u00e5 p\u00e5grepet i landet.<\/p>\n<p>I Ghana ble 21 mennesker frigjort etter \u00e5 ha v\u00e6rt utsatt for menneskehandel og utnyttet i Nigeria i forbindelse med svindelvirksomhet. I tillegg ble det gjennomf\u00f8rt kontroller i havner og territorialfarvann, hvor man blant annet avdekket fart\u00f8y som brukte skjulte identiteter, m\u00f8rklagte navigasjonssystemer eller hyppige flaggskifter.<\/p>\n<p><strong>Les ogs\u00e5: <a href=\"https:\/\/inyheter.no\/18\/07\/2025\/fransk-politi-vi-har-mistet-kontrollen-over-strendene\/\" rel=\"nofollow noopener\" target=\"_blank\">Fransk politi: \u2013 Vi har mistet kontrollen over strendene<\/a><\/strong><\/p>\n<p>Det ble ogs\u00e5 beg\u00e5tt en rekke beslag, blant annet 17 v\u00e5penlagre, sprengstoff som dynamitt og detonatorer, 136 stj\u00e5lne kj\u00f8ret\u00f8y, 731 kilo cannabis, falske legemidler og forfalsket valuta. If\u00f8lge INTERPOL kan deler av inntektene fra denne typen illegal handel brukes til \u00e5 finansiere terrorgrupper eller annen organisert kriminalitet.<\/p>\n<p><strong>Operasjonen samlet politi- og grensemyndigheter fra tolv vestafrikanske land. Operasjonen ble finansiert av Tyskland, Danmark og USA gjennom flere internasjonale sikkerhetsprogrammer, og p\u00e5gikk fra juli til oktober.<\/strong><\/p>\n","protected":false},"excerpt":{"rendered":"En st\u00f8rre grensekontrolloperasjon koordinert av INTERPOL i Vest-Afrika har f\u00f8rt til 62 arrestasjoner og beslag av store mengder&hellip;\n","protected":false},"author":2,"featured_media":93661,"comment_status":"","ping_status":"","sticky":false,"template":"","format":"standard","meta":{"footnotes":""},"categories":[12],"tags":[20,21,24,25,7135,15,22,23,13,30,28,29,14,16,4441,5501,26,27,42,43,44,45],"class_list":{"0":"post-93660","1":"post","2":"type-post","3":"status-publish","4":"format-standard","5":"has-post-thumbnail","7":"category-verden","8":"tag-breaking-news","9":"tag-breakingnews","10":"tag-featured-news","11":"tag-featurednews","12":"tag-grensekontroll","13":"tag-headlines","14":"tag-latest-news","15":"tag-latestnews","16":"tag-news","17":"tag-no","18":"tag-norge","19":"tag-norway","20":"tag-nyheter","21":"tag-overskrifter","22":"tag-smugling","23":"tag-terrorisme","24":"tag-top-stories","25":"tag-topstories","26":"tag-verden","27":"tag-world","28":"tag-world-news","29":"tag-worldnews"},"share_on_mastodon":{"url":"https:\/\/pubeurope.com\/@no\/115592933238633230","error":""},"_links":{"self":[{"href":"https:\/\/www.europesays.com\/no\/wp-json\/wp\/v2\/posts\/93660","targetHints":{"allow":["GET"]}}],"collection":[{"href":"https:\/\/www.europesays.com\/no\/wp-json\/wp\/v2\/posts"}],"about":[{"href":"https:\/\/www.europesays.com\/no\/wp-json\/wp\/v2\/types\/post"}],"author":[{"embeddable":true,"href":"https:\/\/www.europesays.com\/no\/wp-json\/wp\/v2\/users\/2"}],"replies":[{"embeddable":true,"href":"https:\/\/www.europesays.com\/no\/wp-json\/wp\/v2\/comments?post=93660"}],"version-history":[{"count":0,"href":"https:\/\/www.europesays.com\/no\/wp-json\/wp\/v2\/posts\/93660\/revisions"}],"wp:featuredmedia":[{"embeddable":true,"href":"https:\/\/www.europesays.com\/no\/wp-json\/wp\/v2\/media\/93661"}],"wp:attachment":[{"href":"https:\/\/www.europesays.com\/no\/wp-json\/wp\/v2\/media?parent=93660"}],"wp:term":[{"taxonomy":"category","embeddable":true,"href":"https:\/\/www.europesays.com\/no\/wp-json\/wp\/v2\/categories?post=93660"},{"taxonomy":"post_tag","embeddable":true,"href":"https:\/\/www.europesays.com\/no\/wp-json\/wp\/v2\/tags?post=93660"}],"curies":[{"name":"wp","href":"https:\/\/api.w.org\/{rel}","templated":true}]}}