{"id":93672,"date":"2025-11-22T10:51:10","date_gmt":"2025-11-22T10:51:10","guid":{"rendered":"https:\/\/www.europesays.com\/no\/93672\/"},"modified":"2025-11-22T10:51:10","modified_gmt":"2025-11-22T10:51:10","slug":"heidi-weng-vant-10-kilometeren-pa-beitostolen-men-kristine-stavas-skistad-ble-disket-og-johaug-tror-ikke-pa-forklaringen-hennes","status":"publish","type":"post","link":"https:\/\/www.europesays.com\/no\/93672\/","title":{"rendered":"Heidi Weng vant 10 kilometeren p\u00e5 Beitost\u00f8len \u2013 men Kristine Stav\u00e5s Skistad ble disket og Johaug tror ikke p\u00e5 forklaringen hennes"},"content":{"rendered":"\n<p class=\"_lead_o9xde_2 _lead_xtcu6_50 layout-component text-serif-m layout-normal text-serif-l layout-component layout-wide layout-padded _wide_17hqh_1 layout-padded\">Kristine Stav\u00e5s Skistad (26) varslet at hun ville p\u00e5dra seg sitt andre gule kort p\u00e5 to dager \u2013 og bli disket. Det klarte hun.<\/p>\n<p><img alt=\"HER SK\u00d8YTER SKISTAD: Kristine Stav\u00e5s Skistad, her p\u00e5 oppl\u00f8pet p\u00e5 Beitost\u00f8len l\u00f8rdag. Foto: Terje Pedersen \/ NTB\" class=\"_image_qp4xg_65 layout-component layout-wide\" data-fullscreen- data-track-element-type=\"Article image fullscreen\" data-track-name=\"ImageFullscreen\" fetchpriority=\"high\" decoding=\"sync\" loading=\"eager\" height=\"3354\" itemprop=\"image\"  src=\"https:\/\/www.europesays.com\/no\/wp-content\/uploads\/2025\/11\/161376ec-7dfc-449a-8c28-6fb11ee2ce79\"  style=\"object-position:0% 0%\" width=\"5032\"\/>HER SK\u00d8YTER SKISTAD: Kristine Stav\u00e5s Skistad, her p\u00e5 oppl\u00f8pet p\u00e5 Beitost\u00f8len l\u00f8rdag. Foto: Terje Pedersen \/ NTB<\/p>\n<ul aria-hidden=\"true\" class=\"_images_18f0k_111\">\n<li><a class=\"_link_18f0k_116\" href=\"https:\/\/www.vg.no\/forfatter\/mikal-aaserud\" style=\"z-index:1\" title=\"Mikal Emil Aaserud\" rel=\"nofollow noopener\" target=\"_blank\"><img alt=\"Bilde av Mikal Emil Aaserud\" class=\"_image_18f0k_93\" fetchpriority=\"low\" loading=\"lazy\" decoding=\"async\" itemprop=\"image\"  src=\"https:\/\/www.europesays.com\/no\/wp-content\/uploads\/2025\/11\/1763808669_93_1f4bb18c-b7b1-46ba-9b49-79ae6afd7bbd\"  width=\"480\"\/><\/a><\/li>\n<\/ul>\n<p> Oppdatert l\u00f8rdag 22. november kl. 11:48    <\/p>\n<ul class=\"_list_o9xde_3 _list_64s2r_85 _unordered_o9xde_106 text-sans-m\">\n<li class=\"_item_o9xde_30\">Kristine Stav\u00e5s Skistad disket p\u00e5 Beitost\u00f8len.<\/li>\n<li class=\"_item_o9xde_30\">Skistad sk\u00f8ytet mot slutten av rennet, noe som Therese Johaug mente var bevisst.<\/li>\n<li class=\"_item_o9xde_30\">Skistad forklarte hun var for sliten til \u00e5 holde seg i sporet.<\/li>\n<li class=\"_item_o9xde_30\">Heidi Weng vant for \u00f8vrig 10 km klassisk bare 2,3 sekunder foran Kristin Austgulen Fosn\u00e6s.<\/li>\n<\/ul>\n<p>Vis mer <\/p>\n<p class=\"_paragraph_o9xde_4 _paragraph_xtcu6_10 layout-component text-serif-m layout-normal text-serif-m layout-padded\">For i et renn der Heidi Weng gikk til topps p\u00e5 10 kilometer klassisk p\u00e5 Beitost\u00f8len, noen \u00f8rsm\u00e5 sekunder foran landslagsvenninne Kristin Austgulen Fosn\u00e6s, handlet det aller meste om Skistad.<\/p>\n<p class=\"_paragraph_o9xde_4 _paragraph_xtcu6_10 layout-component text-serif-m layout-normal text-serif-m layout-padded\"><strong class=\"_strong_o9xde_25\">Skistad havnet langt bak p\u00e5 resultatlistene, men like f\u00f8r slutt valgte hun \u00e5 ta noen ordentlige sk\u00f8ytetak, slo NRKs eksperter fast. Noe som s\u00f8rget for at hun ble disket, if\u00f8lge resultatlistene til <a href=\"https:\/\/live.fis-ski.com\/cc-2293\/results-pda.htm\" class=\"_link_o9xde_39\" rel=\"nofollow noopener\" target=\"_blank\">FIS<\/a>.<\/strong><\/p>\n<p class=\"_paragraph_o9xde_4 _paragraph_xtcu6_10 layout-component text-serif-m layout-normal text-serif-m layout-padded\">\u2013 Det er et sk\u00f8ytetak! ropte en engasjert Therese Johaug p\u00e5 direktesendingen.<\/p>\n<p class=\"_paragraph_o9xde_4 _paragraph_xtcu6_10 layout-component text-serif-m layout-normal text-serif-m layout-padded\">Skistad hadde selv f\u00f8lgende vurdering av det hun selv gjorde:<\/p>\n<p class=\"_paragraph_o9xde_4 _paragraph_xtcu6_10 layout-component text-serif-m layout-normal text-serif-m layout-padded\">\u2013 Jeg var s\u00e5 sliten p\u00e5 slutten der at jeg ikke klarte \u00e5 komme meg i sporet, hevder Skistad overfor NRK.<\/p>\n<p class=\"_paragraph_o9xde_4 _paragraph_xtcu6_10 layout-component text-serif-m layout-normal text-serif-m layout-padded\">Johaug h\u00f8rte den forklaringen:<\/p>\n<p class=\"_paragraph_o9xde_4 _paragraph_xtcu6_10 layout-component text-serif-m layout-normal text-serif-m layout-padded\">\u2013 Jeg kj\u00f8pte ikke helt den der, for \u00e5 v\u00e6re helt \u00e6rlig. Det s\u00e5 ut som det var ganske bevisst, sier hun underveis i kanalens sending.<\/p>\n<p><img alt=\"STERK: Heidi Weng vant l\u00f8rdagens 10 kilometer klassisk p\u00e5 Beitost\u00f8len.  Foto: Terje Pedersen \/ NTB\" class=\"_image_qp4xg_65 layout-component layout-normal\" data-fullscreen- data-track-element-type=\"Article image fullscreen\" data-track-name=\"ImageFullscreen\" decoding=\"async\" loading=\"lazy\" height=\"2632\" itemprop=\"image\"  src=\"https:\/\/www.europesays.com\/no\/wp-content\/uploads\/2025\/11\/53f5e16f-9f4b-4ee4-be61-49d37a9f2326\"  style=\"object-position:0% 0%\" width=\"3936\"\/>STERK: Heidi Weng vant l\u00f8rdagens 10 kilometer klassisk p\u00e5 Beitost\u00f8len.  Foto: Terje Pedersen \/ NTB<\/p>\n<p class=\"_paragraph_o9xde_4 _paragraph_xtcu6_10 layout-component text-serif-m layout-normal text-serif-m layout-padded\">Bakgrunnen for Skistads mulig bevisste sk\u00f8ytetak er som f\u00f8lger:<\/p>\n<ul class=\"_list_o9xde_3 _list_xtcu6_9 _unordered_o9xde_106 layout-component text-serif-m layout-normal text-serif-m layout-padded\">\n<li class=\"_item_o9xde_30\">Hun fikk et gult kort for obstruksjon i fredagens sprint p\u00e5 Beitost\u00f8len.<\/li>\n<li class=\"_item_o9xde_30\">Hun varslet overfor NRK fredag at hun kom til \u00e5 ta et gult kort l\u00f8rdag, med andre ord f\u00e5 sitt andre gule p\u00e5 to dager og dermed bli disket.<\/li>\n<li class=\"_item_o9xde_30\">Grunnen er at hun ikke vil ha med seg et gult kort inn i verdenscupen, der hun kunne risikert \u00e5 bli disket for \u00e5 f\u00e5 et slikt kort der.<\/li>\n<li class=\"_item_o9xde_30\">\u2013 Jeg vet ikke hva du snakker om, jeg, sa en sv\u00e6rt kryptisk Skistad til NRK f\u00f8r start da hun ble spurt om planen besto.<\/li>\n<li class=\"_item_o9xde_30\">Hun ble ogs\u00e5 spurt f\u00f8r start om hva som var planen hun hadde lagt med treneren sin. \u00abVi f\u00e5r se, vi f\u00e5r se, vi f\u00e5r se\u00bb, svarte Skistad.<\/li>\n<\/ul>\n<p class=\"_paragraph_o9xde_4 _paragraph_xtcu6_10 layout-component text-serif-m layout-normal text-serif-m layout-padded\">NRK-ekspert P\u00e5l Golberg st\u00f8ttet faktisk planen om \u00e5 f\u00e5 sitt andre gule kort l\u00f8rdag og ikke risikere \u00e5 bli disket i et verdenscuprenn som betyr mer enn rennene p\u00e5 Beitost\u00f8len.<\/p>\n<p class=\"_paragraph_o9xde_4 _paragraph_xtcu6_10 layout-component text-serif-m layout-normal text-serif-m layout-padded\">\u2013 Jeg tenker det er greit, alle \u00f8nsker \u00e5 gg\u00f8re det, det er en annen ting \u00e5 si det. Da f\u00e5r du mye fokus p\u00e5 det og det er ikke sikkert det var det hun \u00f8nsket, sa Golberg under kanalens sending l\u00f8rdag.<\/p>\n<p class=\"_paragraph_o9xde_4 _paragraph_xtcu6_10 layout-component text-serif-m layout-normal text-serif-m layout-padded\">10 kilometeren p\u00e5 Beitost\u00f8len utviklet seg til \u00e5 bli en skikkelig thriller mellom landslagsl\u00f8perne Heidi Weng og Kristin Austgulen Fosn\u00e6s.<\/p>\n<p class=\"_paragraph_o9xde_4 _paragraph_xtcu6_10 layout-component text-serif-m layout-normal text-serif-m layout-padded\">De hadde den aller beste marsjfarten fra fem kilometer og ut. Etter 7,3 kilometer skilte det knapt et sekund mellom de to rivalene.<\/p>\n<p class=\"_paragraph_o9xde_4 _paragraph_xtcu6_10 layout-component text-serif-m layout-normal text-serif-m layout-padded\">Men de siste kilometerne f\u00f8r m\u00e5l var Weng sterkest. Hun staket seg inn til seier i sesongens f\u00f8rste renn, bare 2,3 sekunder foran Fosn\u00e6s. <\/p>\n","protected":false},"excerpt":{"rendered":"Kristine Stav\u00e5s Skistad (26) varslet at hun ville p\u00e5dra seg sitt andre gule kort p\u00e5 to dager \u2013&hellip;\n","protected":false},"author":2,"featured_media":93673,"comment_status":"","ping_status":"","sticky":false,"template":"","format":"standard","meta":{"footnotes":""},"categories":[59],"tags":[398,30,28,29,83,82,399],"class_list":{"0":"post-93672","1":"post","2":"type-post","3":"status-publish","4":"format-standard","5":"has-post-thumbnail","7":"category-sport","8":"tag-langrenn","9":"tag-no","10":"tag-norge","11":"tag-norway","12":"tag-sport","13":"tag-sports","14":"tag-vintersport"},"share_on_mastodon":{"url":"https:\/\/pubeurope.com\/@no\/115592972493892494","error":""},"_links":{"self":[{"href":"https:\/\/www.europesays.com\/no\/wp-json\/wp\/v2\/posts\/93672","targetHints":{"allow":["GET"]}}],"collection":[{"href":"https:\/\/www.europesays.com\/no\/wp-json\/wp\/v2\/posts"}],"about":[{"href":"https:\/\/www.europesays.com\/no\/wp-json\/wp\/v2\/types\/post"}],"author":[{"embeddable":true,"href":"https:\/\/www.europesays.com\/no\/wp-json\/wp\/v2\/users\/2"}],"replies":[{"embeddable":true,"href":"https:\/\/www.europesays.com\/no\/wp-json\/wp\/v2\/comments?post=93672"}],"version-history":[{"count":0,"href":"https:\/\/www.europesays.com\/no\/wp-json\/wp\/v2\/posts\/93672\/revisions"}],"wp:featuredmedia":[{"embeddable":true,"href":"https:\/\/www.europesays.com\/no\/wp-json\/wp\/v2\/media\/93673"}],"wp:attachment":[{"href":"https:\/\/www.europesays.com\/no\/wp-json\/wp\/v2\/media?parent=93672"}],"wp:term":[{"taxonomy":"category","embeddable":true,"href":"https:\/\/www.europesays.com\/no\/wp-json\/wp\/v2\/categories?post=93672"},{"taxonomy":"post_tag","embeddable":true,"href":"https:\/\/www.europesays.com\/no\/wp-json\/wp\/v2\/tags?post=93672"}],"curies":[{"name":"wp","href":"https:\/\/api.w.org\/{rel}","templated":true}]}}