{"id":93688,"date":"2025-11-22T11:12:12","date_gmt":"2025-11-22T11:12:12","guid":{"rendered":"https:\/\/www.europesays.com\/no\/93688\/"},"modified":"2025-11-22T11:12:12","modified_gmt":"2025-11-22T11:12:12","slug":"premier-league-rykter-premier-league-lordagens-premier-league-rykter-3","status":"publish","type":"post","link":"https:\/\/www.europesays.com\/no\/93688\/","title":{"rendered":"Premier League-rykter, Premier League | L\u00f8rdagens Premier League-rykter"},"content":{"rendered":"\n<p><b>Ruben Amorim <\/b>skal v\u00e6re klar til \u00e5 gi slipp p\u00e5 <b>Bruno Fernandes<\/b> neste sommer, hevder Teamtalk. Bakgrunnen er at United vil f\u00e5 inn nye spillere p\u00e5 midtbaneplass og ser at det er mulig \u00e5 tjene gode penger p\u00e5 et Fernandes-salg til for eksempel Saudi-Arabia. <b>Adam Wharton, Elliot Anderson <\/b>og<b> Carlos Baleba<\/b> nevnes som mulige erstattere p\u00e5 midtbanen. Fernandes har kontrakt med United frem til sommeren 2027.<\/p>\n<p><b>United<\/b> vil la <b>Casemiro<\/b> og <b>Jadon Sancho<\/b> forlate klubben til sommeren for \u00e5 spare 31 millioner pund i l\u00f8nninger, skriver The Sun. Casemiro har hatt en ganske god h\u00f8st for de r\u00f8de djevlene, men med en l\u00f8nn p\u00e5 over 300.000 pund i uka, ser United seg n\u00f8dt til \u00e5 la brasilianeren g\u00e5.<\/p>\n<p>Ryktene rundt <b>Harry Kane<\/b> har ikke stoppet etter at han forlot Tottenham til fordel for Bayern M\u00fcnchen. N\u00e5 hevder Mundo Deportivo at 32-\u00e5ringen er \u00f8nsket av <b>Barcelona<\/b> til sommeren. Ogs\u00e5 <b>Julian Alvarez<\/b> i Atletico Madrid skal v\u00e6re p\u00e5 katalanernes liste.<\/p>\n<p>Fabrizio Romano melder p\u00e5 X at Manchester City speider p\u00e5 <b>Feyenoords<\/b> lovende h\u00f8yreback<b> Givairo Read<\/b> (19) med tanke p\u00e5 \u00e5 signere ham i 2026. <b>Bayern M\u00fcnchen<\/b> skal allerede ha v\u00e6rt i samtaler med spillerens representanter.<\/p>\n<p>    Vil du se neste video?<\/p>\n<p>    <a href=\"https:\/\/www.nettavisen.no\/sport\/her-bryter-kronprins-haakon-inn-nar-prins-sverre-magnus-svarer-pa-italia-sporsmal-fra-norsk-presse\/v\/5-95-2731534\" class=\"recommend-poster\" data-adp-clicklabel=\"video-recommend\" data-adp-clickvalue=\"poster\" rel=\"nofollow noopener\" target=\"_blank\"><br \/>\n      <img decoding=\"async\" width=\"200\" height=\"200\" loading=\"lazy\" src=\"https:\/\/www.europesays.com\/no\/wp-content\/uploads\/2025\/11\/Kronprins+Haakon+til+cue.jpg\" alt=\"\" class=\"brick-c-cFOWSL\" style=\"--brick-image-ratio: 200 \/ 200;\"\/><\/p>\n<p>Her bryter kronprinsen inn0:38<\/p>\n<p>    <\/a><\/p>\n<p>        Frank Illett har g\u00e5tt viralt for sitt Manchester United-stunt. B\u00e5de United-fansen og deres rivaler f\u00f8lger med p\u00e5 hans elleville h\u00e5r.<\/p>\n<p><b>Everton<\/b> ser p\u00e5 <b>Daizen Maeda<\/b> som en mulig forsterkning allerede i januar, melder Football Insider. Den japanske angrepsspilleren banket inn 16 m\u00e5l for <b>Celtic<\/b> i skotsk Premier League forrige sesong. Everton har scoret 12 m\u00e5l p\u00e5 11 kamper i Premier League.<\/p>\n<p>Ogs\u00e5 <b>Bologna<\/b>-spissen <b>Santiago Castro<\/b> st\u00e5r p\u00e5 <b>Evertons<\/b> liste over potensielle forsterkninger p\u00e5 spissplass, skriver Teamtalk.<\/p>\n<p><b>Pablo Barrios<\/b> er sterkt \u00f8nsket av blant andre<b> Chelsea<\/b> og <b>Bayern M\u00fcnchen<\/b>, hevder Fichajes. <b>Atletico Madrid<\/b> vil imidlertid ikke gi slipp p\u00e5 midtbanespilleren for mindre enn 88 millioner pund.<\/p>\n<p>Representanter for <b>Arsenal <\/b>skal nylig ha m\u00f8tt agent Jorge Mendes i Torino for \u00e5 diskutere en potensiell avtale for <b>Kenan Yildiz<\/b>. Juventus-juvelen regnes som et av de st\u00f8rste talentene i Serie A n\u00e5, og det er knyttet stor spenning til hva som blir hans neste steg i karrieren.<\/p>\n<p><b>Olivier Boscagli<\/b> har slitt med \u00e5 f\u00e5 spilletid i <b>Brighton<\/b> denne sesongen og kan komme til \u00e5 slutte seg til <b>Fenerbahce<\/b> p\u00e5 l\u00e5n i januar, skriver Fichajes. Den franske forsvarsspilleren kom fra PSV 20 millioner pund i sommer, men har kun v\u00e6rt p\u00e5 banen i ligacupen s\u00e5 langt.<\/p>\n","protected":false},"excerpt":{"rendered":"Ruben Amorim skal v\u00e6re klar til \u00e5 gi slipp p\u00e5 Bruno Fernandes neste sommer, hevder Teamtalk. Bakgrunnen er&hellip;\n","protected":false},"author":2,"featured_media":93689,"comment_status":"","ping_status":"","sticky":false,"template":"","format":"standard","meta":{"footnotes":""},"categories":[59],"tags":[30,28,29,83,82],"class_list":{"0":"post-93688","1":"post","2":"type-post","3":"status-publish","4":"format-standard","5":"has-post-thumbnail","7":"category-sport","8":"tag-no","9":"tag-norge","10":"tag-norway","11":"tag-sport","12":"tag-sports"},"share_on_mastodon":{"url":"https:\/\/pubeurope.com\/@no\/115593055127135198","error":""},"_links":{"self":[{"href":"https:\/\/www.europesays.com\/no\/wp-json\/wp\/v2\/posts\/93688","targetHints":{"allow":["GET"]}}],"collection":[{"href":"https:\/\/www.europesays.com\/no\/wp-json\/wp\/v2\/posts"}],"about":[{"href":"https:\/\/www.europesays.com\/no\/wp-json\/wp\/v2\/types\/post"}],"author":[{"embeddable":true,"href":"https:\/\/www.europesays.com\/no\/wp-json\/wp\/v2\/users\/2"}],"replies":[{"embeddable":true,"href":"https:\/\/www.europesays.com\/no\/wp-json\/wp\/v2\/comments?post=93688"}],"version-history":[{"count":0,"href":"https:\/\/www.europesays.com\/no\/wp-json\/wp\/v2\/posts\/93688\/revisions"}],"wp:featuredmedia":[{"embeddable":true,"href":"https:\/\/www.europesays.com\/no\/wp-json\/wp\/v2\/media\/93689"}],"wp:attachment":[{"href":"https:\/\/www.europesays.com\/no\/wp-json\/wp\/v2\/media?parent=93688"}],"wp:term":[{"taxonomy":"category","embeddable":true,"href":"https:\/\/www.europesays.com\/no\/wp-json\/wp\/v2\/categories?post=93688"},{"taxonomy":"post_tag","embeddable":true,"href":"https:\/\/www.europesays.com\/no\/wp-json\/wp\/v2\/tags?post=93688"}],"curies":[{"name":"wp","href":"https:\/\/api.w.org\/{rel}","templated":true}]}}