{"id":93712,"date":"2025-11-22T11:55:17","date_gmt":"2025-11-22T11:55:17","guid":{"rendered":"https:\/\/www.europesays.com\/no\/93712\/"},"modified":"2025-11-22T11:55:17","modified_gmt":"2025-11-22T11:55:17","slug":"kultur-asnes-matoma-slipper-ny-lat-med-arve-tellefsen-en-barndomsdrom-ostlendingen","status":"publish","type":"post","link":"https:\/\/www.europesays.com\/no\/93712\/","title":{"rendered":"Kultur, \u00c5snes | Matoma slipper ny l\u00e5t med Arve Tellefsen: \u2013 En barndomsdr\u00f8m &#8211; \u00d8stlendingen"},"content":{"rendered":"<ol>\n<li><a href=\"https:\/\/news.google.com\/rss\/articles\/CBMioAFBVV95cUxQY2NwYVZnVWxDc0JKdERlTnBkbnI1Q3A1YWpyejFxcnZFYnl0dHdvcWFpTXpPWDRpSzFYV3psbnlTNW9OVGlSVXpZUDQ5NVBHRVU3RGJ5bmp2NVdIT2VpNkxibEFZaXEwcmVyTEYwSXEtT2ZYVUk0N25KSVRYczNoWHFsekxNelQ5LWI4YjFxNzdiZnlVNGMxWjVLY25tZ1dr?oc=5\" target=\"_blank\" rel=\"nofollow noopener\">Kultur, \u00c5snes | Matoma slipper ny l\u00e5t med Arve Tellefsen: \u2013 En barndomsdr\u00f8m<\/a>&nbsp;&nbsp;\u00d8stlendingen<\/li>\n<li><a href=\"https:\/\/news.google.com\/rss\/articles\/CBMinAFBVV95cUxQcjZraVZiM0hwMnR2V2ZhYXpqTy1uVzFqblFlOHJRak5rSk5RQmdZemFjcFREUDlWOUZackVFd3V3QTJHWUlxVHpKRG5qWTFhNk1tamlieXdwT2lpRmtSQjFJZkhtZG5wR2lSTGxSVGRtQWljLWx0UDlkS3dkbzhCZFptbW5FdzVkamllSjN1cFNTMmlhb2h5dW1CRGE?oc=5\" target=\"_blank\" rel=\"nofollow noopener\">Matoma slipper ny l\u00e5t med Arve Tellefsen: \u2013 En barndomsdr\u00f8m<\/a>&nbsp;&nbsp;Gl\u00e5mdalen<\/li>\n<li><a href=\"https:\/\/news.google.com\/rss\/articles\/CBMinAFBVV95cUxOb2p1NE9HZk9tMkZxTWlvekhKSmJKT3lrNl9fMFdhVTBval8yMmt0cWRsZmw1ZmZONEx2X294X3otRDNfRnZYOU5PdzB4RXhGd0U5Nm5MQUxXSEM1R3R1cHk0VzJzRHpCempQVVMwWGd2empuRjJmeG1kOThfZEdVMFJzY3BGVlVhczlLU3hMNU1rdGhwQkJabWJlUTA?oc=5\" target=\"_blank\" rel=\"nofollow noopener\">(+) Matoma og Arve Tellefsen bak ny Fl\u00e5klypa-l\u00e5t<\/a>&nbsp;&nbsp;folkebladet.no<\/li>\n<li><a href=\"https:\/\/news.google.com\/rss\/articles\/CBMigwFBVV95cUxNQVBnVVNQX2VDUmtld3VGS2t2aFhubGd4RHh4YUFnMXRTdUtRa0FMaWEzQlYyNGFqdk1GSUJTQk9zMUp6Ql8tR1MycU1pSkE5Y2dsN3RtU0JOMGRrVFpmb1o4NTRFWFU2Z2ZodWVUS01mZ3pmdkJHWW40bDZTSUo2ajR3cw?oc=5\" target=\"_blank\" rel=\"nofollow noopener\">Avsl\u00f8rer samarbeid: \u2013 En barndomsdr\u00f8m<\/a>&nbsp;&nbsp;TV2.no<\/li>\n<li><a href=\"https:\/\/news.google.com\/rss\/articles\/CBMiiwFBVV95cUxNeV9iRVpXNmdDSEVFRE9YOFBKamZQcUtkVDZSMjh5SWIyVGRPWEZvWFlobzhlbk5fekd5TXoxdkFHdlZLZXFhb0ZiZzdDUFJkUUwzSEJTM1dYNjRvTWdWNWUxVkptS3cxNVlSUFdOSGlta0VET2l1LXhEc0R5cXdyZzU4bi05bHJNSWln?oc=5\" target=\"_blank\" rel=\"nofollow noopener\">(Abo) Matoma lager ny Fl\u00e5klypa-l\u00e5t med Arve Tellefsen<\/a>&nbsp;&nbsp;iSol\u00f8r.no<\/li>\n<\/ol>\n","protected":false},"excerpt":{"rendered":"Kultur, \u00c5snes | Matoma slipper ny l\u00e5t med Arve Tellefsen: \u2013 En barndomsdr\u00f8m&nbsp;&nbsp;\u00d8stlendingen Matoma slipper ny l\u00e5t med&hellip;\n","protected":false},"author":2,"featured_media":93237,"comment_status":"","ping_status":"","sticky":false,"template":"","format":"standard","meta":{"footnotes":""},"categories":[58],"tags":[71,30,28,29,72],"class_list":{"0":"post-93712","1":"post","2":"type-post","3":"status-publish","4":"format-standard","5":"has-post-thumbnail","7":"category-underholdning","8":"tag-entertainment","9":"tag-no","10":"tag-norge","11":"tag-norway","12":"tag-underholdning"},"share_on_mastodon":{"url":"https:\/\/pubeurope.com\/@no\/115593224090494473","error":""},"_links":{"self":[{"href":"https:\/\/www.europesays.com\/no\/wp-json\/wp\/v2\/posts\/93712","targetHints":{"allow":["GET"]}}],"collection":[{"href":"https:\/\/www.europesays.com\/no\/wp-json\/wp\/v2\/posts"}],"about":[{"href":"https:\/\/www.europesays.com\/no\/wp-json\/wp\/v2\/types\/post"}],"author":[{"embeddable":true,"href":"https:\/\/www.europesays.com\/no\/wp-json\/wp\/v2\/users\/2"}],"replies":[{"embeddable":true,"href":"https:\/\/www.europesays.com\/no\/wp-json\/wp\/v2\/comments?post=93712"}],"version-history":[{"count":0,"href":"https:\/\/www.europesays.com\/no\/wp-json\/wp\/v2\/posts\/93712\/revisions"}],"wp:featuredmedia":[{"embeddable":true,"href":"https:\/\/www.europesays.com\/no\/wp-json\/wp\/v2\/media\/93237"}],"wp:attachment":[{"href":"https:\/\/www.europesays.com\/no\/wp-json\/wp\/v2\/media?parent=93712"}],"wp:term":[{"taxonomy":"category","embeddable":true,"href":"https:\/\/www.europesays.com\/no\/wp-json\/wp\/v2\/categories?post=93712"},{"taxonomy":"post_tag","embeddable":true,"href":"https:\/\/www.europesays.com\/no\/wp-json\/wp\/v2\/tags?post=93712"}],"curies":[{"name":"wp","href":"https:\/\/api.w.org\/{rel}","templated":true}]}}