{"id":93713,"date":"2025-11-22T11:57:31","date_gmt":"2025-11-22T11:57:31","guid":{"rendered":"https:\/\/www.europesays.com\/no\/93713\/"},"modified":"2025-11-22T11:57:31","modified_gmt":"2025-11-22T11:57:31","slug":"priskrigen-fortsetter-rema-med-nytt-prisras-pa-julevarer","status":"publish","type":"post","link":"https:\/\/www.europesays.com\/no\/93713\/","title":{"rendered":"Priskrigen fortsetter &#8211; Rema med nytt prisras p\u00e5 julevarer"},"content":{"rendered":"<p>        FOTO: REMA 1000\n    <\/p>\n<p>    Fra fredag f\u00e5r kundene enda lavere priser p\u00e5 over 30 popul\u00e6re varer i julekurven, alt fra ribbe og risgr\u00f8t, til edamerost, gr\u00e4ddost, julegodteri og klementiner.<\/p>\n<p>NORGE: Det melder lavpriskjeden i en pressemelding.<\/p>\n<p>\u2013 Vi g\u00e5r foran i \u00e5rets julehandel og kutter prisene bredt, p\u00e5 det folk faktisk fyller handlevogna med til jul. Kundene skal b\u00e5de kjenne julestemningen i butikken og merke den p\u00e5 sluttsummen p\u00e5 kassalappen, sier Pia Mellbye, salg- og markedsdirekt\u00f8r i REMA 1000.\u00a0<\/p>\n<p>Flere popul\u00e6re julevarer f\u00e5r priskutt\u00a0<\/p>\n<p>REMA 1000 startet julepriskuttene allerede 8. november. De f\u00f8rste ukene i november har prisene blitt kuttet p\u00e5 mange popul\u00e6re julevarer.<\/p>\n<p>N\u00e5 utvides kuttene med over 30 nye varer. Til sammen har REMA 1000 n\u00e5 kuttet prisene p\u00e5 n\u00e6r 90 julevarer i l\u00f8pet av m\u00e5neden.<\/p>\n<p>\u2013 REMA 1000 skal v\u00e6re billigst p\u00e5 dagligvarer i Norge, og vi kutter prisene p\u00e5 det kundene trenger til hele julehandelen, ikke bare p\u00e5 enkeltvarer. Da handler det om bredde, og billige priser p\u00e5 alt kundene putter i julekurven. Det er sluttsummen kundene v\u00e5re merker p\u00e5 lommeboka, sier Mellbye.\u00a0<\/p>\n<p>Sunne alternativer\u00a0<\/p>\n<p>Mellbye understreker at priskuttene ogs\u00e5 omfatter sunnere alternativer som klementiner. <\/p>\n<p>\u2013 F\u00f8rjulstiden er en tid for b\u00e5de kos og god mat og drikke. Samtidig er det mange kunder som setter pris p\u00e5 billige og sunne alternativer. Derfor kutter vi prisen p\u00e5 en av de virkelig store julefavorittene, klementiner, sier hun.<\/p>\n<p>                <img decoding=\"async\" src=\"https:\/\/www.europesays.com\/no\/wp-content\/uploads\/2025\/11\/344263.webp\" width=\"480\" height=\"322\" title=\"Priskrigen fortsetter - Rema med nytt prisras p\u00e5 julevarer\" alt=\"\" loading=\"lazy\" style=\"\"\/><\/p>\n","protected":false},"excerpt":{"rendered":"FOTO: REMA 1000 Fra fredag f\u00e5r kundene enda lavere priser p\u00e5 over 30 popul\u00e6re varer i julekurven, alt&hellip;\n","protected":false},"author":2,"featured_media":93714,"comment_status":"","ping_status":"","sticky":false,"template":"","format":"standard","meta":{"footnotes":""},"categories":[56],"tags":[60,61,62,30,28,29],"class_list":{"0":"post-93713","1":"post","2":"type-post","3":"status-publish","4":"format-standard","5":"has-post-thumbnail","7":"category-naeringsliv","8":"tag-business","9":"tag-economy","10":"tag-naeringsliv","11":"tag-no","12":"tag-norge","13":"tag-norway"},"share_on_mastodon":{"url":"https:\/\/pubeurope.com\/@no\/115593232230817968","error":""},"_links":{"self":[{"href":"https:\/\/www.europesays.com\/no\/wp-json\/wp\/v2\/posts\/93713","targetHints":{"allow":["GET"]}}],"collection":[{"href":"https:\/\/www.europesays.com\/no\/wp-json\/wp\/v2\/posts"}],"about":[{"href":"https:\/\/www.europesays.com\/no\/wp-json\/wp\/v2\/types\/post"}],"author":[{"embeddable":true,"href":"https:\/\/www.europesays.com\/no\/wp-json\/wp\/v2\/users\/2"}],"replies":[{"embeddable":true,"href":"https:\/\/www.europesays.com\/no\/wp-json\/wp\/v2\/comments?post=93713"}],"version-history":[{"count":0,"href":"https:\/\/www.europesays.com\/no\/wp-json\/wp\/v2\/posts\/93713\/revisions"}],"wp:featuredmedia":[{"embeddable":true,"href":"https:\/\/www.europesays.com\/no\/wp-json\/wp\/v2\/media\/93714"}],"wp:attachment":[{"href":"https:\/\/www.europesays.com\/no\/wp-json\/wp\/v2\/media?parent=93713"}],"wp:term":[{"taxonomy":"category","embeddable":true,"href":"https:\/\/www.europesays.com\/no\/wp-json\/wp\/v2\/categories?post=93713"},{"taxonomy":"post_tag","embeddable":true,"href":"https:\/\/www.europesays.com\/no\/wp-json\/wp\/v2\/tags?post=93713"}],"curies":[{"name":"wp","href":"https:\/\/api.w.org\/{rel}","templated":true}]}}