{"id":93717,"date":"2025-11-22T11:59:09","date_gmt":"2025-11-22T11:59:09","guid":{"rendered":"https:\/\/www.europesays.com\/no\/93717\/"},"modified":"2025-11-22T11:59:09","modified_gmt":"2025-11-22T11:59:09","slug":"porsgrunn-ulykker-kvinne-satt-fastklemt-mellom-murvegg-og-bil-luftambulanse-pa-vei","status":"publish","type":"post","link":"https:\/\/www.europesays.com\/no\/93717\/","title":{"rendered":"Porsgrunn, Ulykker | Kvinne satt fastklemt mellom murvegg og bil: Luftambulanse p\u00e5 vei"},"content":{"rendered":"\n<p>L\u00f8rdag formiddag, klokken 11.59, fikk n\u00f8detatene melding om at en kvinne satt fastklemt mellom en murvegg og en bil. Ulykken skjedde p\u00e5 Sand\u00f8ya i Porsgrunn.<\/p>\n<p>\u2013 Personen har store smerter, men er v\u00e5ken og bevisst, meldte operasjonsleder i politiet, Vegar Dale M\u00f8ane.<\/p>\n<p>N\u00f8detatene jobbet med \u00e5 f\u00e5 kvinnen l\u00f8s, og klokken 12.10 meldte politiet at kvinnen var blitt frigjort.<\/p>\n<p>\u2013 Tilstanden til pasienten er uendret. Fremdeles v\u00e5ken og bevisst, opplyste Dale M\u00f8ane.<\/p>\n<p>Luftambulansen er varslet og er p\u00e5 vei.<\/p>\n<p><b>TA oppdaterer saken.<\/b><\/p>\n","protected":false},"excerpt":{"rendered":"L\u00f8rdag formiddag, klokken 11.59, fikk n\u00f8detatene melding om at en kvinne satt fastklemt mellom en murvegg og en&hellip;\n","protected":false},"author":2,"featured_media":1273,"comment_status":"","ping_status":"","sticky":false,"template":"","format":"standard","meta":{"footnotes":""},"categories":[10],"tags":[36,20,21,24,25,15,22,23,13,30,28,29,14,16,1370,1510,26,27,224,1204],"class_list":{"0":"post-93717","1":"post","2":"type-post","3":"status-publish","4":"format-standard","5":"has-post-thumbnail","7":"category-norge","8":"tag-art","9":"tag-breaking-news","10":"tag-breakingnews","11":"tag-featured-news","12":"tag-featurednews","13":"tag-headlines","14":"tag-latest-news","15":"tag-latestnews","16":"tag-news","17":"tag-no","18":"tag-norge","19":"tag-norway","20":"tag-nyheter","21":"tag-overskrifter","22":"tag-porsgrunn","23":"tag-story","24":"tag-top-stories","25":"tag-topstories","26":"tag-trafikk","27":"tag-ulykker"},"share_on_mastodon":{"url":"https:\/\/pubeurope.com\/@no\/115593240184630348","error":""},"_links":{"self":[{"href":"https:\/\/www.europesays.com\/no\/wp-json\/wp\/v2\/posts\/93717","targetHints":{"allow":["GET"]}}],"collection":[{"href":"https:\/\/www.europesays.com\/no\/wp-json\/wp\/v2\/posts"}],"about":[{"href":"https:\/\/www.europesays.com\/no\/wp-json\/wp\/v2\/types\/post"}],"author":[{"embeddable":true,"href":"https:\/\/www.europesays.com\/no\/wp-json\/wp\/v2\/users\/2"}],"replies":[{"embeddable":true,"href":"https:\/\/www.europesays.com\/no\/wp-json\/wp\/v2\/comments?post=93717"}],"version-history":[{"count":0,"href":"https:\/\/www.europesays.com\/no\/wp-json\/wp\/v2\/posts\/93717\/revisions"}],"wp:featuredmedia":[{"embeddable":true,"href":"https:\/\/www.europesays.com\/no\/wp-json\/wp\/v2\/media\/1273"}],"wp:attachment":[{"href":"https:\/\/www.europesays.com\/no\/wp-json\/wp\/v2\/media?parent=93717"}],"wp:term":[{"taxonomy":"category","embeddable":true,"href":"https:\/\/www.europesays.com\/no\/wp-json\/wp\/v2\/categories?post=93717"},{"taxonomy":"post_tag","embeddable":true,"href":"https:\/\/www.europesays.com\/no\/wp-json\/wp\/v2\/tags?post=93717"}],"curies":[{"name":"wp","href":"https:\/\/api.w.org\/{rel}","templated":true}]}}