{"id":93724,"date":"2025-11-22T12:14:14","date_gmt":"2025-11-22T12:14:14","guid":{"rendered":"https:\/\/www.europesays.com\/no\/93724\/"},"modified":"2025-11-22T12:14:14","modified_gmt":"2025-11-22T12:14:14","slug":"flere-vaknet-uten-strom-i-trondheim","status":"publish","type":"post","link":"https:\/\/www.europesays.com\/no\/93724\/","title":{"rendered":"Flere v\u00e5knet uten str\u00f8m i Trondheim"},"content":{"rendered":"\n<p>Totalt skal 351 kunder ha opplevd str\u00f8mbrudd i natt i et omr\u00e5de ved Jonsvatnet. Litt over hundre av disse var fortsatt uten tilgang klokken 06, l\u00f8rdag morgen.<\/p>\n<p>Grunnen bak skal v\u00e6re en feil i det elektriske nettet som har f\u00f8rt til avbrudd i str\u00f8mforsyningen, skriver Tensio.<\/p>\n<p>\u2013 Vi arbeider med saken og det er forel\u00f8pig usikkert n\u00e5r str\u00f8mmen vil v\u00e6re tilbake, skriver de like over klokken 06.<\/p>\n<p>Fire timer senere skal alle kunder i omr\u00e5det ha f\u00e5tt tilbake str\u00f8mmen.<\/p>\n","protected":false},"excerpt":{"rendered":"Totalt skal 351 kunder ha opplevd str\u00f8mbrudd i natt i et omr\u00e5de ved Jonsvatnet. Litt over hundre av&hellip;\n","protected":false},"author":2,"featured_media":93725,"comment_status":"","ping_status":"","sticky":false,"template":"","format":"standard","meta":{"footnotes":""},"categories":[10],"tags":[36,20,21,24,25,15,22,23,13,30,28,29,14,16,1510,26,27],"class_list":{"0":"post-93724","1":"post","2":"type-post","3":"status-publish","4":"format-standard","5":"has-post-thumbnail","7":"category-norge","8":"tag-art","9":"tag-breaking-news","10":"tag-breakingnews","11":"tag-featured-news","12":"tag-featurednews","13":"tag-headlines","14":"tag-latest-news","15":"tag-latestnews","16":"tag-news","17":"tag-no","18":"tag-norge","19":"tag-norway","20":"tag-nyheter","21":"tag-overskrifter","22":"tag-story","23":"tag-top-stories","24":"tag-topstories"},"share_on_mastodon":{"url":"https:\/\/pubeurope.com\/@no\/115593299211384961","error":""},"_links":{"self":[{"href":"https:\/\/www.europesays.com\/no\/wp-json\/wp\/v2\/posts\/93724","targetHints":{"allow":["GET"]}}],"collection":[{"href":"https:\/\/www.europesays.com\/no\/wp-json\/wp\/v2\/posts"}],"about":[{"href":"https:\/\/www.europesays.com\/no\/wp-json\/wp\/v2\/types\/post"}],"author":[{"embeddable":true,"href":"https:\/\/www.europesays.com\/no\/wp-json\/wp\/v2\/users\/2"}],"replies":[{"embeddable":true,"href":"https:\/\/www.europesays.com\/no\/wp-json\/wp\/v2\/comments?post=93724"}],"version-history":[{"count":0,"href":"https:\/\/www.europesays.com\/no\/wp-json\/wp\/v2\/posts\/93724\/revisions"}],"wp:featuredmedia":[{"embeddable":true,"href":"https:\/\/www.europesays.com\/no\/wp-json\/wp\/v2\/media\/93725"}],"wp:attachment":[{"href":"https:\/\/www.europesays.com\/no\/wp-json\/wp\/v2\/media?parent=93724"}],"wp:term":[{"taxonomy":"category","embeddable":true,"href":"https:\/\/www.europesays.com\/no\/wp-json\/wp\/v2\/categories?post=93724"},{"taxonomy":"post_tag","embeddable":true,"href":"https:\/\/www.europesays.com\/no\/wp-json\/wp\/v2\/tags?post=93724"}],"curies":[{"name":"wp","href":"https:\/\/api.w.org\/{rel}","templated":true}]}}