{"id":93726,"date":"2025-11-22T12:15:33","date_gmt":"2025-11-22T12:15:33","guid":{"rendered":"https:\/\/www.europesays.com\/no\/93726\/"},"modified":"2025-11-22T12:15:33","modified_gmt":"2025-11-22T12:15:33","slug":"varmere-klima-frakter-regnet-til-helt-nye-steder","status":"publish","type":"post","link":"https:\/\/www.europesays.com\/no\/93726\/","title":{"rendered":"Varmere klima frakter regnet til helt nye steder"},"content":{"rendered":"<p>Iran er i ferd med \u00e5 g\u00e5 tom for vann.&raquo;<br \/>\n   }<br \/>\n  ],<br \/>\n  &laquo;visual&raquo;: {<br \/>\n   &laquo;type&raquo;: &laquo;image&raquo;,<br \/>\n   &laquo;config&raquo;: {<br \/>\n    &laquo;image&raquo;: {<br \/>\n     &laquo;asset&raquo;: {<br \/>\n      &laquo;desktop&raquo;: {<br \/>\n       &laquo;url&raquo;: &laquo;https:\/\/imbo.vgc.no\/users\/ap\/images\/f3ce6c20ba6f0c5b0b5c3e18fd1c6837?t%5B%5D=crop%3Awidth%3D5472%2Cheight%3D3648%2Cx%3D0%2Cy%3D0&amp;t%5B%5D=maxSize%3Awidth%3D1440&amp;t%5B%5D=compress%3Alevel%3D80&amp;publicKey=ap-w&amp;accessToken=7ab120a3633ad96a4cf2c5a08631d38eafbcdb4a0bcad11f2ab81e88cd5b1061&raquo;,<br \/>\n       &laquo;hotspot&raquo;: {<br \/>\n        &laquo;x&raquo;: 100,<br \/>\n        &laquo;y&raquo;: 56<br \/>\n       }<br \/>\n      },<br \/>\n      &laquo;mobile&raquo;: {<br \/>\n       &laquo;url&raquo;: &laquo;https:\/\/imbo.vgc.no\/users\/ap\/images\/f3ce6c20ba6f0c5b0b5c3e18fd1c6837?t%5B%5D=crop%3Awidth%3D2885%2Cheight%3D3644%2Cx%3D2426%2Cy%3D2&amp;t%5B%5D=maxSize%3Awidth%3D1440&amp;t%5B%5D=compress%3Alevel%3D80&amp;publicKey=ap-w&amp;accessToken=14491ee972cd69f52b36cf1ad3c937f034f690c215ab3c4c95cc9fd5b361a2b6&raquo;,<br \/>\n       &laquo;hotspot&raquo;: {<br \/>\n        &laquo;x&raquo;: 50,<br \/>\n        &laquo;y&raquo;: 50<br \/>\n       }<br \/>\n      }<br \/>\n     },<br \/>\n     &laquo;byline&raquo;: &laquo;Majid Asgaripour \/ Reuters \/ NTB&raquo;<br \/>\n    }<br \/>\n   }<br \/>\n  }<br \/>\n },<br \/>\n {<br \/>\n  &laquo;tk_id&raquo;: &laquo;05k07aus00ah&raquo;,<br \/>\n  &laquo;text&raquo;: [<br \/>\n   {<br \/>\n    &laquo;tk_id&raquo;: &laquo;p2fys6s5eek&raquo;,<br \/>\n    &laquo;value&raquo;: &laquo;<\/p>\n<p>Slik s\u00e5 Latyan-dammen ut 20. juni.<\/p>\n<p>&raquo;<br \/>\n   }<br \/>\n  ],<br \/>\n  &laquo;visual&raquo;: {<br \/>\n   &laquo;type&raquo;: &laquo;image&raquo;,<br \/>\n   &laquo;config&raquo;: {<br \/>\n    &laquo;image&raquo;: {<br \/>\n     &laquo;asset&raquo;: {<br \/>\n      &laquo;desktop&raquo;: {<br \/>\n       &laquo;url&raquo;: &laquo;https:\/\/imbo.vgc.no\/users\/ap\/images\/fbaf599fba267e917dffbb7060ef3ad4?t%5B%5D=crop%3Awidth%3D1024%2Cheight%3D700%2Cx%3D0%2Cy%3D0&amp;t%5B%5D=maxSize%3Awidth%3D1440&amp;t%5B%5D=compress%3Alevel%3D80&amp;publicKey=ap-w&amp;accessToken=3e01f696ef2c56bdd4bc84d639d03cc575520b78793f06c9f5a26f0a241191c9&raquo;,<br \/>\n       &laquo;hotspot&raquo;: {<br \/>\n        &laquo;x&raquo;: 50,<br \/>\n        &laquo;y&raquo;: 50<br \/>\n       }<br \/>\n      },<br \/>\n      &laquo;mobile&raquo;: {<br \/>\n       &laquo;url&raquo;: &laquo;https:\/\/imbo.vgc.no\/users\/ap\/images\/fcaaa998153c6769831f11ef2262a941?t%5B%5D=crop%3Awidth%3D700%2Cheight%3D1024%2Cx%3D0%2Cy%3D0&amp;t%5B%5D=maxSize%3Awidth%3D1440&amp;t%5B%5D=compress%3Alevel%3D80&amp;publicKey=ap-w&amp;accessToken=4026522c3aad9d3bba0d00bd9e4ae7ab630aeec9dc948f034b3bc044d5a61375&raquo;,<br \/>\n       &laquo;hotspot&raquo;: {<br \/>\n        &laquo;x&raquo;: 50,<br \/>\n        &laquo;y&raquo;: 50<br \/>\n       }<br \/>\n      }<br \/>\n     },<br \/>\n     &laquo;byline&raquo;: &laquo;Vantor \/ Reuters \/ NTB&raquo;<br \/>\n    }<br \/>\n   }<br \/>\n  }<br \/>\n },<br \/>\n {<br \/>\n  &laquo;tk_id&raquo;: &laquo;eqpfq7i8jwk&raquo;,<br \/>\n  &laquo;text&raquo;: [<br \/>\n   {<br \/>\n    &laquo;tk_id&raquo;: &laquo;ntd4xu9p54b&raquo;,<br \/>\n    &laquo;value&raquo;: &laquo;<\/p>\n<p>3. november var den gigantiske dammen skrumpet inn til dette.<\/p>\n<p>&raquo;<br \/>\n   }<br \/>\n  ],<br \/>\n  &laquo;visual&raquo;: {<br \/>\n   &laquo;type&raquo;: &laquo;image&raquo;,<br \/>\n   &laquo;config&raquo;: {<br \/>\n    &laquo;image&raquo;: {<br \/>\n     &laquo;asset&raquo;: {<br \/>\n      &laquo;desktop&raquo;: {<br \/>\n       &laquo;url&raquo;: &laquo;https:\/\/imbo.vgc.no\/users\/ap\/images\/d65295cac8f922db0964764ab6feea08?t%5B%5D=crop%3Awidth%3D1024%2Cheight%3D700%2Cx%3D0%2Cy%3D0&amp;t%5B%5D=maxSize%3Awidth%3D1440&amp;t%5B%5D=compress%3Alevel%3D80&amp;publicKey=ap-w&amp;accessToken=b914cbc5653a4f11639d20e41d4a9ad44ca78498d717cf31988c4e3191610b91&raquo;,<br \/>\n       &laquo;hotspot&raquo;: {<br \/>\n        &laquo;x&raquo;: 54,<br \/>\n        &laquo;y&raquo;: 52<br \/>\n       }<br \/>\n      },<br \/>\n      &laquo;mobile&raquo;: {<br \/>\n       &laquo;url&raquo;: &laquo;https:\/\/imbo.vgc.no\/users\/ap\/images\/7d96dba3bc1b602d8eba9364cdec7fcc?t%5B%5D=crop%3Awidth%3D700%2Cheight%3D1024%2Cx%3D0%2Cy%3D0&amp;t%5B%5D=maxSize%3Awidth%3D1440&amp;t%5B%5D=compress%3Alevel%3D80&amp;publicKey=ap-w&amp;accessToken=46d1beb46d3eb836cc3d2c598ab65b1785f98ddfb18f72c84993597fbe35e847&raquo;,<br \/>\n       &laquo;hotspot&raquo;: {<br \/>\n        &laquo;x&raquo;: 50,<br \/>\n        &laquo;y&raquo;: 50<br \/>\n       }<br \/>\n      }<br \/>\n     },<br \/>\n     &laquo;byline&raquo;: &laquo;Vantor \/ Reuters \/ NTB&raquo;<br \/>\n    }<br \/>\n   }<br \/>\n  }<br \/>\n }<br \/>\n]&raquo; options=&raquo;{<br \/>\n &laquo;showTitle&raquo;: true<br \/>\n}&raquo; &gt;<\/p>\n<p>Publisert: 22.11.2025 12:23<\/p>\n<p>Kortversjonen<\/p>\n<ul class=\"hyperion-css-1wfq1v6\" data-test-tag=\"list\">\n<li class=\"hyperion-css-13wylk3\">Iran st\u00e5r overfor en historisk t\u00f8rke med drastisk fall i nedb\u00f8r. T\u00f8rken har vart seks \u00e5r og har n\u00e5dd kritiske niv\u00e5er. Store deler av landet er rammet. <\/li>\n<li class=\"hyperion-css-13wylk3\">Teheran vurderer n\u00e5 b\u00e5de rasjonering og evakuering. <\/li>\n<li class=\"hyperion-css-13wylk3\">Klimaendringer og d\u00e5rlig vannforvaltning forverrer situasjonen. <\/li>\n<\/ul>\n<p data-nosnippet=\"true\" class=\"hyperion-css-1qe9pn0\">Sammendraget er laget ved hjelp av kunstig intelligens (KI) og kvalitetssikret av Aftenpostens journalister.<\/p>\n<p>Vis mer<\/p>\n<p class=\"hyperion-css-1j42uic\">Desperasjonen er s\u00e5 stor at fly blir sendt opp for \u00e5 str\u00f8 kjemikalier p\u00e5 skyene, i h\u00e5p om at det skal utl\u00f8se regn. <\/p>\n<p class=\"hyperion-css-1j42uic\">Sjokkerende bilder av tomme vannreservoarer og innt\u00f8rkede elveleier i Iran sprer seg p\u00e5 <a aria-label=\"sosiale medier\" class=\"feature hyperion-css-1raymq9\" href=\"https:\/\/x.com\/MonitorX99800\/status\/1989359217183277074?s=20\" target=\"_blank\" rel=\"noopener nofollow noreferrer\" data-test-tag=\"external-link\">sosiale medier<\/a>. T\u00f8rken er historisk og har n\u00e5dd et kritisk punkt. Dette er den varmeste h\u00f8sten p\u00e5 <a aria-label=\"nesten 50 \u00e5r\" class=\"feature hyperion-css-1raymq9\" href=\"https:\/\/climateadaptationplatform.com\/iran-faces-worst-drought-in-a-decade-evacuation-planned\/\" target=\"_blank\" rel=\"noopener nofollow noreferrer\" data-test-tag=\"external-link\">nesten 50 \u00e5r<\/a>. Og det er det sjette t\u00f8rke\u00e5ret p\u00e5 rad.<\/p>\n<p class=\"hyperion-css-1j42uic\">If\u00f8lge vannmyndighetene er de viktigste demningene som forsyner over ti millioner mennesker i hovedstaden Teheran, n\u00e5 kun<a aria-label=\" fem prosent fulle\" class=\"feature hyperion-css-1raymq9\" href=\"https:\/\/www.nytimes.com\/2025\/11\/09\/world\/middleeast\/iran-water-rationing-drought.html?ueid=0bedad3baf3f4ed7732f8c0ec2238924&amp;utm_source=Sailthru&amp;utm_medium=email&amp;utm_campaign=Future Perfect 11\/12\/25&amp;utm_term=Future Perfect\" target=\"_blank\" rel=\"noopener nofollow noreferrer\" data-test-tag=\"external-link\"> fem prosent fulle<\/a>.<\/p>\n<p class=\"hyperion-css-1j42uic\">T\u00f8rken er s\u00e5 alvorlig at noen iranere n\u00e5 sp\u00f8ker med \u2013 eller kanskje mener p\u00e5 alvor \u2013 at nabolandene \u00abstjeler\u00bb regnskyene deres og <a aria-label=\"leder dem bort fra landet\" class=\"feature hyperion-css-1raymq9\" href=\"https:\/\/www.khabaronline.ir\/news\/2144216\/\u0645\u0627\u062c\u0631\u0627\u06cc-\u0647\u0627\u0631\u067e-\u0648-\u0627\u0628\u0631-\u062f\u0632\u062f\u06cc-\u0627\u0632-\u0622\u0633\u0645\u0627\u0646-\u0627\u06cc\u0631\u0627\u0646-\u0686\u06cc\u0633\u062a\" target=\"_blank\" rel=\"noopener nofollow noreferrer\" data-test-tag=\"external-link\">leder dem bort fra landet<\/a>.<\/p>\n<p class=\"hyperion-css-1j42uic\">\u2013 Til en viss grad har de faktisk rett, sier klimaforsker Rasmus Benestad ved Meteorologisk institutt i Oslo.<\/p>\n<p><img decoding=\"async\" class=\"image-asset hyperion-css-u06ts1\" data-test-tag=\"image-asset\" src=\"https:\/\/www.europesays.com\/no\/wp-content\/uploads\/2025\/11\/0fc155de-c8bd-4e34-a203-804c19de4b55\"  alt=\"En hund ved den innt\u00f8rkede Amirkabir-dammen like ved Teheran.\"  loading=\"eager\" fetchpriority=\"high\" style=\"aspect-ratio:2048 \/ 1365\"\/>En hund ved den innt\u00f8rkede Amirkabir-dammen like ved Teheran. Foto: Majid Asgaripour, Reuters \/ NTBVarmere klima frakter regnet bort<\/p>\n<p class=\"paywall hyperion-css-1j42uic\">Subtropiske str\u00f8kSubtropiske str\u00f8kSubtropene er omr\u00e5dene n\u00e6rmest nord og s\u00f8r for tropene. Sonen omfattes av Middelhavet, Mellom-Amerika, Australia, S\u00f8r-Afrika og deler av Asia og S\u00f8r-Amerika, som Iran, f\u00e5r mindre regn p\u00e5 grunn av klimaendringene fordi mer regn n\u00e5 faller i tropiske str\u00f8k n\u00e6rmere ekvator.<\/p>\n<p class=\"paywall hyperion-css-1j42uic\">\u2013 Det faller alts\u00e5 ned helt andre steder enn der det pleier, forklarer Benestad.<\/p>\n<p class=\"paywall hyperion-css-1j42uic\">En ond spiral forverrer krisen:<\/p>\n<p class=\"paywall hyperion-css-1j42uic\">\u2013 Mindre vann f\u00f8rer til at den naturlige kj\u00f8lingen av grunnen forsvinner. Dermed blir det ogs\u00e5 flere heteb\u00f8lger, forklarer han.<\/p>\n<p class=\"paywall hyperion-css-1j42uic\">Mange iranere tyr n\u00e5 til b\u00f8nn i h\u00e5p om at situasjonen vil forbedre seg: Tusenvis l\u00f8fter hendene mot himmelen og ber om regn.<\/p>\n<p>B\u00f8nn for regn er blitt et n\u00e6rmest dagligdags syn i Iran under t\u00f8rkeperioden. Video: Instagram. <\/p>\n<p class=\"paywall hyperion-css-1j42uic\">President Masoud Pezeshkian advarte i forrige uke om at vannet i Teheran m\u00e5 rasjoneres hvis det ikke snart kommer regn.<\/p>\n<p class=\"paywall hyperion-css-1j42uic\">\u2013 Og hvis rasjonering ikke fungerer, kan vi bli n\u00f8dt til \u00e5 evakuere Teheran, sier <a aria-label=\"han\" class=\"feature hyperion-css-1raymq9\" href=\"https:\/\/www.aljazeera.com\/news\/2025\/11\/12\/as-the-dams-feeding-tehran-run-dry-iran-struggles-with-a-dire-water-crisis\" target=\"_blank\" rel=\"noopener nofollow noreferrer\" data-test-tag=\"external-link\">han<\/a>.<\/p>\n<p class=\"paywall hyperion-css-1j42uic\">Vannrasjonering har allerede p\u00e5g\u00e5tt lenge. Mange av innbyggerne opplever vannkutt mellom midnatt og klokken fem.<\/p>\n<p class=\"paywall hyperion-css-1j42uic\">Vannanalytiker og iransk eksilgeolog Nikahang Kowsar mener forslaget om \u00e5 flytte hovedstaden ikke er en reell l\u00f8sning. Han er redakt\u00f8r for nettstedet Abangan i Washington. <\/p>\n<p class=\"paywall hyperion-css-1j42uic\"> \u2013 \u00c5 flytte Teheran l\u00f8ser ingenting. Det skjuler bare problemet. Iran trenger en helhetlig vannplan basert p\u00e5 dagens klima og befolkning, sier han til Aftenposten.<\/p>\n<p class=\"paywall hyperion-css-1j42uic\">Erfan Hosseini, klimaaktivist i Iran, karakteriserer vannkrisen som katastrofal.<\/p>\n<p class=\"paywall hyperion-css-1j42uic\">\u2013 Elver t\u00f8rker ut, antallet jordras har \u00f8kt kraftig og folk mister alt, sier han.<\/p>\n<p>Sprer kjemikalier inn i skyene<\/p>\n<p class=\"paywall hyperion-css-1j42uic\">I november er fly blitt sendt opp for \u00e5 spre kjemikalier inn i skyene over omr\u00e5det rundt Urmiasj\u00f8en i Nordvest-Iran. S\u00e5kalt skys\u00e5ing er en metode Iran har brukt i flere \u00e5r for \u00e5 f\u00e5 skyene til \u00e5 slippe mer regn.<\/p>\n<p class=\"paywall hyperion-css-1j42uic\">Dette har kanskje noe for seg, bekrefter klimaforsker Rasmus Benestad, hvis det er fuktighet i luften.<\/p>\n<p class=\"paywall hyperion-css-1j42uic\">\u2013 Under Beijing-OL i 2008 brukte kinesiske myndigheter knepet for \u00e5 forhindre at regn skulle treffe arrangementene, sier han. <\/p>\n<p class=\"paywall hyperion-css-1j42uic\">Enkelte delstater i USA har vedtatt lover som forbyr slik triksing med v\u00e6ret.<\/p>\n<p class=\"paywall hyperion-css-1j42uic\"><strong>Urmiasj\u00f8en, som en gang var Midt\u00f8stens st\u00f8rste innsj\u00f8, er n\u00e5 nesten t\u00f8rket helt ut.<\/strong><\/p>\n<p class=\"paywall hyperion-css-1j42uic\">Denne tidsserien med satellittbilder fra europeiske Sentinel-2 viser hvordan den mektige innsj\u00f8en p\u00e5 f\u00e5 \u00e5r er omgjort til en salt\u00f8rken.<\/p>\n<p><img decoding=\"async\" class=\"image-asset hyperion-css-u06ts1\" data-test-tag=\"image-asset\" src=\"https:\/\/www.europesays.com\/no\/wp-content\/uploads\/2025\/11\/13e25d96-7bb4-4294-ab06-5d7a6d00b03d\"  alt=\"Urmiasj\u00f8en er totalforvandlet bare siden 2019. Det siste bildet i denne tidsserien er fra 1. november i \u00e5r. Da var det minimalt med vann tilbake.\"  loading=\"eager\" fetchpriority=\"high\" style=\"aspect-ratio:512 \/ 512\"\/>Urmiasj\u00f8en er totalforvandlet bare siden 2019. Det siste bildet i denne tidsserien er fra 1. november i \u00e5r. Da var det minimalt med vann tilbake. Foto: Copernicus\/ESA\/Sentinel Hub<\/p>\n<p class=\"paywall hyperion-css-1j42uic\">Nedb\u00f8rsmengden i Iran har falt med omtrent 89 prosent sammenlignet med langtidsgjennomsnittet, if\u00f8lge en uttalelse fra den nasjonale v\u00e6rvarslingstjenesten l\u00f8rdag.<\/p>\n<p class=\"paywall hyperion-css-1j42uic\">Skys\u00e5ingen har faktisk gitt resultater, meldte det statlige nyhetsbyr\u00e5et <a aria-label=\"IRNA\" class=\"feature hyperion-css-1raymq9\" href=\"https:\/\/www.irna.ir\/news\/85998412\/\u0648\u0631\u0648\u062f-\u0633\u06cc\u0644\u0627\u0628-\u0628\u0647-\u06f4\u06f0-\u062e\u0627\u0646\u0647-\u062f\u0631-\u0622\u0628\u062f\u0627\u0646\u0627\u0646-\u062f\u0633\u062a\u0648\u0631-\u0641\u0648\u0631\u06cc-\u0627\u0633\u062a\u0627\u0646\u062f\u0627\u0631-\u0627\u06cc\u0644\u0627\u0645-\u0628\u0631\u0627\u06cc\" target=\"_blank\" rel=\"noopener nofollow noreferrer\" data-test-tag=\"external-link\">IRNA<\/a> l\u00f8rdag. Det f\u00f8rte til voldsomme vannskyll enkelte steder:<\/p>\n<p>Derfor g\u00e5r Iran tom for vann<\/p>\n<p class=\"paywall hyperion-css-1j42uic\">Irans energiminister Ali Abadi understreker at vannkrisen i Teheran har to \u00e5rsaker: B\u00e5de manglende nedb\u00f8r og store lekkasjer i hovedstadens over hundre \u00e5r gamle vanninfrastruktur.<\/p>\n<p class=\"paywall hyperion-css-1j42uic\">Rundt en tredjedel av alt vann i Iran g\u00e5r tapt eller brukes uten \u00e5 gi noe tilbake, if\u00f8lge <a aria-label=\"statlige medier\" class=\"feature hyperion-css-1raymq9\" href=\"https:\/\/www.aljazeera.com\/news\/2025\/11\/12\/as-the-dams-feeding-tehran-run-dry-iran-struggles-with-a-dire-water-crisis\" target=\"_blank\" rel=\"noopener nofollow noreferrer\" data-test-tag=\"external-link\">statlige medier<\/a>. <\/p>\n<p class=\"paywall hyperion-css-1j42uic\">Kowsar mener at den dype vannkrisen f\u00f8rst og fremst skyldes d\u00e5rlig vannforvaltning. Han forklarer at problemene starter lenge f\u00f8r vannet n\u00e5r byene. Global oppvarming har gjort situasjonen enda verre.<\/p>\n<p class=\"paywall hyperion-css-1j42uic\"> \u2013 Nesten 90 prosent av Irans fornybare vannressurser g\u00e5r til landbruk, sier han. <\/p>\n<p class=\"paywall hyperion-css-1j42uic\">I tillegg har myndighetene tappet enorme mengder grunnvann som ikke kan erstattes. Resultatet er at store deler av landet n\u00e5 er avhengig av vann som snart bare vil v\u00e6re \u00abbrakkvann eller salt\u00bb.<\/p>\n<ul class=\"hyperion-css-14vns5j\">\n<li class=\"hyperion-css-14xjksf\"><img decoding=\"async\" class=\"image-asset hyperion-css-n6kkq1\" data-test-tag=\"image-asset\" src=\"https:\/\/www.europesays.com\/no\/wp-content\/uploads\/2025\/11\/8df0c6c6-c3eb-4d00-a9c0-17b9981fdf6b\"  alt=\"\"  fetchpriority=\"auto\" style=\"aspect-ratio:1280 \/ 1900\"\/><\/li>\n<li class=\"hyperion-css-yvjkn8\"><img decoding=\"async\" class=\"image-asset hyperion-css-n6kkq1\" data-test-tag=\"image-asset\" src=\"https:\/\/www.europesays.com\/no\/wp-content\/uploads\/2025\/11\/49b4e4bc-2e04-4a66-bf63-a79c75b99d13\"  alt=\"\"  fetchpriority=\"auto\" style=\"aspect-ratio:1280 \/ 1900\"\/><\/li>\n<\/ul>\n<p>Amir Kabir-dammen ligger nordvest for Teheran og er en annen viktig vannkilde i Iran. Dammen brukes ogs\u00e5 til \u00e5 produsere str\u00f8m. Bildet til venstre er fra november 2024. Det til h\u00f8yre fra november i \u00e5r.Satellittfoto: Planet Labs PBC.<\/p>\n<p class=\"paywall hyperion-css-1j42uic\">\u2013 Det er feil vannstyring. De t\u00f8mmer omr\u00e5der som faktisk har vann, for \u00e5 holde liv i fabrikker som aldri burde v\u00e6rt bygget der, sier klimaaktivisten Hosseini.<\/p>\n<p class=\"paywall hyperion-css-1j42uic\">Til tross for at en by som Isfahan sliter med<a aria-label=\" t\u00f8rke og har lite vann\" class=\"feature hyperion-css-1raymq9\" href=\"https:\/\/www.tehrantimes.com\/news\/459099\/Giving-new-life-to-central-Iranian-plateau\" target=\"_blank\" rel=\"noopener nofollow noreferrer\" data-test-tag=\"external-link\"> t\u00f8rke og har lite vann<\/a>, har myndighetene plassert flere vannkrevende fabrikker der, blant dem st\u00e5lgiganten Esfahan Steel Company. Dette har f\u00f8rt til at regjeringen m\u00e5 flytte vann fra andre, vannrikere omr\u00e5der for \u00e5 dekke industriens behov, i stedet for \u00e5 etablere industrien der vannet er.<\/p>\n<p class=\"paywall hyperion-css-1j42uic\">If\u00f8lge Hosseini viser dette hvor lite tillit myndighetene har til lokalsamfunnene i omr\u00e5dene som faktisk har vann.<\/p>\n<p class=\"paywall hyperion-css-1j42uic\">Vannanalytikeren Kowsar mener at demningspolitikken ogs\u00e5 har gjort situasjonen verre.<\/p>\n<p class=\"paywall hyperion-css-1j42uic\"> \u2013 Siden andre verdenskrig har Iran bygget over 650 demninger. Mange av dem skulle aldri v\u00e6rt bygget, sier han. <\/p>\n<p class=\"paywall hyperion-css-1j42uic\">Dammene blokkerer elver som normalt fyller opp grunnvannet, og tvinger b\u00f8nder til \u00e5 bore stadig dypere br\u00f8nner. \u2013 Slik tapper vi oss selv, forklarer han.<\/p>\n<ul class=\"hyperion-css-qx3sj9\">\n<li class=\"hyperion-css-14xjksf\"><img decoding=\"async\" class=\"image-asset hyperion-css-n6kkq1\" data-test-tag=\"image-asset\" src=\"https:\/\/www.europesays.com\/no\/wp-content\/uploads\/2025\/11\/00b434fa-248a-4fff-9f3b-9ffc5d98dd59\"  alt=\"\"  fetchpriority=\"auto\" style=\"aspect-ratio:1920 \/ 1080\"\/><\/li>\n<li class=\"hyperion-css-yvjkn8\"><img decoding=\"async\" class=\"image-asset hyperion-css-n6kkq1\" data-test-tag=\"image-asset\" src=\"https:\/\/www.europesays.com\/no\/wp-content\/uploads\/2025\/11\/8bf69988-7ce9-4cb4-a9b9-ba190f6466e1\"  alt=\"\"  fetchpriority=\"auto\" style=\"aspect-ratio:1920 \/ 1080\"\/><\/li>\n<\/ul>\n<p>Lar-dammen ligger nord\u00f8st for Teheran og er en viktig kilde for drikkevann og vann til landbruket. Bildet til venstre er fra november 2024. Det til h\u00f8yre fra november i \u00e5r.Satellittfoto: Planet Labs PBC.<\/p>\n<ul class=\"hyperion-css-qx3sj9\">\n<li class=\"hyperion-css-14xjksf\"><img decoding=\"async\" class=\"image-asset hyperion-css-n6kkq1\" data-test-tag=\"image-asset\" src=\"https:\/\/www.europesays.com\/no\/wp-content\/uploads\/2025\/11\/153dcaa5-543e-46ea-8bde-7b83e05a46a4\"  alt=\"\"  fetchpriority=\"auto\" style=\"aspect-ratio:2048 \/ 1152\"\/><\/li>\n<li class=\"hyperion-css-yvjkn8\"><img decoding=\"async\" class=\"image-asset hyperion-css-n6kkq1\" data-test-tag=\"image-asset\" src=\"https:\/\/www.europesays.com\/no\/wp-content\/uploads\/2025\/11\/6314e9a5-6161-4ceb-af77-265522b0b52f\"  alt=\"\"  fetchpriority=\"auto\" style=\"aspect-ratio:2048 \/ 1152\"\/><\/li>\n<\/ul>\n<p>Sefid Rud-dammen i Gilan-provinsen og er en viktig kilde for vann til landbruket i det nord\u00f8stlige Iran. Bildet til venstre er fra november 2024. Det til h\u00f8yre fra november i \u00e5r.Satellittfoto: Planet Labs PBC.<\/p>\n","protected":false},"excerpt":{"rendered":"Iran er i ferd med \u00e5 g\u00e5 tom for vann.&raquo; } ], &laquo;visual&raquo;: { &laquo;type&raquo;: &laquo;image&raquo;, &laquo;config&raquo;: {&hellip;\n","protected":false},"author":2,"featured_media":93727,"comment_status":"","ping_status":"","sticky":false,"template":"","format":"standard","meta":{"footnotes":""},"categories":[5],"tags":[20,21,24,25,15,19,22,23,17,18,13,30,28,29,14,16,26,27],"class_list":{"0":"post-93726","1":"post","2":"type-post","3":"status-publish","4":"format-standard","5":"has-post-thumbnail","7":"category-overskrifter","8":"tag-breaking-news","9":"tag-breakingnews","10":"tag-featured-news","11":"tag-featurednews","12":"tag-headlines","13":"tag-hovedoppslag","14":"tag-latest-news","15":"tag-latestnews","16":"tag-main-news","17":"tag-mainnews","18":"tag-news","19":"tag-no","20":"tag-norge","21":"tag-norway","22":"tag-nyheter","23":"tag-overskrifter","24":"tag-top-stories","25":"tag-topstories"},"share_on_mastodon":{"url":"https:\/\/pubeurope.com\/@no\/115593303280964762","error":""},"_links":{"self":[{"href":"https:\/\/www.europesays.com\/no\/wp-json\/wp\/v2\/posts\/93726","targetHints":{"allow":["GET"]}}],"collection":[{"href":"https:\/\/www.europesays.com\/no\/wp-json\/wp\/v2\/posts"}],"about":[{"href":"https:\/\/www.europesays.com\/no\/wp-json\/wp\/v2\/types\/post"}],"author":[{"embeddable":true,"href":"https:\/\/www.europesays.com\/no\/wp-json\/wp\/v2\/users\/2"}],"replies":[{"embeddable":true,"href":"https:\/\/www.europesays.com\/no\/wp-json\/wp\/v2\/comments?post=93726"}],"version-history":[{"count":0,"href":"https:\/\/www.europesays.com\/no\/wp-json\/wp\/v2\/posts\/93726\/revisions"}],"wp:featuredmedia":[{"embeddable":true,"href":"https:\/\/www.europesays.com\/no\/wp-json\/wp\/v2\/media\/93727"}],"wp:attachment":[{"href":"https:\/\/www.europesays.com\/no\/wp-json\/wp\/v2\/media?parent=93726"}],"wp:term":[{"taxonomy":"category","embeddable":true,"href":"https:\/\/www.europesays.com\/no\/wp-json\/wp\/v2\/categories?post=93726"},{"taxonomy":"post_tag","embeddable":true,"href":"https:\/\/www.europesays.com\/no\/wp-json\/wp\/v2\/tags?post=93726"}],"curies":[{"name":"wp","href":"https:\/\/api.w.org\/{rel}","templated":true}]}}