{"id":93730,"date":"2025-11-22T12:22:10","date_gmt":"2025-11-22T12:22:10","guid":{"rendered":"https:\/\/www.europesays.com\/no\/93730\/"},"modified":"2025-11-22T12:22:10","modified_gmt":"2025-11-22T12:22:10","slug":"sport-kristine-stavas-skistad-mener-skistad-brot-reglene-med-vilje-den-kjoper-jeg-ikke","status":"publish","type":"post","link":"https:\/\/www.europesays.com\/no\/93730\/","title":{"rendered":"Sport, Kristine Stav\u00e5s Skistad | Mener Skistad br\u00f8t reglene med vilje: \u2013 Den kj\u00f8per jeg ikke"},"content":{"rendered":"\n<p>   <img decoding=\"async\" width=\"1500\" height=\"440\" fetchpriority=\"low\"  loading=\"lazy\"  src=\"https:\/\/www.europesays.com\/no\/wp-content\/uploads\/2025\/11\/simen+lnning+sjur+tveito+beitostlen.jpg\" alt=\"\" class=\"brick-c-cFOWSL\" style=\"--brick-image-ratio: 1500 \/ 440;\"\/><\/p>\n<p>BEITOST\u00d8LEN\/OSLO <a href=\"https:\/\/www.nettavisen.no\/sport\/mener-skistad-ble-disket-med-vilje-den-kjoper-jeg-ikke\/s\/5-95-2742028\" rel=\"Follow nofollow noopener\" target=\"_blank\">(Nettavisen)<\/a>: Kristine Stav\u00e5s Skistad p\u00e5dro seg gult kort i fredagens sprint p\u00e5 Beitost\u00f8len.<\/p>\n<p>Etterp\u00e5 <a href=\"https:\/\/www.nettavisen.no\/sport\/kristine-stavas-skistad-ble-forbannet-tullete\/s\/5-95-2741466\" rel=\"Follow nofollow noopener\" target=\"_blank\">\u00e5pnet hun for \u00e5 p\u00e5dra seg et nytt gult kort p\u00e5 l\u00f8rdagens 10 kilometer <\/a>klassisk, slik at hun ble disket og dermed unngikk \u00e5 ta med seg det gule kortet fra sprinten til verdenscupen.<\/p>\n<p>Det gikk ikke helt etter planen.<\/p>\n<p>Juryen ga henne nemlig r\u00f8dt kort da hun sk\u00f8ytet inn p\u00e5 oppl\u00f8pet i Beitost\u00f8len l\u00f8rdag, og dermed m\u00e5 hun ta med seg det gule kortet til verdenscupen likevel.<\/p>\n<p>Hevder hun var sliten<\/p>\n<p>Stav\u00e5s Skistad var mer hemmelighetsfull f\u00f8r start p\u00e5 l\u00f8rdagens 10 kilometer, men p\u00e5 oppl\u00f8pet ble det noen sk\u00f8ytetak p\u00e5 Konnerud-l\u00f8peren.<\/p>\n<p>Overfor NRK ville hun ikke innr\u00f8mme at hun gjorde det med vilje.<\/p>\n<p>\u2013 Jeg var s\u00e5 sliten p\u00e5 slutten. Jeg klarte ikke holde meg i sporet, sier Skistad til NRK.<\/p>\n<p>NRKs langrennsekspert Therese Johaug tror imidlertid ikke p\u00e5 den forklaringen.<\/p>\n<p>\u2013 Jeg kj\u00f8per ikke helt den der, for \u00e5 v\u00e6re helt \u00e6rlig. Det s\u00e5 ut som det var ganske bevisst, sier Johuag.<\/p>\n<p>   <img decoding=\"async\" width=\"8192\" height=\"5464\" fetchpriority=\"low\"  loading=\"lazy\"  src=\"https:\/\/www.europesays.com\/no\/wp-content\/uploads\/2025\/11\/1763814130_812_NTB_WKZ723Dnssk.jpg\" alt=\"G\u00e5sbu 20250116. &#10;Trener Lage Sofienlund   etter at hans \" elev=\"\" kristine=\"\" stav=\"\" skistad=\"\" vant=\"\" sprint=\"\" friteknikk=\"\" langrenn=\"\" under=\"\" ski=\"\" nm=\"\" del=\"\" p=\"\" g=\"\" langrennsenter.=\"\" foto:=\"\" geir=\"\" olsen=\"\" ntb=\"\" class=\"brick-c-cFOWSL\" style=\"--brick-image-ratio: 8192 \/ 5464;\"\/><\/p>\n<p>      Trener Lage Sofienlund.<br \/>\n      Foto: Geir Olsen\n    <\/p>\n<p>  \u2013 M\u00e5 hjem og \u00f8ve p\u00e5 reglene<\/p>\n<p>Noen minutter senere m\u00f8tte Kristine Stav\u00e5s Skistad Nettavisen. Da var det klart at juryen hadde gitt henne r\u00f8dt kort for sk\u00f8ytingen.<\/p>\n<p>\u2013 Det tenker jeg var helt fortjent. Juryen kan jobben sin, s\u00e5 jeg m\u00e5 hjem og \u00f8ve p\u00e5 reglene, sier Skistad.<\/p>\n<p>\u2013 \u00d8ve p\u00e5 \u00e5 f\u00e5 gult kort?<\/p>\n<p>\u2013 Hjem og \u00f8ve p\u00e5 reglene, ja.<\/p>\n<p>Hun avsl\u00f8rer at m\u00f8tet med juryen var kort og konsist, uten dramatikk.<\/p>\n<p>\u2013 Vi var klink enige om at det var klink r\u00f8dt kort, og det er s\u00e5nn det er. Det er litt dumt \u00e5 ta med et gult kort inn i verdenscupen, men jeg har hatt gult kort f\u00f8r, og det g\u00e5r nok fint, sier Skistad.<\/p>\n<p>\u2013 Juryen kan jobben sin. Jeg dreit meg ut. Jeg burde ikke sk\u00f8yta p\u00e5 oppl\u00f8pet. Det var ikke helt bra.<\/p>\n<p>Konnerud-l\u00f8peren erkjenner at det kanskje ikke var s\u00e5 lurt \u00e5 melde p\u00e5 forh\u00e5nd at hun ville ta et gult kort.<\/p>\n<p>Klar beskjed<\/p>\n<p>Juryleder Torbj\u00f8rn Broks Pettersen sier at at juryen kunne ha diskvalifisert Skistad av to \u00e5rsaker.<\/p>\n<p>\u2013 Du skal ikke sk\u00f8yte i klassisk skirenn, s\u00e5 det er disk. S\u00e5 forklarte vi at vi har ogs\u00e5 en ny regel. Dette er ikke i tr\u00e5d med idrettens \u00e5nd. Du g\u00e5r h\u00f8yt ut p\u00e5 banen i g\u00e5r. Det var en bevisst handling, og det er \u00abunsportsmanlike behavior\u00bb. Det er intensjonen med den regelen. Vi bare henviste til den regelen og ga beskjed om at vi kan ogs\u00e5 ta deg p\u00e5 den, sier Broks Pettersen til Nettavisen.<\/p>\n<p>\u2013 Den type oppf\u00f8rsel er \u00e6rlig talt litt usportslig overfor de andre ut\u00f8verne, sier Brok Pettersen.<\/p>\n<p>Treneren: \u2013 Dumt \u00e5 ta med gult kort<\/p>\n<p>Skistads trener Lage Sofienlund hevder han ikke visste om det som hadde skjedd da han m\u00f8tte Nettavisen noen minutter etter m\u00e5lgang.<\/p>\n<p>\u2013 Jeg kommer ut fra l\u00f8ypa n\u00e5, s\u00e5 jeg vet ikke om det. Beklager. Jeg har ingenting \u00e5 si, sier Sofienlund.<\/p>\n<p>\u2013 Hun var ganske tydelig i g\u00e5r, p\u00e5 at hun ville ta et gult kort i dag. Hvordan diskuterte dere dette p\u00e5 forh\u00e5nd?<\/p>\n<p>\u2013 Riktig. Jeg tenker at \u00e5 ha med seg et gult kort ut i verdenscupen, det er noe du ikke vil ha.<\/p>\n<p>\u2013 S\u00e5 dette var planlagt?<\/p>\n<p>\u2013 Det kan hende at hun var s\u00e5 sliten at hun m\u00e5tte sk\u00f8yte p\u00e5 oppl\u00f8pet der. Jeg vet ikke, jeg. Du f\u00e5r snakke med henne, sier Sofienlund.<\/p>\n<p>Rennleder Torbj\u00f8rn Broks Pettersen sier til Nettavisen at han ikke vil kommentere saken av respekt for l\u00f8peren. De vil snakke med l\u00f8peren f\u00f8rst.<\/p>\n<p>Kort tid etterp\u00e5 kom beskjeden om at Skistad fikk gult kort \u2013 sitt andre for helgen \u2013 og at hun dermed er disket, slik hun kan ha planlagt.<\/p>\n<p>Heidi Weng vant l\u00f8rdagens 10 kilometer, 2,3 sekunder foran Kristine Austgulen Fosn\u00e6s, mens Konnerud-l\u00f8per Julie Bjervig Drivenes ble nummer tre.<\/p>\n","protected":false},"excerpt":{"rendered":"BEITOST\u00d8LEN\/OSLO (Nettavisen): Kristine Stav\u00e5s Skistad p\u00e5dro seg gult kort i fredagens sprint p\u00e5 Beitost\u00f8len. Etterp\u00e5 \u00e5pnet hun for&hellip;\n","protected":false},"author":2,"featured_media":93671,"comment_status":"","ping_status":"","sticky":false,"template":"","format":"standard","meta":{"footnotes":""},"categories":[5],"tags":[36,20,21,24,25,15,19,794,398,22,23,17,18,13,30,28,29,14,16,83,1510,26,27],"class_list":{"0":"post-93730","1":"post","2":"type-post","3":"status-publish","4":"format-standard","5":"has-post-thumbnail","7":"category-overskrifter","8":"tag-art","9":"tag-breaking-news","10":"tag-breakingnews","11":"tag-featured-news","12":"tag-featurednews","13":"tag-headlines","14":"tag-hovedoppslag","15":"tag-kristine-stavas-skistad","16":"tag-langrenn","17":"tag-latest-news","18":"tag-latestnews","19":"tag-main-news","20":"tag-mainnews","21":"tag-news","22":"tag-no","23":"tag-norge","24":"tag-norway","25":"tag-nyheter","26":"tag-overskrifter","27":"tag-sport","28":"tag-story","29":"tag-top-stories","30":"tag-topstories"},"share_on_mastodon":{"url":"https:\/\/pubeurope.com\/@no\/115593330514264285","error":""},"_links":{"self":[{"href":"https:\/\/www.europesays.com\/no\/wp-json\/wp\/v2\/posts\/93730","targetHints":{"allow":["GET"]}}],"collection":[{"href":"https:\/\/www.europesays.com\/no\/wp-json\/wp\/v2\/posts"}],"about":[{"href":"https:\/\/www.europesays.com\/no\/wp-json\/wp\/v2\/types\/post"}],"author":[{"embeddable":true,"href":"https:\/\/www.europesays.com\/no\/wp-json\/wp\/v2\/users\/2"}],"replies":[{"embeddable":true,"href":"https:\/\/www.europesays.com\/no\/wp-json\/wp\/v2\/comments?post=93730"}],"version-history":[{"count":0,"href":"https:\/\/www.europesays.com\/no\/wp-json\/wp\/v2\/posts\/93730\/revisions"}],"wp:featuredmedia":[{"embeddable":true,"href":"https:\/\/www.europesays.com\/no\/wp-json\/wp\/v2\/media\/93671"}],"wp:attachment":[{"href":"https:\/\/www.europesays.com\/no\/wp-json\/wp\/v2\/media?parent=93730"}],"wp:term":[{"taxonomy":"category","embeddable":true,"href":"https:\/\/www.europesays.com\/no\/wp-json\/wp\/v2\/categories?post=93730"},{"taxonomy":"post_tag","embeddable":true,"href":"https:\/\/www.europesays.com\/no\/wp-json\/wp\/v2\/tags?post=93730"}],"curies":[{"name":"wp","href":"https:\/\/api.w.org\/{rel}","templated":true}]}}