{"id":93739,"date":"2025-11-22T12:44:08","date_gmt":"2025-11-22T12:44:08","guid":{"rendered":"https:\/\/www.europesays.com\/no\/93739\/"},"modified":"2025-11-22T12:44:08","modified_gmt":"2025-11-22T12:44:08","slug":"dette-er-et-maga-vm-skriver-organisasjon","status":"publish","type":"post","link":"https:\/\/www.europesays.com\/no\/93739\/","title":{"rendered":"Dette er et MAGA-VM, skriver organisasjon"},"content":{"rendered":"\n<ul class=\"_list_o9xde_3 _list_64s2r_85 _unordered_o9xde_106 text-sans-m\">\n<li class=\"_item_o9xde_30\">Norge skal delta i VM i USA, Canada og Mexico, men det kritiseres for \u00e5 bli brukt politisk av Trump.<\/li>\n<li class=\"_item_o9xde_30\">FIFA-president Infantino har en tett relasjon med Trump, som anses som transaksjonell.<\/li>\n<li class=\"_item_o9xde_30\">Amnesty er bekymret for menneskerettigheter, s\u00e6rlig for migranter og retten til \u00e5 protestere.<\/li>\n<li class=\"_item_o9xde_30\">Det er spekulasjoner om at Trump kan f\u00e5 FIFA-fredsprisen, noe som skaper kontroverser.<\/li>\n<\/ul>\n<p>Vis mer <\/p>\n<p class=\"_paragraph_o9xde_4 _paragraph_xtcu6_10 layout-component text-serif-m layout-normal text-serif-m layout-padded\">\u2013 Det mest bekymringsfulle er kanskje i hvor stor grad idrettens ledere aksepterer at sporten blir brukt politisk, uten at de p\u00e5 noen m\u00e5te sier fra, skriver Stanis Elsborg fra organisasjonen Play the GamePlay the GameDansk organisasjon som skriver om og unders\u00f8ker idrettspolitikk. .<\/p>\n<p class=\"_paragraph_o9xde_4 _paragraph_xtcu6_10 layout-component text-serif-m layout-normal text-serif-m layout-padded\">Organisasjonen mener det vi har i vente er et MAGAMAGAMake America Great Again, som er Trumps politiske slagord og ogs\u00e5 er blitt betegnelsen p\u00e5 ideologien til hans administrasjon. -VM. <\/p>\n<p class=\"_paragraph_o9xde_4 _paragraph_xtcu6_10 layout-component text-serif-m layout-normal text-serif-m layout-padded\">Et VM som brukes i USA-president Donald Trumps politiske kampanje, en skj\u00f8nnmaling av hans USA.<\/p>\n<p class=\"_paragraph_o9xde_4 _paragraph_xtcu6_10 layout-component text-serif-m layout-normal text-serif-m layout-padded\">\u2013 Trump f\u00e5r et globalt show og en internasjonal scene, hvor han kan plassere seg midt i sportens store \u00f8yeblikk, skriver Elsborg.<\/p>\n<p class=\"_paragraph_o9xde_4 _paragraph_xtcu6_10 layout-component text-serif-m layout-normal text-serif-m layout-padded\">Som han gjorde under klubb-VM i sommer:<\/p>\n<p class=\"_paragraph_o9xde_4 _paragraph_xtcu6_10 layout-component text-serif-m layout-normal text-serif-m layout-padded\">Fifa-president Gianni Infantino og Trump omg\u00e5s mye for tiden.<\/p>\n<p class=\"_paragraph_o9xde_4 _paragraph_xtcu6_10 layout-component text-serif-m layout-normal text-serif-m layout-padded\">Helt fra Trumps innsettelse i januar, til middagen med Cristiano Ronaldo, Elon Musk og deres kompani n\u00e5 nylig.<\/p>\n<p class=\"_paragraph_o9xde_4 _paragraph_xtcu6_10 layout-component text-serif-m layout-normal text-serif-m layout-padded\">\u2013 Begge vet akkurat hva de f\u00e5r ut av hverandre, sier Elsborg om presidentenes relasjon \u2013 en relasjon som beskrives som transaksjonelltransaksjonellEn byttehandel: Begge parter f\u00e5r noe av den andre, og begge parter gir noe. .<\/p>\n<p>Cristiano Ronaldo tar en selfie med blant andre Elon Musk (venstre, bak) og Gianni Infantino (til h\u00f8yre for Musk) tidligere denne uken. Foto: DavidSacks via X \/ Reuters \/ NTB<\/p>\n<p class=\"_paragraph_o9xde_4 _paragraph_xtcu6_10 layout-component text-serif-m layout-normal text-serif-m layout-padded\">Infantino pleier eller har pleid flere slike relasjoner.<\/p>\n<p class=\"_paragraph_o9xde_4 _paragraph_xtcu6_10 layout-component text-serif-m layout-normal text-serif-m layout-padded\">Fra Vladimir Putin i forbindelse med 2018-VM, til Saudi-Arabias mektige kronprins Mohammed Bin Salman. <\/p>\n<p class=\"_paragraph_o9xde_4 _paragraph_xtcu6_10 layout-component text-serif-m layout-normal text-serif-m layout-padded\">\u2013 Hans meget, meget tette relasjoner til all verdens statsledere viser hvor langt han er villig til \u00e5 g\u00e5 for \u00e5 sikre seg tilgang, penger og politisk beskyttelse.<\/p>\n<p class=\"_paragraph_o9xde_4 _paragraph_xtcu6_10 layout-component text-serif-m layout-normal text-serif-m layout-padded\">\u2013 Fifa under Infantino har beveget seg tettere og tettere p\u00e5 autokratiske ledere, skriver Elsborg.<\/p>\n<p>Trump p\u00e5 idrettsarenaen \u2013 her dukket han opp<\/p>\n<p class=\"_paragraph_o9xde_4 _paragraph_xtcu6_10 _paragraph_16v91_10 layout-component text-serif-m layout-normal text-sans-m layout-padded\">B\u00e5de Play the Game og menneskerettighetsorganisasjonen Amnesty hevder USA-president Donald Trump bruker VM for \u00e5 fremheve seg selv og sin politikk.<\/p>\n<p class=\"_paragraph_o9xde_4 _paragraph_xtcu6_10 _paragraph_16v91_10 layout-component text-serif-m layout-normal text-sans-m layout-padded\">Han har v\u00e6rt til stede p\u00e5 flere store idrettsarrangementer etter han ble gjenvalgt.<\/p>\n<p class=\"_paragraph_o9xde_4 _paragraph_xtcu6_10 _paragraph_16v91_10 layout-component text-serif-m layout-normal text-sans-m layout-padded\">Super Bowl, Daytona 500, UFC-kamper, US Open-finalen i tennis og finalen i klubb-VM i fotball er noen av disse.<\/p>\n<p class=\"_paragraph_o9xde_4 _paragraph_xtcu6_10 _paragraph_16v91_10 layout-component text-serif-m layout-normal text-sans-m layout-padded\">\u00abDer tidligere presidenter brukte idrett for seremonielle opptredener eller mykt diplomati, har Trump gjort dette til en slagmark for kulturkrigen\u00bb, skriver Play the Game i en rapport.<\/p>\n<p>Vis mer<\/p>\n<p class=\"_paragraph_o9xde_4 _paragraph_xtcu6_10 layout-component text-serif-m layout-normal text-serif-m layout-padded\">De siste to verdensmesterskapene, og spesielt det siste i Qatar, har v\u00e6rt preget av diskusjoner omkring menneskerettighetene i vertsnasjonene.<\/p>\n<p class=\"_paragraph_o9xde_4 _paragraph_xtcu6_10 layout-component text-serif-m layout-normal text-serif-m layout-padded\">Det kommende mesterskapet er det f\u00f8rste som ble tildelt etter at Fifa vedtok nye retningslinjer for menneskerettigheter i tildelingen.<\/p>\n<p class=\"_paragraph_o9xde_4 _paragraph_xtcu6_10 layout-component text-serif-m layout-normal text-serif-m layout-padded\">Dermed har de tre vertsnasjonene, og Fifa, forpliktet seg til \u00e5 respektere disse.<\/p>\n<p class=\"_paragraph_o9xde_4 _paragraph_xtcu6_10 layout-component text-serif-m layout-normal text-serif-m layout-padded\">Organisasjonen Amnesty har identifisert risiko rundt alt fra diskriminering og immigrasjonssp\u00f8rsm\u00e5l, til sikkerhet og retten til \u00e5 protestere.<\/p>\n<p class=\"_paragraph_o9xde_4 _paragraph_xtcu6_10 layout-component text-serif-m layout-normal text-serif-m layout-padded\">\u2013 Og s\u00e5 ser vi dessverre at menneskerettighetene er under stadig st\u00f8rre angrep. S\u00e6rlig i USA har man sett et negativt retningsskifte, sier r\u00e5dgiver Frank Conde Tangberg.<\/p>\n<p><img decoding=\"async\" alt=\"Bilde av Frank Conde Tangberg\" class=\"_image_ygndg_42\" height=\"30\" itemprop=\"image\" loading=\"lazy\"  src=\"https:\/\/www.europesays.com\/no\/wp-content\/uploads\/2025\/11\/7e562c43-1e86-4f08-babb-e4e078031e07\"  width=\"40\"\/><strong class=\"_name_ygndg_51 title-serif-xs\">Frank Conde Tangberg<\/strong><\/p>\n<p class=\"_paragraph_o9xde_4 text-sans-m _description_ygndg_56\">Politisk r\u00e5dgiver i Amnesty<\/p>\n<p class=\"_paragraph_o9xde_4 _paragraph_xtcu6_10 layout-component text-serif-m layout-normal text-serif-m layout-padded\">Han sier Fifas mantra om at \u00abfotballen forener verden\u00bb sl\u00e5r sprekker i USA. <\/p>\n<p class=\"_paragraph_o9xde_4 _paragraph_xtcu6_10 layout-component text-serif-m layout-normal text-serif-m layout-padded\">I stedet st\u00e5r den n\u00e5v\u00e6rende administrasjonen for en splittende og ekskluderende politikk, sier r\u00e5dgiveren.<\/p>\n<p class=\"_paragraph_o9xde_4 _paragraph_xtcu6_10 layout-component text-serif-m layout-normal text-serif-m layout-padded\">\u2013 Og her tenker jeg det hadde v\u00e6rt viktig at Fifa burde ha brukt sin innflytelse, som eier av turneringen, til \u00e5 s\u00f8rge for at menneskerettighetene blir ivaretatt, sier han.<\/p>\n<p class=\"_paragraph_o9xde_4 _paragraph_xtcu6_10 layout-component text-serif-m layout-normal text-serif-m layout-padded\">Amnesty er s\u00e6rlig\u00a0bekymret for rettighetene til migranter, asyls\u00f8kere og flyktninger, s\u00e5 vel som\u00a0retten til \u00e5 protestere under mesterskapet.<\/p>\n<p class=\"_paragraph_o9xde_4 _paragraph_xtcu6_10 layout-component text-serif-m layout-normal text-serif-m layout-padded\">\u2013 Amerikanske myndigheter har utsatt migranter, asyls\u00f8kere og\/eller flyktninger for vilk\u00e5rlige arrestasjoner, tvungne forsvinninger og deportasjoner i stor skala. <\/p>\n<p class=\"_paragraph_o9xde_4 _paragraph_xtcu6_10 layout-component text-serif-m layout-normal text-serif-m layout-padded\">\u2013 Vi frykter at det kan forekomme hendelser i forbindelse med fotballkampene, og at det medf\u00f8rer protester som igjen blir m\u00f8tt med militarisering, sier Tangberg.<\/p>\n<p class=\"_paragraph_o9xde_4 _paragraph_xtcu6_10 layout-component text-serif-m layout-normal text-serif-m layout-padded\">I sommer ble immigrasjonsmyndighetene (ICEICEU.S. Immigration and Customs Enforcement) utplassert i forbindelse med klubb-VM.<\/p>\n<p class=\"_paragraph_o9xde_4 _paragraph_xtcu6_10 layout-component text-serif-m layout-normal text-serif-m layout-padded\">\u2013 Hvis ikke det fikk alarmklokkene til \u00e5 g\u00e5 hos Fifa, vet jeg ikke hva som vil gj\u00f8re det, sier Tangberg.<\/p>\n<p class=\"_paragraph_o9xde_4 _paragraph_xtcu6_10 layout-component text-serif-m layout-normal text-serif-m layout-padded\">I 2026 er det ti \u00e5r siden b\u00e5de Infantino kom til Fifa-makten og Trump vant sitt f\u00f8rste valg.<\/p>\n<p class=\"_paragraph_o9xde_4 _paragraph_xtcu6_10 layout-component text-serif-m layout-normal text-serif-m layout-padded\">Er det derfor grunn til \u00e5 v\u00e6re overrasket over denne utviklingen i relasjonen mellom de to?<\/p>\n<p class=\"_paragraph_o9xde_4 _paragraph_xtcu6_10 layout-component text-serif-m layout-normal text-serif-m layout-padded\">\u2013 Ingenting overrasker meg n\u00e5r det gjelder Fifa, sier Tangberg.<\/p>\n<p class=\"_paragraph_o9xde_4 _paragraph_xtcu6_10 layout-component text-serif-m layout-normal text-serif-m layout-padded\">Offentliggj\u00f8ringen av Fifas fredspris tok imidlertid mange p\u00e5 sengen likevel.<\/p>\n<p class=\"_paragraph_o9xde_4 _paragraph_xtcu6_10 layout-component text-serif-m layout-normal text-serif-m layout-padded\">Den skal deles ut for f\u00f8rste gang i forbindelse med trekningen 5. desember.<\/p>\n<p class=\"_paragraph_o9xde_4 _paragraph_xtcu6_10 layout-component text-serif-m layout-normal text-serif-m layout-padded\">P\u00e5 <a href=\"https:\/\/polymarket.com\/event\/will-trump-win-fifa-peace-prize\" class=\"_link_o9xde_39\" rel=\"nofollow noopener\" target=\"_blank\">Polymarket<\/a> er det 95 prosent sannsynlighet for at prisen g\u00e5r til Infantinos venn Donald Trump.<\/p>\n<p class=\"_paragraph_o9xde_4 _paragraph_xtcu6_10 layout-component text-serif-m layout-normal text-serif-m layout-padded\">\u2013 Jeg tror vi m\u00e5 sp\u00f8rre oss selv hvilken moralsk autoritet Fifa har til \u00e5 dele ut den fredsprisen n\u00e5r de har en s\u00e5 skrekkelig historikk p\u00e5 menneskerettigheter, sier Frank Conde Tangberg.<\/p>\n","protected":false},"excerpt":{"rendered":"Norge skal delta i VM i USA, Canada og Mexico, men det kritiseres for \u00e5 bli brukt politisk&hellip;\n","protected":false},"author":2,"featured_media":93740,"comment_status":"","ping_status":"","sticky":false,"template":"","format":"standard","meta":{"footnotes":""},"categories":[59],"tags":[55,4472,7826,3163,30,28,29,83,82],"class_list":{"0":"post-93739","1":"post","2":"type-post","3":"status-publish","4":"format-standard","5":"has-post-thumbnail","7":"category-sport","8":"tag-donald-trump","9":"tag-fotball-vm","10":"tag-gianni-infantino","11":"tag-herrelandslaget-fotball","12":"tag-no","13":"tag-norge","14":"tag-norway","15":"tag-sport","16":"tag-sports"},"share_on_mastodon":{"url":"https:\/\/pubeurope.com\/@no\/115593416887166340","error":""},"_links":{"self":[{"href":"https:\/\/www.europesays.com\/no\/wp-json\/wp\/v2\/posts\/93739","targetHints":{"allow":["GET"]}}],"collection":[{"href":"https:\/\/www.europesays.com\/no\/wp-json\/wp\/v2\/posts"}],"about":[{"href":"https:\/\/www.europesays.com\/no\/wp-json\/wp\/v2\/types\/post"}],"author":[{"embeddable":true,"href":"https:\/\/www.europesays.com\/no\/wp-json\/wp\/v2\/users\/2"}],"replies":[{"embeddable":true,"href":"https:\/\/www.europesays.com\/no\/wp-json\/wp\/v2\/comments?post=93739"}],"version-history":[{"count":0,"href":"https:\/\/www.europesays.com\/no\/wp-json\/wp\/v2\/posts\/93739\/revisions"}],"wp:featuredmedia":[{"embeddable":true,"href":"https:\/\/www.europesays.com\/no\/wp-json\/wp\/v2\/media\/93740"}],"wp:attachment":[{"href":"https:\/\/www.europesays.com\/no\/wp-json\/wp\/v2\/media?parent=93739"}],"wp:term":[{"taxonomy":"category","embeddable":true,"href":"https:\/\/www.europesays.com\/no\/wp-json\/wp\/v2\/categories?post=93739"},{"taxonomy":"post_tag","embeddable":true,"href":"https:\/\/www.europesays.com\/no\/wp-json\/wp\/v2\/tags?post=93739"}],"curies":[{"name":"wp","href":"https:\/\/api.w.org\/{rel}","templated":true}]}}