{"id":93749,"date":"2025-11-22T13:01:17","date_gmt":"2025-11-22T13:01:17","guid":{"rendered":"https:\/\/www.europesays.com\/no\/93749\/"},"modified":"2025-11-22T13:01:17","modified_gmt":"2025-11-22T13:01:17","slug":"vil-fa-det-solgt-for-jeg-er-70-e24","status":"publish","type":"post","link":"https:\/\/www.europesays.com\/no\/93749\/","title":{"rendered":"\u2013 Vil f\u00e5 det solgt f\u00f8r jeg er 70 \u2013 E24"},"content":{"rendered":"<p class=\"fullWidthDesktop hyperion-css-71ztg2\" data-test-tag=\"lead-text\">J\u00f8rgen Hem jakter en kj\u00f8per like \u00abs\u00e6r\u00bb som ham selv. Ekspert advarer mot \u00e5 droppe megler.<\/p>\n<p><img decoding=\"async\" class=\"image-asset hyperion-css-u06ts1\" data-test-tag=\"image-asset\" src=\"https:\/\/www.europesays.com\/no\/wp-content\/uploads\/2025\/11\/b4a97165-2b08-4f78-94dc-5acd3a404a16\"  alt=\"BRUKSAREAL: Boligen har et bruksareal p\u00e5 270 kvadratmeter, med totalt fire soverom.\"  loading=\"eager\" fetchpriority=\"high\" style=\"aspect-ratio:1774 \/ 1183\"\/>BRUKSAREAL: Boligen har et bruksareal p\u00e5 270 kvadratmeter, med totalt fire soverom. Foto: Privat \/ Heidi Marie G\u00f8per\u00f8dPublisert: Publisert: <\/p>\n<p>For mindre enn 20 minutter siden<\/p>\n<ul class=\"hyperion-css-pte5x0\">\n<li aria-label=\"link\" class=\"narrow-button hyperion-css-1sz7d3n\">Kopier lenke<\/li>\n<li aria-label=\"link\" class=\"wide-button hyperion-css-1sz7d3n\">Kopier lenke<\/li>\n<li aria-label=\"facebook\" class=\"narrow-button hyperion-css-1sz7d3n\">Del p\u00e5 Facebook<\/li>\n<li aria-label=\"facebook\" class=\"wide-button hyperion-css-1sz7d3n\">Del p\u00e5 Facebook<\/li>\n<li aria-label=\"email\" class=\"narrow-button hyperion-css-1sz7d3n\">Del med e-post<\/li>\n<li aria-label=\"email\" class=\"wide-button hyperion-css-1sz7d3n\">Del med e-post<\/li>\n<\/ul>\n<p class=\"hyperion-css-1lemvax\">F\u00f8rste gang Hem pr\u00f8vde \u00e5 selge boligen sin, var i august 2016, for over ni \u00e5r siden.<\/p>\n<p class=\"hyperion-css-1lemvax\">Da hadde Privatmegleren Sandefjord oppdraget. Den l\u00e5 da ute i overkant av tre m\u00e5neder, if\u00f8lge <a aria-label=\"Solgt.no\" class=\"default hyperion-css-1rezu2g\" href=\"https:\/\/solgt.no\/unit\/3907-111-165-0-0?maphorizontal=true&amp;main-tab=overview&amp;comps=table&amp;mode=sales&amp;salesSet=comps&amp;rentalSet=unfurnished_comps\" rel=\"noopener nofollow noreferrer\" data-test-tag=\"external-link\" target=\"_blank\">Solgt.no<\/a>. Boligen ble deretter lagt ut igjen i mars 2017, denne gangen uten megler. Etter litt mer enn ett \u00e5r p\u00e5 markedet ble denne annonsen ogs\u00e5 trukket.<\/p>\n<p class=\"hyperion-css-1lemvax\">I \u00e5r fors\u00f8ker Hem \u00e5 selge igjen, fortsatt uten bruk av megler. Han la ut boligen i mars, med en prisantydning p\u00e5 11,99 millioner kroner.<\/p>\n<p><a data-test-tag=\"teaser-small:link-internal\" href=\"https:\/\/e24.no\/norsk-oekonomi\/i\/5EAmwW\/stor-oversikt-saa-mye-har-boligprisene-steget-der-du-bor\" class=\"imagePosition-top inline hyperion-css-6238vu\" rel=\"nofollow noopener\" target=\"\" aria-label=\"Stor oversikt: S\u00e5 mye har boligprisene steget der du bor\"><\/p>\n<p>Les p\u00e5 E24+<\/p>\n<p>Stor oversikt: S\u00e5 mye har boligprisene steget der du bor<\/p>\n<p><\/a><img decoding=\"async\" class=\"image-asset hyperion-css-u06ts1\" data-test-tag=\"image-asset\" src=\"https:\/\/www.europesays.com\/no\/wp-content\/uploads\/2025\/11\/ff383657-12be-4d37-9493-58543bf97270\"  alt=\"MEGLER: J\u00f8rgen Hem mener at han ikke trenger \u00e5 ta i bruk megler.\"  loading=\"eager\" fetchpriority=\"high\" style=\"aspect-ratio:1900 \/ 1900\"\/>MEGLER: J\u00f8rgen Hem mener at han ikke trenger \u00e5 ta i bruk megler. Foto: Heidi Marie G\u00f8per\u00f8d<\/p>\n<p class=\"hyperion-css-1lemvax\">If\u00f8lge Hem har de hatt rundt seks privatvisninger siden den kom p\u00e5 markedet igjen.<\/p>\n<p class=\"hyperion-css-1lemvax\">Hem, som er 50 \u00e5r, peker p\u00e5 at han ikke har hast med \u00e5 selge boligen. Han forklarer at han m\u00e5 finne noen like \u00abs\u00e6re\u00bb som ham selv.<\/p>\n<p class=\"hyperion-css-1lemvax\">Heldigvis har han god tid p\u00e5 seg.<\/p>\n<p class=\"hyperion-css-1lemvax\">\u2013 Jeg vil f\u00e5 det solgt f\u00f8r jeg er 70, sier han. <\/p>\n<p>\u00abArkitektonisk ikon\u00bb<\/p>\n<p class=\"hyperion-css-1lemvax\">Hem forteller at han selv, med hjelp av en arkitekt, designet boligen, og at alt ble endret fra den opprinnelige boligen som ble bygget i 1961. <\/p>\n<p class=\"hyperion-css-1lemvax\">Det var arkitekten som gjorde \u00abDonald Duck\u00bb-tegningene hans til en realitet, forklarer han.<\/p>\n<p class=\"hyperion-css-1lemvax\">Hem peker blant annet p\u00e5 boligens \u00abt\u00e5rn\u00bb, en del av boligen som er p\u00e5 tre etasjer. <\/p>\n<p><img decoding=\"async\" class=\"image-asset hyperion-css-u06ts1\" data-test-tag=\"image-asset\" src=\"https:\/\/www.europesays.com\/no\/wp-content\/uploads\/2025\/11\/a361ca48-b09f-452e-9e46-97184a747ed0\"  alt=\"GLASSFELT: J\u00f8rgen Hem peker p\u00e5 at han bygget \u00abt\u00e5rnet\u00bb for \u00e5 f\u00e5 ekstra lys, luft og utsikt.\"  loading=\"eager\" fetchpriority=\"high\" style=\"aspect-ratio:1900 \/ 1425\"\/>GLASSFELT: J\u00f8rgen Hem peker p\u00e5 at han bygget \u00abt\u00e5rnet\u00bb for \u00e5 f\u00e5 ekstra lys, luft og utsikt. Foto: Privat<\/p>\n<p class=\"hyperion-css-1lemvax\">\u2013 Nede i stua er det et sv\u00e6rt glassfelt ned til svabergene. Taket har ogs\u00e5 et sv\u00e6rt glassfelt. Boligen g\u00e5r alts\u00e5 fra fjell til himmel. <\/p>\n<p class=\"hyperion-css-1lemvax\">Annonsen beskriver boligen som et \u00abarkitektonisk ikon\u00bb. <\/p>\n<p>Selger har omfattende plikter<\/p>\n<p class=\"hyperion-css-1lemvax\">Rundt to prosent velger \u00e5 selge bolig uten megler, if\u00f8lge Henning Lauridsen, administrerende direkt\u00f8r i Eiendom Norge.<\/p>\n<p class=\"hyperion-css-1lemvax\">\u2013 Det er jo ingen plikt \u00e5 bruke megler, forklarer Lauridsen.<\/p>\n<p><img decoding=\"async\" class=\"image-asset hyperion-css-n6kkq1\" data-test-tag=\"image-asset\" src=\"https:\/\/www.europesays.com\/no\/wp-content\/uploads\/2025\/11\/ff68e2fb-60df-46ef-a2d7-d9f38df4bfbd\"  alt=\"\"  fetchpriority=\"auto\" style=\"aspect-ratio:1900 \/ 1267\"\/>Henning Lauridsen<\/p>\n<p class=\"hyperion-css-1lemvax\">Administrerende direkt\u00f8r i Eiendom Norge <\/p>\n<p class=\"hyperion-css-1lemvax\">Likevel peker han p\u00e5 at det \u00e5 selge en bolig er en \u00abrelativt kompleks aff\u00e6re\u00bb, og at selgeren har omfattende plikter til \u00e5 gi riktig informasjon om boligen.<\/p>\n<p class=\"hyperion-css-1lemvax\">\u2013 En megler skal f\u00f8lge eiendomsmeglingsloven, og de skal s\u00f8rge for at selgeren f\u00e5r en markedspris, samtidig som de har en tilleggsforpliktelse til at kj\u00f8peren f\u00e5r den rette informasjonen som grunnlag for kj\u00f8pet.<\/p>\n<p class=\"hyperion-css-1lemvax\">\u2013 Det kan v\u00e6re litt mer utfordrende \u00e5 oppn\u00e5 den samme legitimiteten og tilliten til prosessen hvis man selger uten megler.<\/p>\n<p class=\"hyperion-css-1lemvax\">Lauridsen peker p\u00e5 at selv om man dropper megler, b\u00f8r man fortsatt innhente en tilstandsrapport fra en bygningssakkyndig.<\/p>\n<p class=\"hyperion-css-1lemvax\">\u2013 Uten en slik rapport kan man risikere \u00e5 f\u00e5 et langt st\u00f8rre ansvar for skjulte feil og mangler \u2013 forhold som en bygningssakkyndig sannsynligvis ville ha avdekket underveis.<\/p>\n<p class=\"hyperion-css-1lemvax\">\u2013 Selger kan i s\u00e5 fall i praksis f\u00e5 ansvaret for det, selv om det er skjulte forhold.<\/p>\n<p class=\"hyperion-css-1lemvax\">Skjulte forhold kan blant annet v\u00e6re fuktskader, tekniske feil eller r\u00e5te i vegg som ikke merkes uten grundige unders\u00f8kelser.<\/p>\n<p>\u2013 Svakt kj\u00f8persmarked<\/p>\n<p class=\"hyperion-css-1lemvax\">Lauridsen forklarer at salget typisk vil v\u00e6re rimeligere uten megler, ettersom man f\u00e5r lavere kostnader for den jobben man gj\u00f8r selv. <\/p>\n<p class=\"hyperion-css-1lemvax\">Likevel mener han det det kan v\u00e6re en risiko at man ogs\u00e5 f\u00e5r litt lavere salgssum p\u00e5 grunn av legitimiteten i prosessen, men at det ikke er klarlagt forskning p\u00e5 dette. <\/p>\n<p class=\"hyperion-css-1lemvax\">N\u00e5r det gjelder boligmarkedet i Sandefjord, sier han dette: <\/p>\n<p class=\"hyperion-css-1lemvax\">\u2013 Jeg tror vi kan si at det er et svakt kj\u00f8pers marked i Sandefjord, men ikke i samme grad som det har v\u00e6rt i Trondheim eller Oslo.<\/p>\n<p class=\"hyperion-css-1lemvax\">\u2013 I tredje kvartal har boligprisene i Sandefjord steget med 4,7 prosent hvis man ser p\u00e5 de siste fire kvartaler, sier Lauridsen.<\/p>\n<p class=\"hyperion-css-1lemvax\">Han understreker at de ikke har like nye tall for Sandefjord som for mange andre deler av landet. <\/p>\n<p><a data-test-tag=\"teaser-small:link-internal\" href=\"https:\/\/e24.no\/norsk-oekonomi\/i\/vgEk1p\/her-stiger-boligprisene-fremover-et-tidsbegrenset-vindu-med-store-muligheter\" class=\"imagePosition-top inline hyperion-css-6238vu\" rel=\"nofollow noopener\" target=\"\" aria-label=\"Her stiger bolig\u00adprisene fremover: \u2013 Et tidsbegrenset vindu med store muligheter\"><\/p>\n<p>Les p\u00e5 E24+<\/p>\n<p>Her stiger bolig\u00adprisene fremover: \u2013 Et tidsbegrenset vindu med store muligheter<\/p>\n<p><\/a><\/p>\n<p class=\"hyperion-css-1lemvax\">Nasjonalt har boligprisene steget med 6,3 prosent s\u00e5 langt i \u00e5r.<\/p>\n<p class=\"hyperion-css-1lemvax\">Oslo og Trondheim har hatt en lavere prisvekst, her har boligprisene \u00f8kt med 3,6 prosent.<\/p>\n<p class=\"hyperion-css-1lemvax\">Vestlandet har hatt et s\u00e6rlig sterkt boligmarked. Markedet i Stavanger har hatt en pris\u00f8kning p\u00e5 14,3 prosent i \u00e5r, mens Bergen har hatt en \u00f8kning p\u00e5 9,6 prosent, if\u00f8lge tall fra <a aria-label=\"Eiendom Norge\" class=\"default hyperion-css-1rezu2g\" href=\"https:\/\/eiendomnorge.no\/boligprisstatistikk\/\" rel=\"noopener nofollow noreferrer\" data-test-tag=\"external-link\" target=\"_blank\">Eiendom Norge<\/a>. <\/p>\n<p class=\"hyperion-css-1lemvax\">Troms\u00f8 har ogs\u00e5 hatt en h\u00f8y vekst p\u00e5 11,2 prosent.<\/p>\n","protected":false},"excerpt":{"rendered":"J\u00f8rgen Hem jakter en kj\u00f8per like \u00abs\u00e6r\u00bb som ham selv. Ekspert advarer mot \u00e5 droppe megler. BRUKSAREAL: Boligen&hellip;\n","protected":false},"author":2,"featured_media":93750,"comment_status":"","ping_status":"","sticky":false,"template":"","format":"standard","meta":{"footnotes":""},"categories":[56],"tags":[60,61,62,30,28,29],"class_list":{"0":"post-93749","1":"post","2":"type-post","3":"status-publish","4":"format-standard","5":"has-post-thumbnail","7":"category-naeringsliv","8":"tag-business","9":"tag-economy","10":"tag-naeringsliv","11":"tag-no","12":"tag-norge","13":"tag-norway"},"share_on_mastodon":{"url":"https:\/\/pubeurope.com\/@no\/115593483806951424","error":""},"_links":{"self":[{"href":"https:\/\/www.europesays.com\/no\/wp-json\/wp\/v2\/posts\/93749","targetHints":{"allow":["GET"]}}],"collection":[{"href":"https:\/\/www.europesays.com\/no\/wp-json\/wp\/v2\/posts"}],"about":[{"href":"https:\/\/www.europesays.com\/no\/wp-json\/wp\/v2\/types\/post"}],"author":[{"embeddable":true,"href":"https:\/\/www.europesays.com\/no\/wp-json\/wp\/v2\/users\/2"}],"replies":[{"embeddable":true,"href":"https:\/\/www.europesays.com\/no\/wp-json\/wp\/v2\/comments?post=93749"}],"version-history":[{"count":0,"href":"https:\/\/www.europesays.com\/no\/wp-json\/wp\/v2\/posts\/93749\/revisions"}],"wp:featuredmedia":[{"embeddable":true,"href":"https:\/\/www.europesays.com\/no\/wp-json\/wp\/v2\/media\/93750"}],"wp:attachment":[{"href":"https:\/\/www.europesays.com\/no\/wp-json\/wp\/v2\/media?parent=93749"}],"wp:term":[{"taxonomy":"category","embeddable":true,"href":"https:\/\/www.europesays.com\/no\/wp-json\/wp\/v2\/categories?post=93749"},{"taxonomy":"post_tag","embeddable":true,"href":"https:\/\/www.europesays.com\/no\/wp-json\/wp\/v2\/tags?post=93749"}],"curies":[{"name":"wp","href":"https:\/\/api.w.org\/{rel}","templated":true}]}}