{"id":93781,"date":"2025-11-22T14:02:10","date_gmt":"2025-11-22T14:02:10","guid":{"rendered":"https:\/\/www.europesays.com\/no\/93781\/"},"modified":"2025-11-22T14:02:10","modified_gmt":"2025-11-22T14:02:10","slug":"avslorer-ikke-farget-haret","status":"publish","type":"post","link":"https:\/\/www.europesays.com\/no\/93781\/","title":{"rendered":"Avsl\u00f8rer: Ikke farget h\u00e5ret"},"content":{"rendered":"<p class=\"kicker \" style=\"\">Prinsesse Kate:\u00a0<\/p>\n<p>  Prinsessen overrasket alle med en drastisk forandring tidligere i h\u00f8st, og n\u00e5 avsl\u00f8res den uventede forklaringen bak.<\/p>\n<p>\n    BRUNT H\u00c5R: Slik er vi vant til \u00e5 se den popul\u00e6re prinsessen \u2013 med sine karakteristiske brune lokker. Men tidligere i \u00e5r overrasket hun med en helt ny h\u00e5rfarge. Foto: Chris Jackson\/Pool\/AP\/NTB\n  <\/p>\n<p> <a href=\"https:\/\/www.seher.no\/kjendis\/overrasker-med-ny-sveis\/83499656\" rel=\"nofollow noopener\" target=\"_blank\">I september overrasket den folkekj\u00e6re prinsesse Kate (43)<\/a> alle da hun viste seg med en ny h\u00e5rstil. Bildene skapte overskrifter: Hun hadde byttet ut sine karakteristiske brune lokker med lysere, gl\u00f8dende h\u00e5r. <\/p>\n<p>    <a itemprop=\"url\" href=\"https:\/\/www.seher.no\/kjendis\/han-lo-skikkelig-godt\/83887295\" rel=\"nofollow noopener\" target=\"_blank\"><\/p>\n<p>      <img loading=\"lazy\" decoding=\"async\" src=\"https:\/\/www.europesays.com\/no\/wp-content\/uploads\/2025\/11\/83887304.webp\" width=\"980\" height=\"441\" title=\"- Han lo skikkelig godt\" alt=\"\" class=\"lazyload\" style=\"--aspect-ratio-image: 2.22; \"\/><\/p>\n<p>         &#8211; Han lo skikkelig godt<\/p>\n<p>    <\/a><\/p>\n<p>If\u00f8lge <a href=\"https:\/\/www.dailymail.co.uk\/lifestyle\/article-15309033\/Kate-reveals-secret-new-lighter-hair-Su-Pollard-Royal-Variety-Performance.html\" rel=\"nofollow noopener\" target=\"_blank\">Daily Mail<\/a> var det under Royal Variety Performance i London denne uken at skuespiller Su Pollard (76) angivelig tok henne til side og sa:<\/p>\n<p>          <img loading=\"lazy\" decoding=\"async\" src=\"https:\/\/www.europesays.com\/no\/wp-content\/uploads\/2025\/11\/83887519.webp\" width=\"686\" height=\"837\" title=\"OVERRASKET: Reaksjonene haglet etter at prinsesse Kate viste frem sin nye h\u00e5rfarge tidligere i \u00e5r. Foto: Doug Peters \/ EMPICS \/ NTB\" alt=\"\" class=\"\" style=\"--aspect-ratio-image: 0.82; \"\/><\/p>\n<p>\n          OVERRASKET: Reaksjonene haglet etter at prinsesse Kate viste frem sin nye h\u00e5rfarge tidligere i \u00e5r. Foto: Doug Peters \/ EMPICS \/ NTB\n      <\/p>\n<p>&#8211; Jeg liker h\u00e5ret ditt, det ser mye lysere ut.\u00a0<\/p>\n<p>Kate skal ha svart smilende: &#8211; Takk! Det var brunt f\u00f8r, men det har blitt lysere i solen.<\/p>\n<p>        R\u00d8PER DETALJ: Tor H\u00e5kon H\u00e5vardsen snublet p\u00e5 m\u00e5lstreken i \u00abForr\u00e6der\u00bb. Video: Nora Skavhaug<\/p>\n<p>Hertuginnen av Cambridge debuterte sin nye, honningblonde nyanse i september, da hun og prins William viste seg sammen i de nyrenoverte hagene ved Natural History Museum i London.\u00a0<\/p>\n<p> Kates kongelige fris\u00f8r, Neville Tucker, kjent for \u00e5 ha jobbet med dronning Elizabeth,\u00a0kommenterte overfor Vanity Fair at prinsessens nye stil er \u00abkraftig og merkbart forskjellig fra det vi er vant til\u00bb.\u00a0<\/p>\n<p>Han sp\u00e5r at Kates honningblonde h\u00f8ydepunkter vil inspirere mange til \u00e5 kopiere stilen:\u00a0<\/p>\n<p>          <img loading=\"lazy\" decoding=\"async\" src=\"https:\/\/www.europesays.com\/no\/wp-content\/uploads\/2025\/11\/83887546.webp\" width=\"686\" height=\"515\" title=\"KOM SAMMEN: Prins William og prinsessen deltok p\u00e5 Royal Variety Performance sammen tidligere denne m\u00e5neden. Foto: Doug Peters \/ NTB\" alt=\"\" class=\"\" style=\"--aspect-ratio-image: 1.33; \"\/><\/p>\n<p>\n          KOM SAMMEN: Prins William og prinsessen deltok p\u00e5 Royal Variety Performance sammen tidligere denne m\u00e5neden. Foto: Doug Peters \/ NTB\n      <\/p>\n<p>&#8211; Det var allerede sett p\u00e5 som moteriktig, men med Kates blondere h\u00e5r vil flere sannsynligvis sp\u00f8rre etter honning- eller blonde nyanser, sier han til avisen.<\/p>\n","protected":false},"excerpt":{"rendered":"Prinsesse Kate:\u00a0 Prinsessen overrasket alle med en drastisk forandring tidligere i h\u00f8st, og n\u00e5 avsl\u00f8res den uventede forklaringen&hellip;\n","protected":false},"author":2,"featured_media":93782,"comment_status":"","ping_status":"","sticky":false,"template":"","format":"standard","meta":{"footnotes":""},"categories":[58],"tags":[71,479,2543,30,28,29,4636,4387,72],"class_list":{"0":"post-93781","1":"post","2":"type-post","3":"status-publish","4":"format-standard","5":"has-post-thumbnail","7":"category-underholdning","8":"tag-entertainment","9":"tag-kjendis","10":"tag-kjendisdesken","11":"tag-no","12":"tag-norge","13":"tag-norway","14":"tag-prins-william","15":"tag-prinsesse-kate","16":"tag-underholdning"},"share_on_mastodon":{"url":"https:\/\/pubeurope.com\/@no\/115593723572101205","error":""},"_links":{"self":[{"href":"https:\/\/www.europesays.com\/no\/wp-json\/wp\/v2\/posts\/93781","targetHints":{"allow":["GET"]}}],"collection":[{"href":"https:\/\/www.europesays.com\/no\/wp-json\/wp\/v2\/posts"}],"about":[{"href":"https:\/\/www.europesays.com\/no\/wp-json\/wp\/v2\/types\/post"}],"author":[{"embeddable":true,"href":"https:\/\/www.europesays.com\/no\/wp-json\/wp\/v2\/users\/2"}],"replies":[{"embeddable":true,"href":"https:\/\/www.europesays.com\/no\/wp-json\/wp\/v2\/comments?post=93781"}],"version-history":[{"count":0,"href":"https:\/\/www.europesays.com\/no\/wp-json\/wp\/v2\/posts\/93781\/revisions"}],"wp:featuredmedia":[{"embeddable":true,"href":"https:\/\/www.europesays.com\/no\/wp-json\/wp\/v2\/media\/93782"}],"wp:attachment":[{"href":"https:\/\/www.europesays.com\/no\/wp-json\/wp\/v2\/media?parent=93781"}],"wp:term":[{"taxonomy":"category","embeddable":true,"href":"https:\/\/www.europesays.com\/no\/wp-json\/wp\/v2\/categories?post=93781"},{"taxonomy":"post_tag","embeddable":true,"href":"https:\/\/www.europesays.com\/no\/wp-json\/wp\/v2\/tags?post=93781"}],"curies":[{"name":"wp","href":"https:\/\/api.w.org\/{rel}","templated":true}]}}