{"id":93789,"date":"2025-11-22T14:09:16","date_gmt":"2025-11-22T14:09:16","guid":{"rendered":"https:\/\/www.europesays.com\/no\/93789\/"},"modified":"2025-11-22T14:09:16","modified_gmt":"2025-11-22T14:09:16","slug":"folk-kultur-kort-varsel-45-ar-blues-kameratskap-og-ville-historier","status":"publish","type":"post","link":"https:\/\/www.europesays.com\/no\/93789\/","title":{"rendered":"Folk, Kultur | Kort Varsel 45 \u00e5r: Blues, kameratskap og ville historier"},"content":{"rendered":"<p data-content=\"lead-text\" class=\"lead-text feature brick-c-eOZvhA\">\n<p>          Noen band lever liksom evig, og holder p\u00e5 formatet sitt uavhengig av trender som kommer og g\u00e5r. Et slik band i lokalt kulturliv er Kort Varsel. 45 \u00e5r etter at bandet s\u00e5 dagens lys, holder kompisgjengen p\u00e5 \u00d8ra det fortsatt g\u00e5ende, i bluesens tegn. \u2013 Vi m\u00f8tes i et slags musikkens minste felles multiplum, ler Lars Rams\u00f8y-Halle. Og 45 \u00e5r med blues, det blir det historier av.\n      <\/p>\n","protected":false},"excerpt":{"rendered":"Noen band lever liksom evig, og holder p\u00e5 formatet sitt uavhengig av trender som kommer og g\u00e5r. Et&hellip;\n","protected":false},"author":2,"featured_media":93790,"comment_status":"","ping_status":"","sticky":false,"template":"","format":"standard","meta":{"footnotes":""},"categories":[58],"tags":[71,30,28,29,72],"class_list":{"0":"post-93789","1":"post","2":"type-post","3":"status-publish","4":"format-standard","5":"has-post-thumbnail","7":"category-underholdning","8":"tag-entertainment","9":"tag-no","10":"tag-norge","11":"tag-norway","12":"tag-underholdning"},"share_on_mastodon":{"url":"https:\/\/pubeurope.com\/@no\/115593750980664685","error":""},"_links":{"self":[{"href":"https:\/\/www.europesays.com\/no\/wp-json\/wp\/v2\/posts\/93789","targetHints":{"allow":["GET"]}}],"collection":[{"href":"https:\/\/www.europesays.com\/no\/wp-json\/wp\/v2\/posts"}],"about":[{"href":"https:\/\/www.europesays.com\/no\/wp-json\/wp\/v2\/types\/post"}],"author":[{"embeddable":true,"href":"https:\/\/www.europesays.com\/no\/wp-json\/wp\/v2\/users\/2"}],"replies":[{"embeddable":true,"href":"https:\/\/www.europesays.com\/no\/wp-json\/wp\/v2\/comments?post=93789"}],"version-history":[{"count":0,"href":"https:\/\/www.europesays.com\/no\/wp-json\/wp\/v2\/posts\/93789\/revisions"}],"wp:featuredmedia":[{"embeddable":true,"href":"https:\/\/www.europesays.com\/no\/wp-json\/wp\/v2\/media\/93790"}],"wp:attachment":[{"href":"https:\/\/www.europesays.com\/no\/wp-json\/wp\/v2\/media?parent=93789"}],"wp:term":[{"taxonomy":"category","embeddable":true,"href":"https:\/\/www.europesays.com\/no\/wp-json\/wp\/v2\/categories?post=93789"},{"taxonomy":"post_tag","embeddable":true,"href":"https:\/\/www.europesays.com\/no\/wp-json\/wp\/v2\/tags?post=93789"}],"curies":[{"name":"wp","href":"https:\/\/api.w.org\/{rel}","templated":true}]}}