{"id":93793,"date":"2025-11-22T14:16:43","date_gmt":"2025-11-22T14:16:43","guid":{"rendered":"https:\/\/www.europesays.com\/no\/93793\/"},"modified":"2025-11-22T14:16:43","modified_gmt":"2025-11-22T14:16:43","slug":"forraeder-finalist-ida-broen-apner-opp-om-kritikken","status":"publish","type":"post","link":"https:\/\/www.europesays.com\/no\/93793\/","title":{"rendered":"Forr\u00e6der-finalist Ida Broen \u00e5pner opp om kritikken"},"content":{"rendered":"<p class=\"kicker \" style=\"\">Ida Broen:<\/p>\n<p>  I \u00abForr\u00e6der\u00bb er hun b\u00e5de h\u00f8ylytt og ekte. Etter en f\u00f8lelsesladd sesong st\u00e5r Ida Broen n\u00e5 klar i finalen.<\/p>\n<p>\n    TAR PLASS: I \u00e5rets sesong av Forr\u00e6der er det ingen tvil om at Ida Broen er en av dem som har f\u00e5tt mest plass p\u00e5 skjermen. En plass hun tar med glede. Foto: Espen Solli\/TV 2\n  <\/p>\n<p>Influenser Ida Broen (31) har v\u00e6rt \u00e5 se i \u00abForr\u00e6der\u00bb hos TV 2 denne h\u00f8sten. Der har Bod\u00f8-jenta markert seg som en kompromissl\u00f8s og engasjert \u00ablojal\u00bb spiller som b\u00e5de provoserer og engasjerer seerne.\u00a0<\/p>\n<p class=\"font-weight-bold m-font-weight-bold\" data-lab-font_weight=\"font-weight-bold\">N\u00e5 er hun en av finalistene.<\/p>\n<p>          <img loading=\"lazy\" decoding=\"async\" src=\"https:\/\/www.europesays.com\/no\/wp-content\/uploads\/2025\/11\/83883125.webp\" width=\"686\" height=\"392\" title=\"JAKTER: Flere ganger g\u00e5r det en kule varmt n\u00e5r 31-\u00e5ringen jakter forr\u00e6derne i r\u00e5dsalen. Foto: TV 2\" alt=\"\" class=\"\" style=\"--aspect-ratio-image: 1.75; \"\/><\/p>\n<p>\n          JAKTER: Flere ganger g\u00e5r det en kule varmt n\u00e5r 31-\u00e5ringen jakter forr\u00e6derne i r\u00e5dsalen. Foto: TV 2\n      <\/p>\n<p>&#8211; Jeg er en person som har f\u00f8lelsene utenp\u00e5 kroppen. Jeg vokste opp i et hjem hvor det \u00e5 vise f\u00f8lelser var viktig. For meg handler det om \u00e5 v\u00e6re seg selv, forteller Ida til Se og H\u00f8r.<\/p>\n<p>Tidligere har hun v\u00e6rt \u00e5pen om b\u00e5de <a href=\"https:\/\/www.seher.no\/kjendis\/roper-brudd\/83318973\" target=\"_blank\" rel=\"nofollow noopener\">brudd<\/a>\u00a0og <a href=\"https:\/\/www.seher.no\/kjendis\/mistet-pappa-alt-var-helt-sort\/83669099\" target=\"_blank\" rel=\"nofollow noopener\">farens bortgang<\/a>,\u00a0og like\u00a0f\u00f8r innspillingen startet mistet hun farmoren sin. Det gjorde henne ekstra emosjonell gjennom sesongen, forteller hun.<\/p>\n<p>        \u00abFORR\u00c6DER\u00bb-VILLAEN: Slik ser den nesten 100 \u00e5r gamle villaen ut n\u00e5r Mads Hansen ikke er spillmester. Reporter: Sanne Holt. Video: Thale Kristensen\/ TV 2 <\/p>\n<p>&#8211; Gi faen\t<\/p>\n<p>I r\u00e5dsalen har Ida v\u00e6rt alt annet enn beskjeden. Hun kaster seg inn i diskusjoner, legger frem teorier og stiller skarpe sp\u00f8rsm\u00e5l.\u00a0<\/p>\n<p>N\u00e5r \u00abForr\u00e6der\u00bb-anklagene rettes mot henne, avviser hun dem kontant:<\/p>\n<p>&#8211; Det e ikke m\u00e6! \u00c6 e lojal! konstaterer hun gang p\u00e5 gang.<\/p>\n<p>          <img loading=\"lazy\" decoding=\"async\" src=\"https:\/\/www.europesays.com\/no\/wp-content\/uploads\/2025\/11\/83882987.webp\" width=\"686\" height=\"632\" title=\"LOJALE ALLIERTE: Broen har alliert seg med artist Sval gjennom hele h\u00f8sten. De begge ble rundlurt av medspiller og forr\u00e6der Sophie Elise. Foto: TV 2\" alt=\"\" class=\"\" style=\"--aspect-ratio-image: 1.09; \"\/><\/p>\n<p>\n          LOJALE ALLIERTE: Broen har alliert seg med artist Sval gjennom hele h\u00f8sten. De begge ble rundlurt av medspiller og forr\u00e6der Sophie Elise. Foto: TV 2\n      <\/p>\n<p>Ikke er hun redd for \u00e5 ta plass heller, noe hun ogs\u00e5 oppfordrer flere til \u00e5 gj\u00f8re:<\/p>\n<p class=\"font-weight-bold m-font-weight-bold\" data-lab-font_weight=\"font-weight-bold\">&#8211; Det er s\u00e5 viktig \u00e5 t\u00f8rre \u00e5 v\u00e6re seg selv, t\u00f8rre \u00e5 ikke f\u00f8lge janteloven. Jeg er bevisst min plass, og jeg tar alltid plassen min. Er det \u00e9n ting jeg vil oppfordre unge mennesker til, s\u00e5 er det nettopp det; ta plass, v\u00e6r deg selv, ha det g\u00f8y og bare gi litt faen.<\/p>\n<p>          <img loading=\"lazy\" decoding=\"async\" src=\"https:\/\/www.europesays.com\/no\/wp-content\/uploads\/2025\/11\/83884027.webp\" width=\"686\" height=\"542\" title=\"DEN YNGRE GARDEN: Leah Behn var en del av den s\u00e5kalte \u00abyngre garden\u00bb i forr\u00e6der. Hun ble dessverre drept av forr\u00e6derne tidligere i h\u00f8st. Foto: TV 2\" alt=\"\" class=\"\" style=\"--aspect-ratio-image: 1.27; \"\/><\/p>\n<p>\n          DEN YNGRE GARDEN: Leah Behn var en del av den s\u00e5kalte \u00abyngre garden\u00bb i forr\u00e6der. Hun ble dessverre drept av forr\u00e6derne tidligere i h\u00f8st. Foto: TV 2\n      <\/p>\n<p>Bod\u00f8-jenta forteller at hun alltid setter seg skikkelig inn i alt hun driver med, og \u00abForr\u00e6der\u00bb-deltakelsen er intet unntak.<\/p>\n<p>&#8211; Jeg liker det faktum at jeg t\u00f8r \u00e5 v\u00e6re meg selv. Personligheten min skinner gjennom i alt jeg gj\u00f8r, sier hun.<\/p>\n<p>    <a itemprop=\"url\" href=\"https:\/\/www.seher.no\/kjendis\/bekrefter-brudd-og-ny-kjaereste\/83881872\" rel=\"nofollow noopener\" target=\"_blank\"><\/p>\n<p>      <img loading=\"lazy\" decoding=\"async\" src=\"https:\/\/www.europesays.com\/no\/wp-content\/uploads\/2025\/11\/83881963.webp\" width=\"980\" height=\"441\" title=\"Bekrefter brudd \u2013 og ny kj\u00e6reste\" alt=\"\" class=\"lazyload\" style=\"--aspect-ratio-image: 2.22; \"\/><\/p>\n<p>        Bekrefter brudd \u2013 og ny kj\u00e6reste<\/p>\n<p>    <\/a><\/p>\n<p>\u00abForr\u00e6der\u00bb er Broens reality-debut og hun har f\u00e5tt b\u00e5de ros og kritikk. Hun har lagt merke til at folk har engasjert seg og selv har hun utelukkende f\u00e5tt positive tilbakemeldinger.\u00a0<\/p>\n<p>Likevel er hun klar over at enkelte seere ikke er fullt s\u00e5 begeistret.<\/p>\n<p>        ALL RIGHT: Han er proff p\u00e5 god stemning, har en fengende catchphrase og er kjent for en garderobe full av rare sko. Henrik \u00c5rdal s\u00f8rger for at publikum er i ekstase n\u00e5r \u00abSkal vi danse\u00bb-sendingen g\u00e5r p\u00e5 TV. Video: Nora Skavhaug\/ Thea Hope\/ R\u00f8d L\u00f8per<\/p>\n<p class=\"font-weight-bold m-font-weight-bold\" data-lab-font_weight=\"font-weight-bold\">&#8211; Det skrives mye stygt p\u00e5 steder som Jodel. Jeg tenker det er viktig at folk husker at \u00abForr\u00e6der\u00bb bare er et spill. Slik jeg fremst\u00e5r p\u00e5 TV, er ikke slik jeg er til vanlig, forklarer hun.<\/p>\n<p>Ida understreker at seerne bare f\u00e5r se bruddstykker av det som kan ha skjedd over lang tid.<\/p>\n<p>          <img loading=\"lazy\" decoding=\"async\" src=\"https:\/\/www.europesays.com\/no\/wp-content\/uploads\/2025\/11\/1763820999_283_83818176.webp\" width=\"686\" height=\"584\" title=\"SPILLERE: Siri Avlesen var i likhet med Ida Broen klar og h\u00f8ylytt fra spillets f\u00f8rste stund, men ble tidlig forvist fra spillet av sine med-lojale. Foto: Espen Solli \/ TV 2\" alt=\"\" class=\"\" style=\"--aspect-ratio-image: 1.17; \"\/><\/p>\n<p>\n          SPILLERE: Siri Avlesen var i likhet med Ida Broen klar og h\u00f8ylytt fra spillets f\u00f8rste stund, men ble tidlig forvist fra spillet av sine med-lojale. Foto: Espen Solli \/ TV 2\n      <\/p>\n<p>Sneaker-dronning\t<\/p>\n<p>31-\u00e5ringen er i dag en av landets fremste moteinfluensere. Hun har jobbet i bransjen i en \u00e5rrekke som alt fra stylist og designer til kreativ r\u00e5dgivning og innholdsproduksjon.\u00a0<\/p>\n<p>    <a itemprop=\"url\" href=\"https:\/\/www.seher.no\/kongelig\/ikke-sagt-det-til-ingrid\/83880710\" rel=\"nofollow noopener\" target=\"_blank\"><\/p>\n<p>      <img loading=\"lazy\" decoding=\"async\" src=\"https:\/\/www.europesays.com\/no\/wp-content\/uploads\/2025\/11\/1763821000_809_83881030.webp\" width=\"980\" height=\"441\" title=\"- Ikke sagt det til Ingrid\" alt=\"\" class=\"lazyload\" style=\"--aspect-ratio-image: 2.22; \"\/><\/p>\n<p>        &#8211; Ikke sagt det til Ingrid<\/p>\n<p>    <\/a><\/p>\n<p>CV-en hennes inneholder samarbeid med noen av verdens st\u00f8rste merkevarer som Apple og Porsche.<\/p>\n<p> Alt startet da hun jobbet i skobutikken Stress og delte sneaker-innhold p\u00e5 Instagram. Hun ble raskt et navn i det som da var en mannsdominert bransje.\u00a0<\/p>\n<p>          <img loading=\"lazy\" decoding=\"async\" src=\"https:\/\/www.europesays.com\/no\/wp-content\/uploads\/2025\/11\/83883149.webp\" width=\"686\" height=\"1016\" title=\"MOTEGURU: Ida Broen har v\u00e6rt stylist for flere kjente profiler her til lands. Hun har ogs\u00e5 jobbet med store merkevarer internasjonalt. Foto: Stian Lysberg Solum \/ NTB\" alt=\"\" class=\"\" style=\"--aspect-ratio-image: 0.68; \"\/><\/p>\n<p>\n          MOTEGURU: Ida Broen har v\u00e6rt stylist for flere kjente profiler her til lands. Hun har ogs\u00e5 jobbet med store merkevarer internasjonalt. Foto: Stian Lysberg Solum \/ NTB\n      <\/p>\n<p>I 2017 ble hun ambassad\u00f8r for New Balance, og den f\u00f8rste kvinnen i Europa til \u00e5 designe egne sko for merket. I dag eier hun over <a href=\"https:\/\/radio-beta.nrk.no\/podkast\/nittiatten\/l_9df245f6-7d64-4cf0-b245-f67d64fcf02a\" target=\"_blank\" rel=\"nofollow noopener\">200 par sneakers<\/a>.<\/p>\n<p>    <a itemprop=\"url\" href=\"https:\/\/www.seher.no\/kjendis\/roper-detaljer-om-bryllup\/83873443\" rel=\"nofollow noopener\" target=\"_blank\"><\/p>\n<p>      <img loading=\"lazy\" decoding=\"async\" src=\"https:\/\/www.europesays.com\/no\/wp-content\/uploads\/2025\/11\/1763821003_640_83873830.webp\" width=\"147\" height=\"98\" title=\"R\u00f8per detaljer om bryllup\" alt=\"\" class=\"lazyload\" style=\"--aspect-ratio-image: 1.50; \"\/><\/p>\n<p>        R\u00f8per detaljer om bryllup<\/p>\n<p>    <\/a><\/p>\n<p>Da Ida f\u00f8rst flyttet til hovedstaden startet hun p\u00e5 sykepleien. Det var ikke influenser-yrket som egentlig var planen:<\/p>\n<p>&#8211; Jeg hadde aldri sett for meg at dette skulle bli jobben min, noe jeg egentlig tror er veldig sunt i dette yrket. Jeg engasjerer meg dypt i alt jeg gj\u00f8r, og jeg er opptatt av mennesker, inkludering og fellesskap. Ikke bare overflaten, forteller hun.<\/p>\n<p>        AVSL\u00d8RER: S\u00f8strene Gry Lofsberg og Nina Pedersen Ellevog r\u00f8per at \u00abCharterfeber\u00bb ikke alltid er helt slik det ser ut p\u00e5 TV. Video: Stian Ludvigsen \/ Kine Falch<\/p>\n<p>Etter \u00abForr\u00e6der\u00bb utelukker ikke influenseren flere realitydeltakelser.<\/p>\n<p>&#8211; \u00abIkke lov \u00e5 le p\u00e5 hytta\u00bb hadde faktisk v\u00e6rt sykt g\u00f8y, og kanskje \u00abFarmen\u00bb eller \u00abBoksen\u00bb.\u00a0<\/p>\n<p>Har du noen konkrete planer?<\/p>\n<p class=\"font-weight-bold m-font-weight-bold\" data-lab-font_weight=\"font-weight-bold\">&#8211; Kanskje. Vi f\u00e5r se, svarer hun lurt.<\/p>\n","protected":false},"excerpt":{"rendered":"Ida Broen: I \u00abForr\u00e6der\u00bb er hun b\u00e5de h\u00f8ylytt og ekte. Etter en f\u00f8lelsesladd sesong st\u00e5r Ida Broen n\u00e5&hellip;\n","protected":false},"author":2,"featured_media":93794,"comment_status":"","ping_status":"","sticky":false,"template":"","format":"standard","meta":{"footnotes":""},"categories":[58],"tags":[71,4138,12178,479,2543,30,28,29,72],"class_list":{"0":"post-93793","1":"post","2":"type-post","3":"status-publish","4":"format-standard","5":"has-post-thumbnail","7":"category-underholdning","8":"tag-entertainment","9":"tag-forraeder","10":"tag-ida-broen","11":"tag-kjendis","12":"tag-kjendisdesken","13":"tag-no","14":"tag-norge","15":"tag-norway","16":"tag-underholdning"},"share_on_mastodon":{"url":"https:\/\/pubeurope.com\/@no\/115593778932122973","error":""},"_links":{"self":[{"href":"https:\/\/www.europesays.com\/no\/wp-json\/wp\/v2\/posts\/93793","targetHints":{"allow":["GET"]}}],"collection":[{"href":"https:\/\/www.europesays.com\/no\/wp-json\/wp\/v2\/posts"}],"about":[{"href":"https:\/\/www.europesays.com\/no\/wp-json\/wp\/v2\/types\/post"}],"author":[{"embeddable":true,"href":"https:\/\/www.europesays.com\/no\/wp-json\/wp\/v2\/users\/2"}],"replies":[{"embeddable":true,"href":"https:\/\/www.europesays.com\/no\/wp-json\/wp\/v2\/comments?post=93793"}],"version-history":[{"count":0,"href":"https:\/\/www.europesays.com\/no\/wp-json\/wp\/v2\/posts\/93793\/revisions"}],"wp:featuredmedia":[{"embeddable":true,"href":"https:\/\/www.europesays.com\/no\/wp-json\/wp\/v2\/media\/93794"}],"wp:attachment":[{"href":"https:\/\/www.europesays.com\/no\/wp-json\/wp\/v2\/media?parent=93793"}],"wp:term":[{"taxonomy":"category","embeddable":true,"href":"https:\/\/www.europesays.com\/no\/wp-json\/wp\/v2\/categories?post=93793"},{"taxonomy":"post_tag","embeddable":true,"href":"https:\/\/www.europesays.com\/no\/wp-json\/wp\/v2\/tags?post=93793"}],"curies":[{"name":"wp","href":"https:\/\/api.w.org\/{rel}","templated":true}]}}