{"id":93819,"date":"2025-11-22T14:47:19","date_gmt":"2025-11-22T14:47:19","guid":{"rendered":"https:\/\/www.europesays.com\/no\/93819\/"},"modified":"2025-11-22T14:47:19","modified_gmt":"2025-11-22T14:47:19","slug":"nattens-viktigste-nyheter-nyhetsvarsel-nattens-viktigste-nyheter-5","status":"publish","type":"post","link":"https:\/\/www.europesays.com\/no\/93819\/","title":{"rendered":"Nattens viktigste nyheter, Nyhetsvarsel | Nattens viktigste nyheter"},"content":{"rendered":"\n<p><b>Eitrem satte norsk rekord p\u00e5 5000 meter i Calgary<\/b><\/p>\n<p>En sterk sisterunde ga Sander Eitrem ny norsk rekord p\u00e5 5000 meter med 6.01,86. Det s\u00e5 ut til \u00e5 gi seier, men Casey Dawson fra USA hadde et kanonl\u00f8p i siste par.<\/p>\n<p>Med 6.01,84 var amerikaneren kun to hundredeler foran nordmannen.<\/p>\n<p>Ted-Jan Bloemen, som opprinnelig er nederlandsk, men g\u00e5r for Canada, tok ledelsen da han i femte par gikk inn til nye banerekord med 6.02,26.<\/p>\n<p>Eitrem gikk i nest siste par inn til b\u00e5de norsk rekord og banerekord, n\u00e6rmere halvannet sekund under Svein Kramers tidligere banerekord p\u00e5 6.03,32 fra 2017. Les mer <a href=\"https:\/\/www.nettavisen.no\/sport\/sander-eitrem-satte-norsk-rekord-pa-5000-meter-i-calgary\/s\/5-95-2741931\" rel=\"Follow nofollow noopener\" target=\"_blank\">her. <\/a><\/p>\n<p><b>Trump-kritiker Marjorie Taylor Greene gir seg i Kongressen<\/b><\/p>\n<p>Den tidligere Trump-tilhengeren Marjorie Taylor Greene, som etter hvert har blitt en krass kritiker, sier hun g\u00e5r av som kongressmedlem i januar.<\/p>\n<p>Greene, som er republikaner og representerer delstaten Georgia, har lagt ut en mer enn 10 minutter lang video i sosiale medier der hun redegj\u00f8r for at hun trekker seg. Hun hevder blant annet at hun \u00aballtid er blitt foraktet i Washington og aldri passet inn\u00bb.<\/p>\n<p>Greene sier hennes siste dag i Representantenes hus blir 5. januar.<\/p>\n<p>Beskjeden kommer i kj\u00f8lvannet av en \u00e5pen krangel og brudd med president Donald Trump den siste tiden. Hun har blant annet anklaget ham for \u00e5 ha strittet imot frigivelse av etterforskningsdokumentene om den overgrepsd\u00f8mte finansmannen Jeffrey Epstein. Green har ogs\u00e5 kritisert presidentens utenriks- og helsepolitikk. Les mer <a href=\"https:\/\/www.nettavisen.no\/trump-kritiker-marjorie-taylor-greene-gir-seg-i-kongressen\/s\/5-95-2741927\" rel=\"Follow nofollow noopener\" target=\"_blank\">her. <\/a><\/p>\n<p><b>Lastebil veltet p\u00e5 E16: Advarer om glatte veier<\/b><\/p>\n<p>En lastebil har veltet p\u00e5 E16 litt s\u00f8r for \u00c5mlikrysset i Nannestad, opplyser politiet.<\/p>\n<p>Ulykken skjedde litt f\u00f8r klokka fire l\u00f8rdag morgen.<\/p>\n<p>Lastebilen ligger n\u00e5 ute p\u00e5 et jorde. Det lekker noe diesel fra kj\u00f8ret\u00f8yet, sier politiets oppdragsleder Ronny Mangseth.<\/p>\n<p>F\u00f8rer av bilen er ute av lastebilen og fremst\u00e5r oppeg\u00e5ende. Vedkommende blir sjekket av ambulanse p\u00e5 stedet.<\/p>\n<p>Det meldes om sludd og glatt veibane p\u00e5 stedet. Les mer<a href=\"https:\/\/www.nettavisen.no\/nyheter\/lastebil-veltet-pa-e6-glatte-veier\/s\/5-95-2741940\" rel=\"Follow nofollow noopener\" target=\"_blank\"> her. <\/a><\/p>\n<p><b>Trump sier Zelenskyj m\u00e5 godkjenne fredsplan<\/b><\/p>\n<p>For \u00e5 f\u00e5 slutt p\u00e5 krigen i Ukraina, m\u00e5 president Volodymyr Zelenskyj godkjenne forslaget til fredsplan, sier Donald Trump.<\/p>\n<p>\u2013 Det som skjer, er forferdelig. Vi har en m\u00e5te \u00e5 oppn\u00e5 fred p\u00e5, eller vi tror vi har en m\u00e5te \u00e5 oppn\u00e5 fred p\u00e5. Han m\u00e5 like den, og hvis han ikke liker den, vel, da f\u00e5 de bare fortsette \u00e5 kjempe, sa den amerikanske presidenten til journalister i Det hvite hus fredag.<\/p>\n<p>Til Fox News sier Trump at han jobber med mange tidsfrister, og at dersom ting g\u00e5r bra, har fristene en tendens til \u00e5 bli utsatt. Les mer<a href=\"https:\/\/www.nettavisen.no\/nyheter\/for-a-fa-slutt-pa-krigen-i-ukraina-ma-president-volodymyr-zelenskyj-godkjenne-forslaget-til-fredsplan-sier-donald-trump\/s\/5-95-2741861\" rel=\"Follow nofollow noopener\" target=\"_blank\"> her. <\/a><\/p>\n<p><b>Per-Mathias H\u00f8gmo klar for Ludogorets<\/b><\/p>\n<p>Den norske trenerveteranen fortsetter karrieren i Bulgaria.<\/p>\n<p>Ansettelsen bekreftes p\u00e5 <a href=\"https:\/\/ludogorets.com\/en\/news\/?i=7293\" rel=\"noopener nofollow\" target=\"_blank\">klubbens nettsted<\/a> og p\u00e5 X.<\/p>\n<p>Ludogorets ligger et stykke bak tabelltoppen i Bulgaria. I sommer kvalifiserte laget seg for europaligaen. Les mer <a href=\"https:\/\/www.nettavisen.no\/sport\/per-mathias-hogmo-klar-for-ludogorets\/s\/5-95-2741844\" rel=\"Follow nofollow noopener\" target=\"_blank\">her. <\/a><\/p>\n<p><b>Funn av blodig person i Halden<\/b><\/p>\n<p>Politiet er p\u00e5 stedet og jobber med \u00e5 f\u00e5 oversikt over hva som har skjedd.<\/p>\n<p>\u2013 En blodig person er funnet liggende p\u00e5 bakken p\u00e5 torget, skrev politiets operasjonsleder Ronny Mangseth i politiloggen klokka 01.43 natt til l\u00f8rdag.<\/p>\n<p>Videre skriver politiet at det fremst\u00e5r som at den skadde har blitt utsatt for vold.<\/p>\n<p>Vedkommende kj\u00f8res til Kalnes sykehus. Han har v\u00e6rt bevisst, men bl\u00f8r fra kutt i ansiktet. Forn\u00e6rmede har selv sagt at han ble sl\u00e5tt ned. Les mer <a href=\"https:\/\/www.nettavisen.no\/nyheter\/funn-av-blodig-person-liggende-pa-bakken-i-halden\/s\/5-95-2741922\" rel=\"Follow nofollow noopener\" target=\"_blank\">her. <\/a><\/p>\n<p><b>Brann i bolig i Fauske for andre gang p\u00e5 f\u00e5 dager<\/b><\/p>\n<p>En person er sendt til sykehus for sjekk etter en brann i Fauske, og brannvesenet lar bygget brenne ned. En mann er siktet etter en tidligere brann samme sted.<\/p>\n<p>Nordland politidistrikt meldte om brannen like etter klokka 22 fredag kveld.<\/p>\n<p>\u2013 Det p\u00e5g\u00e5r n\u00e5 kontrollert nedbrenning av huset. En person er fraktet til sykehus for sjekk, skriver operasjonsleder Yngvar Fredriksen i politiloggen natt til l\u00f8rdag.<\/p>\n<p>Det skal ikke v\u00e6re snakk om alvorlige skader. De andre som bor i bygningen, er gjort rede for og er OK, if\u00f8lge politiet.<\/p>\n<p>Det var en stund spredningsfare, og beboere i n\u00e6rheten ble oppfordret til \u00e5 lukke vinduer grunnet r\u00f8yk. Politiet gjorde natt til l\u00f8rdag unders\u00f8ker p\u00e5 stedet. Les mer<a href=\"https:\/\/www.nettavisen.no\/nyheter\/kraftig-brann-i-bolig-i-fauske-fare-for-spredning\/s\/5-95-2741817\" rel=\"Follow nofollow noopener\" target=\"_blank\"> her. <\/a><\/p>\n<p><b>Bil kj\u00f8rte inn i str\u00f8mstolpe i Oslo<\/b><\/p>\n<p>Ulykken skjedde litt etter klokka elleve fredag kveld.<\/p>\n<p>\u2013 En person skal v\u00e6re skadd. Flere personer som har forlatt stedet, skrev politiets operasjonsleder i politiloggen.<\/p>\n<p>Senere har politiet f\u00e5tt kontroll p\u00e5 to personer i n\u00e6rheten som erkjenner \u00e5 ha v\u00e6rt med i bilen.<\/p>\n<p>Ulykken har skjedd i Enebakkveien p\u00e5 Stensrud. Det henger str\u00f8mledninger lavt over veien p\u00e5 grunn av skader p\u00e5 str\u00f8mstolpen.<\/p>\n<p>I en oppdatering like etter midnatt skriver politiet at en person er fraktet til sykehus med bruddskader. Les saken <a href=\"https:\/\/www.nettavisen.no\/nyheter\/bil-kjorte-inn-i-stromstolpe-pa-stensrud-i-oslo\/s\/5-95-2741892\" rel=\"Follow nofollow noopener\" target=\"_blank\">her. <\/a><\/p>\n","protected":false},"excerpt":{"rendered":"Eitrem satte norsk rekord p\u00e5 5000 meter i Calgary En sterk sisterunde ga Sander Eitrem ny norsk rekord&hellip;\n","protected":false},"author":2,"featured_media":3844,"comment_status":"","ping_status":"","sticky":false,"template":"","format":"standard","meta":{"footnotes":""},"categories":[12],"tags":[20,21,24,25,15,22,23,13,30,28,29,14,16,26,27,42,43,44,45],"class_list":{"0":"post-93819","1":"post","2":"type-post","3":"status-publish","4":"format-standard","5":"has-post-thumbnail","7":"category-verden","8":"tag-breaking-news","9":"tag-breakingnews","10":"tag-featured-news","11":"tag-featurednews","12":"tag-headlines","13":"tag-latest-news","14":"tag-latestnews","15":"tag-news","16":"tag-no","17":"tag-norge","18":"tag-norway","19":"tag-nyheter","20":"tag-overskrifter","21":"tag-top-stories","22":"tag-topstories","23":"tag-verden","24":"tag-world","25":"tag-world-news","26":"tag-worldnews"},"share_on_mastodon":{"url":"https:\/\/pubeurope.com\/@no\/115593900617122589","error":""},"_links":{"self":[{"href":"https:\/\/www.europesays.com\/no\/wp-json\/wp\/v2\/posts\/93819","targetHints":{"allow":["GET"]}}],"collection":[{"href":"https:\/\/www.europesays.com\/no\/wp-json\/wp\/v2\/posts"}],"about":[{"href":"https:\/\/www.europesays.com\/no\/wp-json\/wp\/v2\/types\/post"}],"author":[{"embeddable":true,"href":"https:\/\/www.europesays.com\/no\/wp-json\/wp\/v2\/users\/2"}],"replies":[{"embeddable":true,"href":"https:\/\/www.europesays.com\/no\/wp-json\/wp\/v2\/comments?post=93819"}],"version-history":[{"count":0,"href":"https:\/\/www.europesays.com\/no\/wp-json\/wp\/v2\/posts\/93819\/revisions"}],"wp:featuredmedia":[{"embeddable":true,"href":"https:\/\/www.europesays.com\/no\/wp-json\/wp\/v2\/media\/3844"}],"wp:attachment":[{"href":"https:\/\/www.europesays.com\/no\/wp-json\/wp\/v2\/media?parent=93819"}],"wp:term":[{"taxonomy":"category","embeddable":true,"href":"https:\/\/www.europesays.com\/no\/wp-json\/wp\/v2\/categories?post=93819"},{"taxonomy":"post_tag","embeddable":true,"href":"https:\/\/www.europesays.com\/no\/wp-json\/wp\/v2\/tags?post=93819"}],"curies":[{"name":"wp","href":"https:\/\/api.w.org\/{rel}","templated":true}]}}