{"id":93821,"date":"2025-11-22T14:50:09","date_gmt":"2025-11-22T14:50:09","guid":{"rendered":"https:\/\/www.europesays.com\/no\/93821\/"},"modified":"2025-11-22T14:50:09","modified_gmt":"2025-11-22T14:50:09","slug":"mcgrath-pa-pallen-i-hundredelsdrama","status":"publish","type":"post","link":"https:\/\/www.europesays.com\/no\/93821\/","title":{"rendered":"McGrath p\u00e5 pallen i hundredelsdrama"},"content":{"rendered":"<p>Atle Lie McGrath ledet nemlig etter den f\u00f8rste omgangen, men endte opp med \u00e5 v\u00e6re ni hundredeler for sent ute i den andre.<\/p>\n<p>25-\u00e5ringen ble dermed nummer tre bak den franske overraskelsesmannen Paco Rassat, som tok sin f\u00f8rste verdenscupseier, og belgiske Armand Marchand.<\/p>\n<p>McGrath st\u00e5r n\u00e5 med to 3. plasser s\u00e5 langt denne sesongen, men venter alts\u00e5 fortsatt p\u00e5 sesongs f\u00f8rste triumf i verdenscupen.<\/p>\n<p>\u2013 Det er seigt \u00e5 komme inn og se r\u00f8dt lys, tallet tre og ni hundredeler bak. Det er en kjip kombo. En pallplass er kjempebra, men jeg kommer meg ikke p\u00e5 riktig side av de hundredelene enn\u00e5, sa b\u00e6rumsmannen til Viaplay etter rennet.<\/p>\n<p>Timon Haugan s\u00f8rget for en sterk norsk dag med 4. plass.<\/p>\n<p>McGrath startet sesongen med en 3. plass i storslal\u00e5men i S\u00f6lden i slutten av oktober, men kj\u00f8rte ut i andreomgangen av slal\u00e5men i Levi,\u00a0 Finland, forrige helg.<\/p>\n<p><a href=\"https:\/\/www.tv2.no\/sport\/vintersport\/historisk-braathen-seier-hardt-a-sette-ord-pa\/18294245\/\" rel=\"nofollow noopener\" target=\"_blank\">Lucas Pinheiro Braathen tok en historisk triumf for Brasil i nevnte Levi forrige helg<\/a>, men hadde ikke fullklaff l\u00f8rdag og havnet p\u00e5 en 10. plass.<\/p>\n<p>Henrik Kristoffersen hadde heller ikke fullklaff og endte p\u00e5 en 12. plass.<\/p>\n<p>Oscar Andreas Sandvik ble nummer 18, mens Eirik Hystad Solberg ble nummer 23.<\/p>\n","protected":false},"excerpt":{"rendered":"Atle Lie McGrath ledet nemlig etter den f\u00f8rste omgangen, men endte opp med \u00e5 v\u00e6re ni hundredeler for&hellip;\n","protected":false},"author":2,"featured_media":93822,"comment_status":"","ping_status":"","sticky":false,"template":"","format":"standard","meta":{"footnotes":""},"categories":[59],"tags":[30,28,29,83,82],"class_list":{"0":"post-93821","1":"post","2":"type-post","3":"status-publish","4":"format-standard","5":"has-post-thumbnail","7":"category-sport","8":"tag-no","9":"tag-norge","10":"tag-norway","11":"tag-sport","12":"tag-sports"},"share_on_mastodon":{"url":"https:\/\/pubeurope.com\/@no\/115593912179899069","error":""},"_links":{"self":[{"href":"https:\/\/www.europesays.com\/no\/wp-json\/wp\/v2\/posts\/93821","targetHints":{"allow":["GET"]}}],"collection":[{"href":"https:\/\/www.europesays.com\/no\/wp-json\/wp\/v2\/posts"}],"about":[{"href":"https:\/\/www.europesays.com\/no\/wp-json\/wp\/v2\/types\/post"}],"author":[{"embeddable":true,"href":"https:\/\/www.europesays.com\/no\/wp-json\/wp\/v2\/users\/2"}],"replies":[{"embeddable":true,"href":"https:\/\/www.europesays.com\/no\/wp-json\/wp\/v2\/comments?post=93821"}],"version-history":[{"count":0,"href":"https:\/\/www.europesays.com\/no\/wp-json\/wp\/v2\/posts\/93821\/revisions"}],"wp:featuredmedia":[{"embeddable":true,"href":"https:\/\/www.europesays.com\/no\/wp-json\/wp\/v2\/media\/93822"}],"wp:attachment":[{"href":"https:\/\/www.europesays.com\/no\/wp-json\/wp\/v2\/media?parent=93821"}],"wp:term":[{"taxonomy":"category","embeddable":true,"href":"https:\/\/www.europesays.com\/no\/wp-json\/wp\/v2\/categories?post=93821"},{"taxonomy":"post_tag","embeddable":true,"href":"https:\/\/www.europesays.com\/no\/wp-json\/wp\/v2\/tags?post=93821"}],"curies":[{"name":"wp","href":"https:\/\/api.w.org\/{rel}","templated":true}]}}