{"id":93823,"date":"2025-11-22T14:54:07","date_gmt":"2025-11-22T14:54:07","guid":{"rendered":"https:\/\/www.europesays.com\/no\/93823\/"},"modified":"2025-11-22T14:54:07","modified_gmt":"2025-11-22T14:54:07","slug":"sluttavtale-skal-vaere-klar-pa-klimatoppmotet-nrk-urix-utenriksnyheter-og-dokumentarer","status":"publish","type":"post","link":"https:\/\/www.europesays.com\/no\/93823\/","title":{"rendered":"Sluttavtale skal v\u00e6re klar p\u00e5 klimatoppm\u00f8tet \u2013 NRK Urix \u2013 Utenriksnyheter og -dokumentarer"},"content":{"rendered":"<p>Det brasilianske presidentskapet la l\u00f8rdag ettermiddag frem et nytt utkast til slutterkl\u00e6ring.<\/p>\n<p>Utkastet skal behandles p\u00e5 et plenumsm\u00f8te som starter klokken 16.00 norsk tid.<\/p>\n<p><strong>\u2013 Jeg vil si at det er bedre enn fryktet, men at vi nok kunne oppn\u00e5dd mer om ikke enkelte av partene hadde l\u00e5st seg fast i ultimatumer i siste runde, sier Klima- og milj\u00f8minister Andreas Bjelland Eriksen til NRK.<\/strong><\/p>\n<p>Flere kilder og Regnskogfondet sier at det er enighet om slutterkl\u00e6ringen.<\/p>\n<p>Det vanskelige sp\u00f8rsm\u00e5let om fossile brennstoff er ikke tatt med i utkastet til slutterkl\u00e6ring.<\/p>\n<p>Det brasilianske presidentskapet skal i stedet legge frem et eget veikart for omstilling bort fra fossile brennstoff.<\/p>\n<p>Den s\u00e5kalte sideuttalelsen skal ha v\u00e6rt nok til \u00e5 samle landene bak erkl\u00e6ringen. Teksten skal n\u00e5 endelig behandles p\u00e5 et plenumsm\u00f8te.<\/p>\n<p><img decoding=\"async\"   src=\"data:image\/gif;base64,R0lGODlhAQABAIAAAAAAAP\/\/\/yH5BAEAAAAALAAAAAABAAEAAAIBRAA7\" loading=\"eager\" alt=\"En mann i hvit skjorte st\u00e5r foran en gruppe mennesker, delvis utenfor fokus. Han har p\u00e5 seg et navneskilt med et fargerikt b\u00e5nd rundt halsen. I bakgrunnen sees planter og interi\u00f8r i en moderne setting. Lyset er dempet, hvilket gir en uformell atmosf\u00e6re.\" title=\"Foto: Milana Knezevic \/ NRK\"\/><\/p>\n<p class=\"\">Klima- og milj\u00f8minister Andreas Bjelland Eriksen (Ap) forlot klimatoppm\u00f8tet i Brasil natt til l\u00f8rdag.<\/p>\n<p>Foto: Milana Knezevic \/ NRK<\/p>\n<p>Kritisk til ultimatum<\/p>\n<p>Fredag truet en rekke land \u2013 blant dem Frankrike, Storbritannia og Tyskland \u2013 med \u00e5 nekte \u00e5 skrive under en slutterkl\u00e6ring fra \u00e5rets klimatoppm\u00f8te om den ikke nevnte omstilling bort fra av fossile brennstoff.<\/p>\n<p>Norge gjorde det da klart at de ikke stilte seg bak ultimatumet.<\/p>\n<p>Klimaminister Eriksen sier at ultimatumer f\u00f8rte til et d\u00e5rligere resultat enn det man ellers kunne oppn\u00e5dd.<\/p>\n<p>Bekrefter temperaturm\u00e5l<\/p>\n<p>I tillegg til striden rundt fossile brennstoff inneholder avtalen en rekke andre punkter:<\/p>\n<ul>\n<li>Erkl\u00e6ringen bekrefter temperaturm\u00e5lene i Parisavtalen og at man skal \u00f8ke innsatsen for \u00e5 n\u00e5 1,5-gradersm\u00e5let.<\/li>\n<li>Det st\u00e5r at for \u00e5 n\u00e5 m\u00e5let om \u00e5 begrense oppvarmingen til 1,5 grader kreves dype, raske og vedvarende reduksjoner i utslipp p\u00e5 43 prosent innen 2030 og 60 prosent innen 2035 fra 2019-niv\u00e5.<\/li>\n<li>Det \u00abetterlyses innsats for \u00e5 minst tredoble\u00bb klimafinansiering innen 2035.<\/li>\n<li>Enighet om et nytt initiativ kalt Global Implementation Accelerator. Det er et frivillig initiativ for \u00e5 f\u00e5 fart p\u00e5 implementeringen av klimam\u00e5l.<\/li>\n<\/ul>\n<p>Totalt er det 58 punkter i teksten.<\/p>\n<p><strong>\u2013 Vi skulle \u00f8nske at vi kunne f\u00e5tt til mer. Vi trenger \u00f8kt innsats mot klimaendringer og mer gjennomf\u00f8ring. Vi har holdt trykket oppe for \u00e5 f\u00e5 til mer, men det vi har p\u00e5 bordet n\u00e5 b\u00f8r vi st\u00f8tte. I det minste s\u00e5 peker det i riktig retning, sier Wopke Hoekstra, EUs klimakomiss\u00e6r.<\/strong><\/p>\n<p>Skal utvikle veikart<\/p>\n<p>Den brasilianske presidenten for klimatoppm\u00f8tet, Andr\u00e9 Corr\u00eaa do Lago, sier at forslaget til slutterkl\u00e6ring ikke inneholder noe om veikart for omstilling bort fra fossile brennstoff.<\/p>\n<p>I stedet vil det komme \u00abet initiativ fra det brasilianske presidentskapet om et veikart\u00bb som skal utvikles i tiden f\u00f8r neste klimatoppm\u00f8te. Det sier han til Amaz\u00f4nia Vox p\u00e5 <a href=\"https:\/\/www.instagram.com\/reel\/DRW4Gz0DhhZ\/?igsh=eGViYzF5NjI5cjFw\" ec-id=\"https:\/\/www.instagram.com\/reel\/DRW4Gz0DhhZ\/\" ec-name=\"Instagram\" rel=\"nofollow noopener\" target=\"_blank\">Instagram<\/a>.<\/p>\n<p>Han sier til Reuters at de skal utvikle veikart b\u00e5de om omstilling av fossile brennstoff og om avskoging.<\/p>\n<p>Neste toppm\u00f8te er i Tyrkia 9.\u201320. november 2026. Brasil leder arbeidet frem mot m\u00f8tet sammen med Australia.<\/p>\n<p>    CO\u2082 i atmosf\u00e6ren<br \/>\n      m\u00e5lt i deler per million partikler (ppm)460deler per million partikler (ppm)?Trykk for forklaring av deler per million, forkortet ppm<a class=\"klimastatus-link-2rXk0X svelte-bswcvn\" href=\"https:\/\/www.nrk.no\/klima\/status\" rel=\"nofollow noopener\" target=\"_blank\">G\u00e5 til NRKs Klimastatus<br \/>\n      <\/a>Hvorfor er grafen s\u00e5 b\u00f8lgete?<\/p>\n<p>Dette handler om \u00e5rstider. Om sommeren g\u00e5r mengden CO\u2082 ned fordi planter og tr\u00e6r tar opp CO\u2082 fra lufta. Om vinteren d\u00f8r plantene, CO\u2082-en slipper ut og grafen g\u00e5r opp. Siden det er mer planter og tr\u00e6r p\u00e5 den nordlige halvkule er det \u00e5rstidene her som styrer mengden CO\u2082 i atmosf\u00e6ren.<\/p>\n<p>Hva er problemet med mye CO\u2082 i atmosf\u00e6ren?<\/p>\n<p>Drivhuseffekten gj\u00f8r jorden levelig, men mer drivhusgasser, som CO\u2082, \u00f8ker denne effekten og gj\u00f8r jorden varmere. Grafen starter i 1960 fordi dette var \u00e5ret da verden begynte \u00e5 m\u00e5le CO\u2082 systematisk. Det skjedde p\u00e5 Mauna Loa p\u00e5 Hawaii og kurven viser m\u00e5lingene derfra. F\u00f8r verden ble industrialisert var det rundt 280 ppm CO\u2082 i atmosf\u00e6ren (\u00e5r 1700). Det har forskerne funnet ut ved \u00e5 analysere iskjernepr\u00f8ver.<\/p>\n<p>Blir det mindre CO\u2082 i atmosf\u00e6ren om utslipp kuttes?<\/p>\n<p>Nei, ikke umiddelbart. Dersom vi kutter utslipp, vil mengden CO\u2082 i atmosf\u00e6ren bare \u00f8ke langsommere. Nedgangen i utslipp m\u00e5 v\u00e6re stor og vare lenge f\u00f8r vi kan se effekt. <\/p>\n<p>Tenk deg at atmosf\u00e6ren er et badekar og klimagassene er vannet du fyller i. Selv om du skrur igjen kranen blir ikke badekaret tomt for vann. Slik er det med klimagasser og CO\u2082. Det tar lang tid f\u00f8r CO\u2082 brytes ned i atmosf\u00e6ren. Dette er grunnen til at ekspertene \u00f8nsker teknologi som suger ut drivhusgasser fra atmosf\u00e6ren, i tillegg til at vi kutter utslippene.<\/p>\n<p>Verdens politikere har bestemt at de vil pr\u00f8ve \u00e5 begrense oppvarmingen av verden til 1,5 grader, sammenlignet med slik temperaturen var f\u00f8r den industrielle revolusjon. Da m\u00e5 vi holde mengden CO\u2082 i atmosf\u00e6ren p\u00e5 under 430 ppm, if\u00f8lge FN sitt klimapanel.<\/p>\n<p>Publisert<\/p>\n<p>22.11.2025, kl. 15.14<\/p>\n<p>Oppdatert<\/p>\n<p>22.11.2025, kl. 15.46<\/p>\n<p><script async src=\"\/\/www.instagram.com\/embed.js\"><\/script><\/p>\n","protected":false},"excerpt":{"rendered":"Det brasilianske presidentskapet la l\u00f8rdag ettermiddag frem et nytt utkast til slutterkl\u00e6ring. Utkastet skal behandles p\u00e5 et plenumsm\u00f8te&hellip;\n","protected":false},"author":2,"featured_media":93824,"comment_status":"","ping_status":"","sticky":false,"template":"","format":"standard","meta":{"footnotes":""},"categories":[12],"tags":[20,21,24,25,15,22,23,13,30,28,29,14,16,26,27,42,43,44,45],"class_list":{"0":"post-93823","1":"post","2":"type-post","3":"status-publish","4":"format-standard","5":"has-post-thumbnail","7":"category-verden","8":"tag-breaking-news","9":"tag-breakingnews","10":"tag-featured-news","11":"tag-featurednews","12":"tag-headlines","13":"tag-latest-news","14":"tag-latestnews","15":"tag-news","16":"tag-no","17":"tag-norge","18":"tag-norway","19":"tag-nyheter","20":"tag-overskrifter","21":"tag-top-stories","22":"tag-topstories","23":"tag-verden","24":"tag-world","25":"tag-world-news","26":"tag-worldnews"},"share_on_mastodon":{"url":"https:\/\/pubeurope.com\/@no\/115593928049719128","error":""},"_links":{"self":[{"href":"https:\/\/www.europesays.com\/no\/wp-json\/wp\/v2\/posts\/93823","targetHints":{"allow":["GET"]}}],"collection":[{"href":"https:\/\/www.europesays.com\/no\/wp-json\/wp\/v2\/posts"}],"about":[{"href":"https:\/\/www.europesays.com\/no\/wp-json\/wp\/v2\/types\/post"}],"author":[{"embeddable":true,"href":"https:\/\/www.europesays.com\/no\/wp-json\/wp\/v2\/users\/2"}],"replies":[{"embeddable":true,"href":"https:\/\/www.europesays.com\/no\/wp-json\/wp\/v2\/comments?post=93823"}],"version-history":[{"count":0,"href":"https:\/\/www.europesays.com\/no\/wp-json\/wp\/v2\/posts\/93823\/revisions"}],"wp:featuredmedia":[{"embeddable":true,"href":"https:\/\/www.europesays.com\/no\/wp-json\/wp\/v2\/media\/93824"}],"wp:attachment":[{"href":"https:\/\/www.europesays.com\/no\/wp-json\/wp\/v2\/media?parent=93823"}],"wp:term":[{"taxonomy":"category","embeddable":true,"href":"https:\/\/www.europesays.com\/no\/wp-json\/wp\/v2\/categories?post=93823"},{"taxonomy":"post_tag","embeddable":true,"href":"https:\/\/www.europesays.com\/no\/wp-json\/wp\/v2\/tags?post=93823"}],"curies":[{"name":"wp","href":"https:\/\/api.w.org\/{rel}","templated":true}]}}