{"id":93825,"date":"2025-11-22T14:55:09","date_gmt":"2025-11-22T14:55:09","guid":{"rendered":"https:\/\/www.europesays.com\/no\/93825\/"},"modified":"2025-11-22T14:55:09","modified_gmt":"2025-11-22T14:55:09","slug":"broytebiler-og-trakkemaskiner-i-trobbel-bra-mye-a-gjore-folkebladet-no","status":"publish","type":"post","link":"https:\/\/www.europesays.com\/no\/93825\/","title":{"rendered":"(+) Br\u00f8ytebiler og tr\u00e5kkemaskiner i tr\u00f8bbel: \u2013 Bra mye \u00e5 gj\u00f8re &#8211; folkebladet.no"},"content":{"rendered":"<ol>\n<li><a href=\"https:\/\/news.google.com\/rss\/articles\/CBMipwFBVV95cUxPTmozRW9vaWJRQmtDa2lxVUFmZlhsUTMxc0lKcUFFNU1WMDRkemV2a25JWFY5UWlHaXFQU1FpRmhoTVJCX1dYLUhSM1l5bjJudHQyY0xQSlBfb0FDUTRNT0wwTjdvaGxNTUtyem1NWGh5R0ZGVDZxWEdrSEV0cG5iSmMzZi1hU3h6TlRQcWRLcnptSk5POC00clVvRGc5c1dZbm52Q2VrRQ?oc=5\" target=\"_blank\" rel=\"nofollow noopener\">(+) Br\u00f8ytebiler og tr\u00e5kkemaskiner i tr\u00f8bbel: \u2013 Bra mye \u00e5 gj\u00f8re<\/a>&nbsp;&nbsp;folkebladet.no<\/li>\n<li><a href=\"https:\/\/news.google.com\/rss\/articles\/CBMid0FVX3lxTE1rZUlrc2dnbnZNLUJPZ1NHaXUwZDdRa2JkZE15VFV1Qk4zOS1DdjlNbXp4RXpuZERpMl90eGlUVkRkOHZwSExOc2U3ZnFvSS03SXRNWDJqbG12enUxWUJlSkhtY2gxNGZ5REluQmhoX1lqMXNlbFk4?oc=5\" target=\"_blank\" rel=\"nofollow noopener\">Br\u00f8yting, Vegarbeid | N\u00e5 skal de br\u00f8yte problemveien<\/a>&nbsp;&nbsp;Nordlys<\/li>\n<li><a href=\"https:\/\/news.google.com\/rss\/articles\/CBMiwwFBVV95cUxOa3JzWWRFMmFjOHRnNGhzUkVGRHZEdmkwUkFrR0FVSUZBYTlqRkJNS01aRmk4cG5NaWZDejMyR253U01WemlzT2tyQWprOS12a1VkNlRVVWhGWTNhQ05hckpEMklnY2VjcjNtd2pNOWNBRmtRXzZYdndIeHdaemJIVzZyeHU1dmQ2VlRGNC1jRXZSMnBfU0E0amw5d1hWQXQ3Qi1DRm9nbUYyVUI3aVVNUDJaMHpXdC1wTVFIYUlCU0NmQlk?oc=5\" target=\"_blank\" rel=\"nofollow noopener\">(+) Bilturen skulle ta to timer. Kristin brukte tolv: \u2013 Ett eller annet m\u00e5 skje<\/a>&nbsp;&nbsp;framtidinord.no<\/li>\n<li><a href=\"https:\/\/news.google.com\/rss\/articles\/CBMiugFBVV95cUxNaTlIOUc2X1FvQ3RqVDVnZmxKVTRBTU9OeW5Jc3dHNVhRWUhtektQR3g5UjlNcERWOHppQmpka2NZMzVreU1nRWJqenhmQzRpLWdpOE85M0c4bEZsRkQ0cm1LN0ptVUhuNS1Ob1J1TXhjUmRXNzhiUGR5LXB6ZFZlcE1SakQ4dlUxTUVzOVozR0ZPRHRQbXZMVmJtUmJ1ektpYmpfakZ0ZVU3YUNpRThzeGpwdUVodDIteGc?oc=5\" target=\"_blank\" rel=\"nofollow noopener\">(+) Har skrevet under kontrakt med Veidekke: \u2013 Vi er jo godt kjent p\u00e5 veiene her<\/a>&nbsp;&nbsp;folkebladet.no<\/li>\n<li><a href=\"https:\/\/news.google.com\/rss\/articles\/CBMif0FVX3lxTE95WlR3SGR1LXR6WVo0RmtXaFJPLU1iZXkzSXFqQWxEZ3p4RDRrWlJzZFA0NjN4bHpYSmRNMjBhUzZUOUFCWVM3aXBYZXZHSEJEbkwwZ0R4Y0tDeG5iSnZqbnp6V0o4MXJrS1VOQVdleHlJcG9aRHVzSGlTM25IUUE?oc=5\" target=\"_blank\" rel=\"nofollow noopener\">\u00abMan kan jo undres \u2014 er br\u00f8ytinga i \u00e5r bestilt fra Temu?\u00bb<\/a>&nbsp;&nbsp;folkebladet.no<\/li>\n<\/ol>\n","protected":false},"excerpt":{"rendered":"(+) Br\u00f8ytebiler og tr\u00e5kkemaskiner i tr\u00f8bbel: \u2013 Bra mye \u00e5 gj\u00f8re&nbsp;&nbsp;folkebladet.no Br\u00f8yting, Vegarbeid | N\u00e5 skal de br\u00f8yte&hellip;\n","protected":false},"author":2,"featured_media":93826,"comment_status":"","ping_status":"","sticky":false,"template":"","format":"standard","meta":{"footnotes":""},"categories":[10],"tags":[12184,20,21,12174,24,25,15,22,23,13,30,28,29,14,16,3044,26,27,12183],"class_list":{"0":"post-93825","1":"post","2":"type-post","3":"status-publish","4":"format-standard","5":"has-post-thumbnail","7":"category-norge","8":"tag-bilberging","9":"tag-breaking-news","10":"tag-breakingnews","11":"tag-broyting","12":"tag-featured-news","13":"tag-featurednews","14":"tag-headlines","15":"tag-latest-news","16":"tag-latestnews","17":"tag-news","18":"tag-no","19":"tag-norge","20":"tag-norway","21":"tag-nyheter","22":"tag-overskrifter","23":"tag-senja","24":"tag-top-stories","25":"tag-topstories","26":"tag-vangsvik"},"share_on_mastodon":{"url":"https:\/\/pubeurope.com\/@no\/115593931850660414","error":""},"_links":{"self":[{"href":"https:\/\/www.europesays.com\/no\/wp-json\/wp\/v2\/posts\/93825","targetHints":{"allow":["GET"]}}],"collection":[{"href":"https:\/\/www.europesays.com\/no\/wp-json\/wp\/v2\/posts"}],"about":[{"href":"https:\/\/www.europesays.com\/no\/wp-json\/wp\/v2\/types\/post"}],"author":[{"embeddable":true,"href":"https:\/\/www.europesays.com\/no\/wp-json\/wp\/v2\/users\/2"}],"replies":[{"embeddable":true,"href":"https:\/\/www.europesays.com\/no\/wp-json\/wp\/v2\/comments?post=93825"}],"version-history":[{"count":0,"href":"https:\/\/www.europesays.com\/no\/wp-json\/wp\/v2\/posts\/93825\/revisions"}],"wp:featuredmedia":[{"embeddable":true,"href":"https:\/\/www.europesays.com\/no\/wp-json\/wp\/v2\/media\/93826"}],"wp:attachment":[{"href":"https:\/\/www.europesays.com\/no\/wp-json\/wp\/v2\/media?parent=93825"}],"wp:term":[{"taxonomy":"category","embeddable":true,"href":"https:\/\/www.europesays.com\/no\/wp-json\/wp\/v2\/categories?post=93825"},{"taxonomy":"post_tag","embeddable":true,"href":"https:\/\/www.europesays.com\/no\/wp-json\/wp\/v2\/tags?post=93825"}],"curies":[{"name":"wp","href":"https:\/\/api.w.org\/{rel}","templated":true}]}}