{"id":93827,"date":"2025-11-22T14:57:17","date_gmt":"2025-11-22T14:57:17","guid":{"rendered":"https:\/\/www.europesays.com\/no\/93827\/"},"modified":"2025-11-22T14:57:17","modified_gmt":"2025-11-22T14:57:17","slug":"skrekkbilder-ubehagelig","status":"publish","type":"post","link":"https:\/\/www.europesays.com\/no\/93827\/","title":{"rendered":"Skrekkbilder: &#8211; Ubehagelig"},"content":{"rendered":"<p> Moa Ilar imponerte p\u00e5 10 kilometeren under svenskenes\u00a0\u00a0sesong\u00e5pning i G\u00e4llivare.<\/p>\n<p>28-\u00e5ringen ble kun sl\u00e5tt av stjernen Ebba Andersson.<\/p>\n<p>Etter m\u00e5lgang oppsto det imidlertid litt dramatiske scener. Ilar fikk assistanse fra medisinsk personell.<\/p>\n<p>Grunnen?\u00a0<\/p>\n<p>P\u00e5 oppl\u00f8pet s\u00e5 hun ingenting.<\/p>\n<p> \u2013 Jeg m\u00e5tte tilkalle litt hjelp og f\u00e5 st\u00f8tte. \u00d8ynene fryser for meg, det er litt ubehagelig, forteller hun.<\/p>\n<p>      <img class=\"image__img lazyload\" itemprop=\"image\" title=\"Foto: Maxim Thore \/ BILDBYR\u00c5N\" alt=\"Moa Ilar, Falun Borl\u00e4nge SK after the women's 10 km classic technique during the Swedish cross-country skiing premiere on November 22, 2025 in G\u00e4llivare. Foto: Maxim Thore \/ BILDBYR\u00c5N\" width=\"978\" height=\"653\" bad-src=\"https:\/\/www.europesays.com\/no\/wp-content\/uploads\/2025\/11\/18314358.webp\" fetchpriority=\"auto\" \/><\/p>\n<p>      Foto: Maxim Thore \/ BILDBYR\u00c5N<\/p>\n<p>      <img class=\"image__img lazyload\" itemprop=\"image\" title=\"Foto: Maxim Thore \/ BILDBYR\u00c5N\" alt=\"Moa Ilar, Falun Borl\u00e4nge SK after the women's 10 km classic technique during the Swedish cross-country skiing premiere on November 22, 2025 in G\u00e4llivare. Foto: Maxim Thore \/ BILDBYR\u00c5N\" width=\"978\" height=\"653\" bad-src=\"https:\/\/www.europesays.com\/no\/wp-content\/uploads\/2025\/11\/18314359.webp\" fetchpriority=\"auto\" \/><\/p>\n<p>      Foto: Maxim Thore \/ BILDBYR\u00c5N<\/p>\n<p>      <img class=\"image__img lazyload\" itemprop=\"image\" title=\"Foto: Maxim Thore \/ BILDBYR\u00c5N\" alt=\"Moa Ilar, Falun Borl\u00e4nge SK, after the women's 10 km classic technique during the Swedish cross-country skiing premiere on November 22, 2025 in G\u00e4llivare. Foto: Maxim Thore \/ BILDBYR\u00c5N\" width=\"978\" height=\"653\" bad-src=\"https:\/\/www.europesays.com\/no\/wp-content\/uploads\/2025\/11\/18314311.webp\" fetchpriority=\"auto\" \/><\/p>\n<p>      Foto: Maxim Thore \/ BILDBYR\u00c5N<\/p>\n<p>      <img class=\"image__img lazyload\" itemprop=\"image\" title=\"Foto: Maxim Thore \/ BILDBYR\u00c5N\" alt=\"Moa Ilar, Falun Borl\u00e4nge SK, after the women's 10 km classic technique during the Swedish cross-country skiing premiere on November 22, 2025 in G\u00e4llivare. Foto: Maxim Thore \/ BILDBYR\u00c5N\" width=\"978\" height=\"653\" bad-src=\"https:\/\/www.europesays.com\/no\/wp-content\/uploads\/2025\/11\/18314360.webp\" fetchpriority=\"auto\" \/><\/p>\n<p>      Foto: Maxim Thore \/ BILDBYR\u00c5N<\/p>\n<p>      <img class=\"image__img lazyload\" itemprop=\"image\" title=\"Foto: Maxim Thore \/ BILDBYR\u00c5N\" alt=\"Moa Ilar, Falun Borl\u00e4nge SK after the women's 10 km classic technique during the Swedish cross-country skiing premiere on November 22, 2025 in G\u00e4llivare. Foto: Maxim Thore \/ BILDBYR\u00c5N\" width=\"978\" height=\"653\" bad-src=\"https:\/\/www.europesays.com\/no\/wp-content\/uploads\/2025\/11\/18314361.webp\" fetchpriority=\"auto\" \/><\/p>\n<p>      Foto: Maxim Thore \/ BILDBYR\u00c5N<\/p>\n<p>      <img class=\"image__img lazyload\" itemprop=\"image\" title=\"Foto: Maxim Thore \/ BILDBYR\u00c5N\" alt=\"Moa Ilar, Falun Borl\u00e4nge SK after the women's 10 km classic technique during the Swedish cross-country skiing premiere on November 22, 2025 in G\u00e4llivare. Foto: Maxim Thore \/ BILDBYR\u00c5N\" width=\"978\" height=\"653\" bad-src=\"https:\/\/www.europesays.com\/no\/wp-content\/uploads\/2025\/11\/18314362.webp\" fetchpriority=\"auto\" \/><\/p>\n<p>      Foto: Maxim Thore \/ BILDBYR\u00c5N<\/p>\n<p>Ilar forklarer at v\u00e6sken i \u00f8yet hennes fryser til is, noe som gj\u00f8r synet grumset n\u00e5r hun kommer i m\u00e5l og stopper.\u00a0<\/p>\n<p>Da m\u00e5 hun varme opp \u00f8yelokkene for \u00e5 f\u00e5 synet tilbake.<\/p>\n<p>\u2013 Jeg tror ikke noen andre har problemer med dette, jeg har det litt for ofte. Jeg vet hva det inneb\u00e6rer, sier hun til\u00a0<a href=\"https:\/\/www.aftonbladet.se\/sportbladet\/a\/k0Wp3j\/moa-ilars-stora-drama-sag-ingenting-alls\" target=\"_blank\" rel=\"nofollow noopener\">Aftonbladet<\/a>. <\/p>\n<p> Hun forteller at hun ikke rakk \u00e5 f\u00e5 panikk, og at det bare handler om \u00e5 ha litt t\u00e5lmodighet og varme opp \u00f8ynene.\u00a0<\/p>\n<p>Selv om hun hadde p\u00e5 seg briller under l\u00f8pet, hjalp det ikke.<\/p>\n<p>\u2013 Jeg pr\u00f8ver \u00e5 huske p\u00e5 \u00e5 blunke under l\u00f8pene, men det hjelper ikke nok, avslutter Ilar.<\/p>\n","protected":false},"excerpt":{"rendered":"Moa Ilar imponerte p\u00e5 10 kilometeren under svenskenes\u00a0\u00a0sesong\u00e5pning i G\u00e4llivare. 28-\u00e5ringen ble kun sl\u00e5tt av stjernen Ebba Andersson.&hellip;\n","protected":false},"author":2,"featured_media":93828,"comment_status":"","ping_status":"","sticky":false,"template":"","format":"standard","meta":{"footnotes":""},"categories":[59],"tags":[30,28,29,83,82],"class_list":{"0":"post-93827","1":"post","2":"type-post","3":"status-publish","4":"format-standard","5":"has-post-thumbnail","7":"category-sport","8":"tag-no","9":"tag-norge","10":"tag-norway","11":"tag-sport","12":"tag-sports"},"share_on_mastodon":{"url":"https:\/\/pubeurope.com\/@no\/115593939732357071","error":""},"_links":{"self":[{"href":"https:\/\/www.europesays.com\/no\/wp-json\/wp\/v2\/posts\/93827","targetHints":{"allow":["GET"]}}],"collection":[{"href":"https:\/\/www.europesays.com\/no\/wp-json\/wp\/v2\/posts"}],"about":[{"href":"https:\/\/www.europesays.com\/no\/wp-json\/wp\/v2\/types\/post"}],"author":[{"embeddable":true,"href":"https:\/\/www.europesays.com\/no\/wp-json\/wp\/v2\/users\/2"}],"replies":[{"embeddable":true,"href":"https:\/\/www.europesays.com\/no\/wp-json\/wp\/v2\/comments?post=93827"}],"version-history":[{"count":0,"href":"https:\/\/www.europesays.com\/no\/wp-json\/wp\/v2\/posts\/93827\/revisions"}],"wp:featuredmedia":[{"embeddable":true,"href":"https:\/\/www.europesays.com\/no\/wp-json\/wp\/v2\/media\/93828"}],"wp:attachment":[{"href":"https:\/\/www.europesays.com\/no\/wp-json\/wp\/v2\/media?parent=93827"}],"wp:term":[{"taxonomy":"category","embeddable":true,"href":"https:\/\/www.europesays.com\/no\/wp-json\/wp\/v2\/categories?post=93827"},{"taxonomy":"post_tag","embeddable":true,"href":"https:\/\/www.europesays.com\/no\/wp-json\/wp\/v2\/tags?post=93827"}],"curies":[{"name":"wp","href":"https:\/\/api.w.org\/{rel}","templated":true}]}}