{"id":93831,"date":"2025-11-22T15:03:09","date_gmt":"2025-11-22T15:03:09","guid":{"rendered":"https:\/\/www.europesays.com\/no\/93831\/"},"modified":"2025-11-22T15:03:09","modified_gmt":"2025-11-22T15:03:09","slug":"katrine-lunde-gir-seg-pa-landslaget-etter-sesongen","status":"publish","type":"post","link":"https:\/\/www.europesays.com\/no\/93831\/","title":{"rendered":"Katrine Lunde gir seg p\u00e5 landslaget etter sesongen"},"content":{"rendered":"\n<p class=\"_lead_o9xde_2 _lead_xtcu6_50 layout-component text-serif-m layout-normal text-serif-l layout-component layout-wide layout-padded _wide_17hqh_1 layout-padded\">45-\u00e5ringen har bestemt seg for at \u00e5rets h\u00e5ndball-VM blir hennes siste mesterskap. <\/p>\n<p><img alt=\"Katrine Lunde under semifinalen i fjor\u00e5rets h\u00e5ndball-EM.  Foto: Bj\u00f8rn S. Delebekk \/ VG\" class=\"_image_qp4xg_65 layout-component layout-wide\" data-fullscreen- data-track-element-type=\"Article image fullscreen\" data-track-name=\"ImageFullscreen\" fetchpriority=\"high\" decoding=\"sync\" loading=\"eager\" height=\"2560\" itemprop=\"image\"  src=\"https:\/\/www.europesays.com\/no\/wp-content\/uploads\/2025\/11\/fa6acfc5-8241-4b95-9c7e-d3019bb64054\"  style=\"object-position:0% 0%\" width=\"3840\"\/>Katrine Lunde under semifinalen i fjor\u00e5rets h\u00e5ndball-EM.  Foto: Bj\u00f8rn S. Delebekk \/ VG<\/p>\n<ul aria-hidden=\"true\" class=\"_images_18f0k_111\">\n<li><a class=\"_link_18f0k_116\" href=\"https:\/\/www.vg.no\/forfatter\/sindre-espe\" style=\"z-index:1\" title=\"Sindre Espe\" rel=\"nofollow noopener\" target=\"_blank\"><img alt=\"Bilde av Sindre Espe\" class=\"_image_18f0k_93\" fetchpriority=\"low\" loading=\"lazy\" decoding=\"async\" itemprop=\"image\"  src=\"https:\/\/www.europesays.com\/no\/wp-content\/uploads\/2025\/11\/1763823789_190_5d41d29b-af5f-421d-80e6-42e6d80fe76e\"  width=\"480\"\/><\/a><\/li>\n<\/ul>\n<p> Oppdatert l\u00f8rdag 22. november kl. 15:22     <\/p>\n<p class=\"_paragraph_o9xde_4 _paragraph_xtcu6_10 layout-component text-serif-m layout-normal text-serif-m layout-padded\">Det kunngj\u00f8r m\u00e5lvakten selv l\u00f8rdag, fem dager f\u00f8r Norge \u00e5pner VM i Tyskland og Nederland.<\/p>\n<p class=\"_paragraph_o9xde_4 _paragraph_xtcu6_10 layout-component text-serif-m layout-normal text-serif-m layout-padded\">\u2013 Etter grundige overveielser har jeg bestemt meg for at VM 2025 blir mitt siste mesterskap med H\u00e5ndballjentene, sier keeperlegenden i en pressemelding.<\/p>\n<p class=\"_paragraph_o9xde_4 _paragraph_xtcu6_10 layout-component text-serif-m layout-normal text-serif-m layout-padded\">\u2013 Mitt m\u00e5l og h\u00e5p er \u00e5 bidra til at det siste mesterskapet mitt blir uforglemmelig, sier hun.<\/p>\n<p class=\"_paragraph_o9xde_4 _paragraph_xtcu6_10 layout-component text-serif-m layout-normal text-serif-m layout-padded\">Slik er det norske h\u00e5ndballpublikum blitt vant til \u00e5 se henne \u2013 her under fjor\u00e5rets OL:<\/p>\n<p class=\"_paragraph_o9xde_4 _paragraph_xtcu6_10 layout-component text-serif-m layout-normal text-serif-m layout-padded\">L\u00f8rdag ettermiddag m\u00f8ter hun og h\u00e5ndballjentene Ungarn i Posten Cup i Sotra Arena \u2013 en oppkj\u00f8ringsturnering til det kommende mesterskapet. <\/p>\n<ul class=\"_list_o9xde_3 _list_xtcu6_9 _unordered_o9xde_106 layout-component text-serif-m layout-normal text-serif-m layout-padded\">\n<li class=\"_item_o9xde_30\">Kampen starter kl. 16.45 og sendes p\u00e5 TV 2 Direkte.<\/li>\n<\/ul>\n<p class=\"_paragraph_o9xde_4 _paragraph_xtcu6_10 layout-component text-serif-m layout-normal text-serif-m layout-padded\">45-\u00e5ringen har ikke utelukket \u00e5 spille for landslaget v\u00e5ren 2026, men ikke til et nytt mesterskap. Neste mesterskap er EM i Polen, Romania, Slovakia, Tsjekkia og Tyrkia 3. til 20. desember 2026. <\/p>\n<p class=\"_paragraph_o9xde_4 _paragraph_xtcu6_10 layout-component text-serif-m layout-normal text-serif-m layout-padded\">\u2013 Jeg har inntil videre ingen plan for videre klubbkarriere, n\u00e5 har jeg fullt fokus p\u00e5 mesterskapet. Men jeg har ikke spilt min siste h\u00e5ndballkamp, forteller hun.<\/p>\n<p class=\"_paragraph_o9xde_4 _paragraph_xtcu6_10 layout-component text-serif-m layout-normal text-serif-m layout-padded\">Lunde debuterte p\u00e5 landslaget i september 2002, for over 23 \u00e5r siden. Siden den gang har hun blitt tidenes mestvinnende h\u00e5ndballspiller, uansett nasjon og kj\u00f8nn.<\/p>\n<p class=\"_paragraph_o9xde_4 _paragraph_xtcu6_10 layout-component text-serif-m layout-normal text-serif-m layout-padded\">\u2013 Det er en tid for alt. Vi er mange som skal takke Katrine for hennes bidrag til H\u00e5ndballjentene og norsk h\u00e5ndball. Merittene hennes taler for seg, og vil for alltid bli st\u00e5ende og husket. Samtidig respekterer jeg selvsagt hennes avgj\u00f8relse. Det blir vanskelig \u00e5 erstatte alt hun har levert og st\u00e5tt for, sier landslagssjef Ole Gustav Gjekstad.<\/p>\n<p>Lundes landslagsmeritter<\/p>\n<p class=\"_paragraph_o9xde_4 _paragraph_xtcu6_10 _paragraph_16v91_10 layout-component text-serif-m layout-normal text-sans-m layout-padded\">378 landskamper over 23 \u00e5r.<\/p>\n<p class=\"_paragraph_o9xde_4 _paragraph_xtcu6_10 _paragraph_16v91_10 layout-component text-serif-m layout-normal text-sans-m layout-padded\">OL: Tre gull og to bronsemedaljer<\/p>\n<p class=\"_paragraph_o9xde_4 _paragraph_xtcu6_10 _paragraph_16v91_10 layout-component text-serif-m layout-normal text-sans-m layout-padded\">VM: To gull, tre s\u00f8lv og \u00e9n bronse<\/p>\n<p class=\"_paragraph_o9xde_4 _paragraph_xtcu6_10 _paragraph_16v91_10 layout-component text-serif-m layout-normal text-sans-m layout-padded\">EM: Syv gull og to s\u00f8lv.<\/p>\n<p>Vis mer    <\/p>\n","protected":false},"excerpt":{"rendered":"45-\u00e5ringen har bestemt seg for at \u00e5rets h\u00e5ndball-VM blir hennes siste mesterskap. Katrine Lunde under semifinalen i fjor\u00e5rets&hellip;\n","protected":false},"author":2,"featured_media":93832,"comment_status":"","ping_status":"","sticky":false,"template":"","format":"standard","meta":{"footnotes":""},"categories":[5],"tags":[20,21,24,25,105,9443,15,19,1526,22,23,17,18,13,30,28,29,14,1527,16,26,27],"class_list":{"0":"post-93831","1":"post","2":"type-post","3":"status-publish","4":"format-standard","5":"has-post-thumbnail","7":"category-overskrifter","8":"tag-breaking-news","9":"tag-breakingnews","10":"tag-featured-news","11":"tag-featurednews","12":"tag-handball","13":"tag-handball-vm","14":"tag-headlines","15":"tag-hovedoppslag","16":"tag-katrine-lunde","17":"tag-latest-news","18":"tag-latestnews","19":"tag-main-news","20":"tag-mainnews","21":"tag-news","22":"tag-no","23":"tag-norge","24":"tag-norway","25":"tag-nyheter","26":"tag-ole-gustav-gjekstad","27":"tag-overskrifter","28":"tag-top-stories","29":"tag-topstories"},"share_on_mastodon":{"url":"https:\/\/pubeurope.com\/@no\/115593963574278074","error":""},"_links":{"self":[{"href":"https:\/\/www.europesays.com\/no\/wp-json\/wp\/v2\/posts\/93831","targetHints":{"allow":["GET"]}}],"collection":[{"href":"https:\/\/www.europesays.com\/no\/wp-json\/wp\/v2\/posts"}],"about":[{"href":"https:\/\/www.europesays.com\/no\/wp-json\/wp\/v2\/types\/post"}],"author":[{"embeddable":true,"href":"https:\/\/www.europesays.com\/no\/wp-json\/wp\/v2\/users\/2"}],"replies":[{"embeddable":true,"href":"https:\/\/www.europesays.com\/no\/wp-json\/wp\/v2\/comments?post=93831"}],"version-history":[{"count":0,"href":"https:\/\/www.europesays.com\/no\/wp-json\/wp\/v2\/posts\/93831\/revisions"}],"wp:featuredmedia":[{"embeddable":true,"href":"https:\/\/www.europesays.com\/no\/wp-json\/wp\/v2\/media\/93832"}],"wp:attachment":[{"href":"https:\/\/www.europesays.com\/no\/wp-json\/wp\/v2\/media?parent=93831"}],"wp:term":[{"taxonomy":"category","embeddable":true,"href":"https:\/\/www.europesays.com\/no\/wp-json\/wp\/v2\/categories?post=93831"},{"taxonomy":"post_tag","embeddable":true,"href":"https:\/\/www.europesays.com\/no\/wp-json\/wp\/v2\/tags?post=93831"}],"curies":[{"name":"wp","href":"https:\/\/api.w.org\/{rel}","templated":true}]}}