{"id":93834,"date":"2025-11-22T15:10:19","date_gmt":"2025-11-22T15:10:19","guid":{"rendered":"https:\/\/www.europesays.com\/no\/93834\/"},"modified":"2025-11-22T15:10:19","modified_gmt":"2025-11-22T15:10:19","slug":"jonas-gahr-store-forsoker-a-sjarmere-naeringslivet","status":"publish","type":"post","link":"https:\/\/www.europesays.com\/no\/93834\/","title":{"rendered":"Jonas Gahr St\u00f8re fors\u00f8ker \u00e5 sjarmere n\u00e6ringslivet"},"content":{"rendered":"\n<ul class=\"_list_o9xde_3 _list_64s2r_85 _unordered_o9xde_106 text-sans-m\">\n<li class=\"_item_o9xde_30\">Jonas Gahr St\u00f8re dro til Vestlandet for \u00e5 bygge tillit hos n\u00e6ringslivet.<\/li>\n<li class=\"_item_o9xde_30\">Han lover stabile rammevilk\u00e5r, flere i arbeid, og \u00f8kt innovasjon.<\/li>\n<li class=\"_item_o9xde_30\">Vestlandsn\u00e6ring ber han levere f\u00f8r de tror p\u00e5 ham.<\/li>\n<li class=\"_item_o9xde_30\">St\u00f8re avsluttet bes\u00f8ket med festmiddag og heftig dans.<\/li>\n<\/ul>\n<p>Vis mer <\/p>\n<p class=\"_paragraph_o9xde_4 _paragraph_xtcu6_10 layout-component text-serif-m layout-normal text-serif-m layout-padded\"><strong class=\"_strong_o9xde_25\">Knapt noe sted har St\u00f8re og hans parti m\u00f8tt mer motb\u00f8r:<\/strong><\/p>\n<p class=\"_paragraph_o9xde_4 _paragraph_xtcu6_10 layout-component text-serif-m layout-normal text-serif-m layout-padded\">Langs kysten, hvor lakseskatt og formuesskatt har v\u00e6rt skjellsord.<\/p>\n<p class=\"_paragraph_o9xde_4 _paragraph_xtcu6_10 layout-component text-serif-m layout-normal text-serif-m layout-padded\">Rop om manglende forutsigbarhet har blitt kastet mot ham p\u00e5 inn- og utpust de siste \u00e5rene \u2013 alts\u00e5 at St\u00f8res Ap ikke har v\u00e6rt til \u00e5 stole p\u00e5.<\/p>\n<p class=\"_paragraph_o9xde_4 _paragraph_xtcu6_10 layout-component text-serif-m layout-normal text-serif-m layout-padded\">Men de har da takt og tone, m\u00e5 vite. Og n\u00e5 har statsministeren f\u00e5tt en ny sjanse til \u00e5 sjarmere sine kritikere.<\/p>\n<p class=\"_paragraph_o9xde_4 _paragraph_xtcu6_10 layout-component text-serif-m layout-normal text-serif-m layout-padded\">Det skal vise seg \u00e5 sitte ganske langt inne.<\/p>\n<p class=\"_paragraph_o9xde_4 _paragraph_xtcu6_10 layout-component text-serif-m layout-normal text-serif-m layout-padded\">Og: Du skal f\u00e5 lese dette ordet en del ganger i denne saken:<\/p>\n<p class=\"_paragraph_o9xde_4 _paragraph_xtcu6_10 layout-component text-serif-m layout-normal text-serif-m layout-padded\">ForutsigbarhetForutsigbarhetSt\u00f8re-regjeringen har f\u00e5tt  kritikk for \u00e5 forandre politikk p\u00e5 kort sikt, som gj\u00f8r at n\u00e6ringslivet for ofte f\u00e5r ny politikk\/regler \u00e5 forholde seg til: Stabile retningslinjer st\u00e5r opp imot mangel p\u00e5 forutsigbarhet, i f\u00f8lge kritikerne..<\/p>\n<p><img alt=\"\" class=\"_image_qp4xg_65 layout-component layout-left\" data-fullscreen- data-track-element-type=\"Article image fullscreen\" data-track-name=\"ImageFullscreen\" decoding=\"async\" loading=\"lazy\" height=\"5186\" itemprop=\"image\"  src=\"https:\/\/www.europesays.com\/no\/wp-content\/uploads\/2025\/11\/45424f6c-e94a-4aa7-8c89-e18d1da5e8c0\"  style=\"object-position:0% 0%\" width=\"6915\"\/><\/p>\n<p class=\"_paragraph_o9xde_4 _paragraph_xtcu6_10 layout-component text-serif-m layout-normal text-serif-m layout-padded\">P\u00e5 flyet fra Gardermoen sp\u00f8r vi hva han har i kofferten \u2013 som kan blidgj\u00f8re vestlendingene.<\/p>\n<p class=\"_paragraph_o9xde_4 _paragraph_xtcu6_10 layout-component text-serif-m layout-normal text-serif-m layout-padded\">I to dager skal han fors\u00f8ke \u00e5 f\u00e5 n\u00e6ringslivet i Stavanger og Bergen til \u00e5 like hans nye Ap.<\/p>\n<p class=\"_paragraph_o9xde_4 _paragraph_xtcu6_10 layout-component text-serif-m layout-normal text-serif-m layout-padded\">Han blar opp et omfattende dokument og har noen titler klare:<\/p>\n<ul class=\"_list_o9xde_3 _list_xtcu6_9 _unordered_o9xde_106 layout-component text-serif-m layout-normal text-serif-m layout-padded\">\n<li class=\"_item_o9xde_30\">Lykkes Vestlandet, lykkes Norge.<\/li>\n<li class=\"_item_o9xde_30\">Bergen er Vestlandets hovedstad, Stavanger er Europas energihovedstad.<\/li>\n<\/ul>\n<p class=\"_paragraph_o9xde_4 _paragraph_xtcu6_10 layout-component text-serif-m layout-normal text-serif-m layout-padded\">\u2013 Vi er helt avhengige av bedrifter som satser. Denne regjeringen er p\u00e5 lag med n\u00e6ringslivet. Jeg har et klart budskap, sier han:<\/p>\n<p class=\"_paragraph_o9xde_4 _paragraph_xtcu6_10 layout-component text-serif-m layout-normal text-serif-m layout-padded\">\u2013 Vi er en regjering som lytter. Og; Ap er et parti for \u00e5 skape og dele. I den rekkef\u00f8lgen.<\/p>\n<p class=\"_paragraph_o9xde_4 _paragraph_xtcu6_10 layout-component text-serif-m layout-normal text-serif-m layout-padded\">Han lister opp tre satsingsomr\u00e5der:<\/p>\n<ul class=\"_list_o9xde_3 _list_xtcu6_9 _unordered_o9xde_106 layout-component text-serif-m layout-normal text-serif-m layout-padded\">\n<li class=\"_item_o9xde_30\">Stabile og forutsigbare rammevilk\u00e5rStabile og forutsigbare rammevilk\u00e5rEndringer i politikk som ikke kommer kastet p\u00e5 n\u00e6ringslivet, men som er tydelig og tidlig signalisert, som ikke bryter med den stabiliteten som er varslet innenfor ulike felt..<\/li>\n<li class=\"_item_o9xde_30\">Flere i arbeid, med rett kompetanse.<\/li>\n<li class=\"_item_o9xde_30\">\u00d8kt innovasjon og ny teknologi.<\/li>\n<\/ul>\n<p class=\"_paragraph_o9xde_4 _paragraph_xtcu6_10 layout-component text-serif-m layout-normal text-serif-m layout-padded\">\u2013 \u00c5 skape for \u00e5 dele er et begrep for v\u00e5r tid, p\u00e5 samme m\u00e5te som \u00abby og land, hand i hand\u00bb\u00abby og land, hand i hand\u00bbBy og land, hand i hand var Arbeiderpartiets slagord fra 1933. Som signaliserte at byene, hvor industrien stod sterkt, skulle trekke landet sammen med distriktene.  kom p\u00e5 1930-tallet. Jeg reiser til Stavanger og Bergen for \u00e5 lytte \u2013 og formidle v\u00e5r vei i n\u00e6ringspolitikken:<\/p>\n<p class=\"_paragraph_o9xde_4 _paragraph_xtcu6_10 layout-component text-serif-m layout-normal text-serif-m layout-padded\">\u2013 Vestlandet har hele spekteret av teknologi, industri, sj\u00f8mat og landbruk.<\/p>\n<p> Nye Takter<\/p>\n<p class=\"_paragraph_o9xde_4 _paragraph_xtcu6_10 layout-component text-serif-m layout-normal text-serif-m layout-padded\">St\u00f8re sier at Vestlandet gjennom oljealderen har vist at ny teknologi stort sett alltid er fremtiden.<\/p>\n<p class=\"_paragraph_o9xde_4 _paragraph_xtcu6_10 layout-component text-serif-m layout-normal text-serif-m layout-padded\">\u2013 Vi frykter ikke ny teknologi, vi frykter gammel. Kunstig intelligens (AI) vil sette oss p\u00e5 store pr\u00f8ver, men gir ogs\u00e5 veldig store muligheter:<\/p>\n<p class=\"_paragraph_o9xde_4 _paragraph_xtcu6_10 layout-component text-serif-m layout-normal text-serif-m layout-padded\">\u2013 Fordi vi er et h\u00f8yteknologisk samfunn, vil vi lettere kunne utnytte og se mulighetene innenfor AI.<\/p>\n<p class=\"font-weight-semi-bold color-accent label-medium _label_16v91_20\">Mer fra St\u00f8re om det her<\/p>\n<p class=\"_paragraph_o9xde_4 _paragraph_xtcu6_10 _paragraph_16v91_10 layout-component text-serif-m layout-normal text-sans-m layout-padded\"><strong class=\"_strong_o9xde_25\">1.<\/strong> <strong class=\"_strong_o9xde_25\">Stabile og forutsigbare rammevilk\u00e5r<\/strong> er selve grunnpilaren for at n\u00e6ringslivet satser, skaper verdier for egen bedrift, for sitt lokalsamfunn, for landet v\u00e5rt. Det er derfor ogs\u00e5 regjeringens \u00f8verste prioritet.<br \/>a) Vi m\u00e5 kjempe for norske interesser og norske bedrifters markedsadgang i en mer<br \/>urolig verden. Det koster mer enn f\u00f8r. EUs varsel om toll p\u00e5 ferrolegering er enda en p\u00e5minnelse om at geopolitiske og handelspolitiske konflikter ogs\u00e5 kan treffe oss.<br \/>b) Vi m\u00e5 s\u00f8rge for stabile, gode og forutsigbare rammevilk\u00e5r for norske bedrifter her hjemme.<\/p>\n<p class=\"_paragraph_o9xde_4 _paragraph_xtcu6_10 _paragraph_16v91_10 layout-component text-serif-m layout-normal text-sans-m layout-padded\"><strong class=\"_strong_o9xde_25\">2.<\/strong> <strong class=\"_strong_o9xde_25\">Flere i arbeid, med rett kompetanse <\/strong>er avgj\u00f8rende for vekst i n\u00e6ringslivet og trygghet for velferden. Vi vil i fremtiden ikke mangle penger, men folk. Da er det et paradoks at 700.000 st\u00e5r utenfor arbeid. Derfor er v\u00e5rt klare m\u00e5l \u2013 150.000 flere i arbeid.<br \/>a) Regjeringen vil f\u00f8re en aktiv arbeidsmarkedspolitikk og arbeide for at velferdsordningene st\u00f8tter opp under aktivitet. Det skal v\u00e6re flere veier inn i utdanning og flere muligheter for p\u00e5fyll av kompetanse gjennom livet.<br \/>b) I 2026 reduseres skatten p\u00e5 arbeid ytterligere, vi styrker tiltakene for \u00e5 f\u00e5 folk i jobb og pr\u00f8ver ut jobbfradrag for unge. Vi vil fortsette gjennomf\u00f8ringen av en pilot for kompetansereform i industrien der staten supplerer partenes innsats og \u00f8ke antallet fagskoleplasser.<\/p>\n<p class=\"_paragraph_o9xde_4 _paragraph_xtcu6_10 _paragraph_16v91_10 layout-component text-serif-m layout-normal text-sans-m layout-padded\"><strong class=\"_strong_o9xde_25\">3. \u00d8kt innovasjon og ny teknologi. <\/strong>Regjeringen har h\u00f8ye ambisjoner for hvordan kunstig intelligens og annen ny teknologi kan bidra til innovasjon og verdiskaping i n\u00e6ringslivet.<br \/>Innovasjon er en forutsetning for vekstkraft og Norge kjennetegnes av attraktive kompetansemilj\u00f8 i skj\u00e6ringspunktet mellom offentlige utdanningsinstitusjoner og det private n\u00e6ringsliv. <br \/>a) Regjeringen satser tungt p\u00e5 kunstig intelligens gjennom b\u00e5de infrastruktur, regulering, kompetanseutvikling, forskning og internasjonalt samarbeid. Vi investerer i nasjonal KI-infrastruktur som nasjonale spr\u00e5kmodeller, tungregnekraft og datasentre. Vi satser p\u00e5 kvanteteknologi og stimulerer til sterkere samarbeid mellom n\u00e6ringslivet og forskningsmilj\u00f8ene.<br \/>b) Samtidig som vi sikrer en sterk grunnforskning, vil vi velge ut noen spissede forskningssatsinger som kan gi Norge \u00f8kt konkurransekraft.<\/p>\n<p>Vis mer<\/p>\n<p class=\"_paragraph_o9xde_4 _paragraph_xtcu6_10 layout-component text-serif-m layout-normal text-serif-m layout-padded\">Han mener de har innfridd.<\/p>\n<p class=\"_paragraph_o9xde_4 _paragraph_xtcu6_10 layout-component text-serif-m layout-normal text-serif-m layout-padded\">\u2013 Stabile rammevilk\u00e5r er veldig viktig for energisektoren v\u00e5r og der har vi levert, sier han og viser blant annet til oljeskattepakken, som n\u00e6ringen fikk etter pandemien.<\/p>\n<p> En Annen Dans<\/p>\n<p class=\"_paragraph_o9xde_4 _paragraph_xtcu6_10 layout-component text-serif-m layout-normal text-serif-m layout-padded\">Vi begynner i Stavanger torsdag hvor byens n\u00e6ringsforening samler 300 gjester til festivitas og middag.<\/p>\n<p class=\"_paragraph_o9xde_4 _paragraph_xtcu6_10 layout-component text-serif-m layout-normal text-serif-m layout-padded\">Atlantic Hall i Radisson Blu Atlantic Hotel.<\/p>\n<p class=\"_paragraph_o9xde_4 _paragraph_xtcu6_10 layout-component text-serif-m layout-normal text-serif-m layout-padded\">Skagenr\u00f8re og tysk hvitvin til forrett.<\/p>\n<p class=\"_paragraph_o9xde_4 _paragraph_xtcu6_10 layout-component text-serif-m layout-normal text-serif-m layout-padded\">Kandidater til \u00e5rets bedrift i Stavanger presenterespresenteresDet var selskapet Interwell Norway AS som vant prisen..<\/p>\n<p><img alt=\"\" class=\"_image_qp4xg_65 layout-component layout-right\" data-fullscreen- data-track-element-type=\"Article image fullscreen\" data-track-name=\"ImageFullscreen\" decoding=\"async\" loading=\"lazy\" height=\"5449\" itemprop=\"image\"  src=\"https:\/\/www.europesays.com\/no\/wp-content\/uploads\/2025\/11\/381d0bc7-afff-4c33-8644-3ca3cb1becd7\"  style=\"object-position:0% 0%\" width=\"7266\"\/><\/p>\n<p class=\"_paragraph_o9xde_4 _paragraph_xtcu6_10 layout-component text-serif-m layout-normal text-serif-m layout-padded\">Men de konkurrerer med noe langt viktigere.<\/p>\n<p class=\"_paragraph_o9xde_4 _paragraph_xtcu6_10 layout-component text-serif-m layout-normal text-serif-m layout-padded\">Norge-Estland. Nerv\u00f8s stemning med 0\u20130 til pause.<\/p>\n<p class=\"_paragraph_o9xde_4 _paragraph_xtcu6_10 layout-component text-serif-m layout-normal text-serif-m layout-padded\">St\u00f8re skal holde tale, men vil vente til fotballkampen er ferdig.<\/p>\n<p class=\"_paragraph_o9xde_4 _paragraph_xtcu6_10 layout-component text-serif-m layout-normal text-serif-m layout-padded\">1\u20130, roper en gjest: Full jubel i salen.<\/p>\n<p class=\"_paragraph_o9xde_4 _paragraph_xtcu6_10 layout-component text-serif-m layout-normal text-serif-m layout-padded\">S\u00e5 f\u00f8lger raskt 2\u20130-rop og 3\u20130 og ny begeistring f\u00f8r lam og r\u00f8dvin.<\/p>\n<p class=\"_paragraph_o9xde_4 _paragraph_xtcu6_10 layout-component text-serif-m layout-normal text-serif-m layout-padded\">Ved kampslutt er fotballgleden s\u00e5 stor at St\u00f8re avbryter middagen og jubler over seieren p\u00e5 VG-nett:<\/p>\n<p class=\"_paragraph_o9xde_4 _paragraph_xtcu6_10 layout-component text-serif-m layout-normal text-serif-m layout-padded\">I talen St\u00f8re holder, fortsetter han \u00e5 love forutsigbarhet \u2013 og fortsetter med sin Rogaland-fl\u00f8rt \u2013   ved \u00e5 hylle Haaland og \u00f8nske Viking lykke til i kampen om seriegullet.<\/p>\n<p><img decoding=\"async\" alt=\"Bilde av Harald Minge \" class=\"_image_ygndg_42\" height=\"39\" itemprop=\"image\" loading=\"lazy\"  src=\"https:\/\/www.europesays.com\/no\/wp-content\/uploads\/2025\/11\/f2788c1f-53b0-4b81-82b8-bd42b3ddc718\"  width=\"40\"\/><strong class=\"_name_ygndg_51 title-serif-xs\">Harald Minge <\/strong><\/p>\n<p class=\"_paragraph_o9xde_4 text-sans-m _description_ygndg_56\">administrerende direkt\u00f8r i n\u00e6ringsforeningen, og oljebyens fremste vokter av n\u00e6ringsvirksomheter.<\/p>\n<p class=\"_paragraph_o9xde_4 _paragraph_xtcu6_10 layout-component text-serif-m layout-normal text-serif-m layout-padded\">N\u00e5r Minge h\u00f8rer St\u00f8res forsikringer om forutsigbarhet, er han veldig tvilende.<\/p>\n<p class=\"_paragraph_o9xde_4 _paragraph_xtcu6_10 layout-component text-serif-m layout-normal text-serif-m layout-padded\">\u2013 Don\u2019t tell, show us, sier han.<\/p>\n<p class=\"_paragraph_o9xde_4 _paragraph_xtcu6_10 layout-component text-serif-m layout-normal text-serif-m layout-padded\">\u2013 Som kort fortalt betyr at han i praksis m\u00e5 vise at han mener hva han sier om langsiktighet og \u00e5 bedre n\u00e6ringslivets vilk\u00e5r?<\/p>\n<p class=\"_paragraph_o9xde_4 _paragraph_xtcu6_10 layout-component text-serif-m layout-normal text-serif-m layout-padded\">\u2013 Ja, jeg tror ikke jeg tar for hardt i n\u00e5r jeg sier at det er mange langs kysten som har blitt skuffet over det vi har f\u00e5tt fra St\u00f8re-regjeringen de siste fire \u00e5rene. Det er ikke stabile og forutsigbare rammevilk\u00e5r v\u00e5re medlemmer har opplevd.<\/p>\n<p class=\"_paragraph_o9xde_4 _paragraph_xtcu6_10 layout-component text-serif-m layout-normal text-serif-m layout-padded\">\u2013 Kan du v\u00e6re presis?<\/p>\n<p class=\"_paragraph_o9xde_4 _paragraph_xtcu6_10 layout-component text-serif-m layout-normal text-serif-m layout-padded\">\u2013 Historien bak lakseskattenlakseskattenLakseskatten, eller grunnrenteskatt p\u00e5 havbruk, er en statlig skatt p\u00e5 25 % p\u00e5 overskuddet fra lakse- og \u00f8rretoppdrett som ble innf\u00f8rt 1. januar 2023. Skatten er ment \u00e5 gi fellesskapet en andel av den ekstraordin\u00e6re avkastningen som oppdrettsselskapene genererer ved \u00e5 utnytte felleseide naturressurser som havet. Inntektene fordeles staten, men en andel g\u00e5r til kommunene via Havbruksfondet.  og m\u00e5ten den ble hasteinnf\u00f8rt p\u00e5, var en d\u00e5rlig start. Rammevilk\u00e5rene ble endret over natten:<\/p>\n<p class=\"_paragraph_o9xde_4 _paragraph_xtcu6_10 layout-component text-serif-m layout-normal text-serif-m layout-padded\">\u2013 For mens husholdningene har f\u00e5tt stabile rammevilk\u00e5r knyttet til str\u00f8mregningen, via Norgespris, s\u00e5 har ikke bedriftene f\u00e5tt det samme. Det rammer spesielt v\u00e5r region hardt, hvor str\u00f8mprisene er landets h\u00f8yeste.<\/p>\n<p class=\"_paragraph_o9xde_4 _paragraph_xtcu6_10 layout-component text-serif-m layout-normal text-serif-m layout-padded\">Minge nevner ogs\u00e5 formuesskattenformuesskattenMange i n\u00e6ringslivet mener formuesskatten er den mest \u00f8deleggende skatten i Norge, blant annet fordi den bare treffer formuende i Norge, mens utelandske eiere i norske eller internasjonale selskaper slipper. De nominelle satsene i formuesskatten er p\u00e5 1 prosent for formue opp til 20,7 mill. kroner og 1,1 prosent for formue over dette. I tillegg har hver person et bunnfradrag p\u00e5 1,76 mill. kroner, slik at det ikke betales formuesskatt opp til dette niv\u00e5et. og <a href=\"https:\/\/www.vg.no\/nyheter\/i\/eMlXV9\/elendig-maaling-for-arbeiderpartiet-jonas-og-jens-utfor-stupet\" data-track-element-type=\"Link\" data-track-id=\"link:eMlXV9\" class=\"_link_o9xde_39\" rel=\"nofollow noopener\" target=\"_blank\">fergepris-fadesen<\/a>, der regjeringen ble tvunget til \u00e5 snu om.<\/p>\n<p><img alt=\"\" class=\"_image_qp4xg_65 layout-component layout-right\" data-fullscreen- data-track-element-type=\"Article image fullscreen\" data-track-name=\"ImageFullscreen\" decoding=\"async\" loading=\"lazy\" height=\"5212\" itemprop=\"image\"  src=\"https:\/\/www.europesays.com\/no\/wp-content\/uploads\/2025\/11\/35ef2b7a-2bf9-4c16-ba25-63748569d805\"  style=\"object-position:0% 0%\" width=\"7165\"\/><\/p>\n<p class=\"_paragraph_o9xde_4 _paragraph_xtcu6_10 layout-component text-serif-m layout-normal text-serif-m layout-padded\">Men, s\u00e5, alts\u00e5, gir han St\u00f8re en del kred.<\/p>\n<p class=\"_paragraph_o9xde_4 _paragraph_xtcu6_10 layout-component text-serif-m layout-normal text-serif-m layout-padded\">\u2013 Vi skal utvikle og ikke avvikle olje- og gassindustrien. Samtidig er det viktig med risikoavlasting og noe subsidier n\u00e5r det gjelder nye energikilder. I energipolitikken er vi i hovedsak enige, og forutsigbarhet p\u00e5 dette feltet har aldri v\u00e6rt viktigere.<\/p>\n<p class=\"_paragraph_o9xde_4 _paragraph_xtcu6_10 layout-component text-serif-m layout-normal text-serif-m layout-padded\">Han sier ogs\u00e5 at deres n\u00e6ringsliv har opplevd all time high etter pandemien.<\/p>\n<p class=\"_paragraph_o9xde_4 _paragraph_xtcu6_10 layout-component text-serif-m layout-normal text-serif-m layout-padded\">\u2013 Drevet av gass og oljeskattepakken har vi opplevd en boom de siste \u00e5rene.<\/p>\n<p class=\"_paragraph_o9xde_4 _paragraph_xtcu6_10 layout-component text-serif-m layout-normal text-serif-m layout-padded\">\u2013 Men, sier han:<\/p>\n<p class=\"_paragraph_o9xde_4 _paragraph_xtcu6_10 layout-component text-serif-m layout-normal text-serif-m layout-padded\">\u2013 N\u00e5 ser vi noen tendenser vi ikke liker i horisonten, sier han og viser blant annet til at skipsverftet Worley Rosenberg har varslet kraftig nedbemanning \u2013 og at utsettelser knyttet til utbygging av havvind, kan gi ordret\u00f8rke.<\/p>\n<p class=\"_paragraph_o9xde_4 _paragraph_xtcu6_10 layout-component text-serif-m layout-normal text-serif-m layout-padded\">Etter St\u00f8res opptreden under middagen i Stavanger, g\u00e5r en mann bort til statsministeren og takker ham for talen:<\/p>\n<p><img decoding=\"async\" alt=\"Bilde av Johannes Rasmussen\" class=\"_image_ygndg_42\" height=\"45\" itemprop=\"image\" loading=\"lazy\"  src=\"https:\/\/www.europesays.com\/no\/wp-content\/uploads\/2025\/11\/3bdc243e-3d18-4f55-b9dc-87e5c37d72fe\"  width=\"40\"\/><strong class=\"_name_ygndg_51 title-serif-xs\">Johannes Rasmussen<\/strong><\/p>\n<p class=\"_paragraph_o9xde_4 text-sans-m _description_ygndg_56\"> Markedsdirekt\u00f8r og medeier i familiens d\u00f8r- og vindusprodusent, NorDan Gruppen AS, med 2500 ansatte og 5,5 milliarder kroner 5,5 milliarder kroner Nordan har blitt store internasjonalt og 3,2 milliarder av omsetningen skjer i utlandet.i omsetning.<\/p>\n<p class=\"_paragraph_o9xde_4 _paragraph_xtcu6_10 layout-component text-serif-m layout-normal text-serif-m layout-padded\">Rasmussen er likevel St\u00f8re-kritisk.<\/p>\n<p class=\"_paragraph_o9xde_4 _paragraph_xtcu6_10 layout-component text-serif-m layout-normal text-serif-m layout-padded\">\u2013 Det var mange fine ord, men St\u00f8re m\u00e5 levere f\u00f8r jeg tror p\u00e5 ham. Han snakker om behov for forutsigbarhet og snakker varmt om den store betydningen familieeide selskap har for AS Norge, men vi har opplevd at vi har v\u00e6rt nede i en b\u00f8lgedal n\u00e5r det gjelder forutsigbarhet og dermed tillit under Ap- og Sp-regimet.<\/p>\n<p class=\"_paragraph_o9xde_4 _paragraph_xtcu6_10 layout-component text-serif-m layout-normal text-serif-m layout-padded\">Han forsikrer:<\/p>\n<p class=\"_paragraph_o9xde_4 _paragraph_xtcu6_10 layout-component text-serif-m layout-normal text-serif-m layout-padded\">\u2013 Vi betaler den rettmessige skatten med glede, og jeg kommer nok aldri til \u00e5 r\u00f8mme landetaldri til \u00e5 r\u00f8mme landetEt signal om at det er veldig tvilsomt om han r\u00f8mmer til Sveits eller andre skatteparadis.. Men Ap m\u00e5 skj\u00f8nne at formuesskatten er krevende. Vi jobber i et internasjonalt marked med utenlandske akt\u00f8rer som har et forsprang f\u00f8r konkurransen starter. Det er urimelig, uheldig og urettferdig at utenlandske konkurrenter slipper den skatten.<\/p>\n<p class=\"_paragraph_o9xde_4 _paragraph_xtcu6_10 layout-component text-serif-m layout-normal text-serif-m layout-padded\">Han svarer bekreftende p\u00e5 at han er medlem av H\u00f8yre.<\/p>\n<p class=\"_paragraph_o9xde_4 _paragraph_xtcu6_10 layout-component text-serif-m layout-normal text-serif-m layout-padded\">Vi n\u00e6rmer oss slutten p\u00e5 en hyggelig kveld i Stavanger.<\/p>\n<p class=\"_paragraph_o9xde_4 _paragraph_xtcu6_10 layout-component text-serif-m layout-normal text-serif-m layout-padded\">Mens omtrent halvparten av de mannlige gjestene under middagen i Stavanger g\u00e5r med dress og slips, s\u00e5 lander vi p\u00e5 en litt annen klode da Wider\u00f8e-flyet lander i Bergen.<\/p>\n<p> Full Galla<\/p>\n<p class=\"_paragraph_o9xde_4 _paragraph_xtcu6_10 layout-component text-serif-m layout-normal text-serif-m layout-padded\">Straks vi ankommer Grieghallen til 180-\u00e5rsfeiringen av Bergen N\u00e6ringsr\u00e5d f\u00e5r vi et glass musserende i h\u00e5nden. Og n\u00e5r vi ser oss omkring \u2013 er det smokinger all over the place. Og kjole og hvitt.<\/p>\n<p><img alt=\"\" class=\"_image_qp4xg_65 layout-component layout-right\" data-fullscreen- data-track-element-type=\"Article image fullscreen\" data-track-name=\"ImageFullscreen\" decoding=\"async\" loading=\"lazy\" height=\"5030\" itemprop=\"image\"  src=\"https:\/\/www.europesays.com\/no\/wp-content\/uploads\/2025\/11\/d96388cd-acb2-4041-a6ba-14bb4805003f\"  style=\"object-position:0% 0%\" width=\"6707\"\/><\/p>\n<p class=\"_paragraph_o9xde_4 _paragraph_xtcu6_10 layout-component text-serif-m layout-normal text-serif-m layout-padded\">Etter \u00e5 ha lett lenge, ser vi omsider en mann. Med dress og slips. \u00c9n.<\/p>\n<p class=\"_paragraph_o9xde_4 _paragraph_xtcu6_10 layout-component text-serif-m layout-normal text-serif-m layout-padded\">Knapt noe er mer opph\u00f8yet i Norge enn slottsmiddager \u2013 og den \u00e5rlige middagen til Bergen N\u00e6ringsr\u00e5d i Grieghallen, hvor 600 gjester samles.<\/p>\n<p class=\"_paragraph_o9xde_4 _paragraph_xtcu6_10 layout-component text-serif-m layout-normal text-serif-m layout-padded\">\u2013 Jeg var leder av Bergen N\u00e6ringsr\u00e5d da vi feiret 150-\u00e5rs jubileum for 30 \u00e5r siden, sier tidligere NHO-president, Paul Chr. Rieber:<\/p>\n<p class=\"_paragraph_o9xde_4 _paragraph_xtcu6_10 layout-component text-serif-m layout-normal text-serif-m layout-padded\">\u2013 Synes du det er litt stivt og royalt i dag, vil jeg si at det i dag er et ganske avslappet niv\u00e5. Jeg skal love deg at det var betydelig mer stivt den gangen, ler den bergenske n\u00e6ringslivslederen.<\/p>\n<p class=\"_paragraph_o9xde_4 _paragraph_xtcu6_10 layout-component text-serif-m layout-normal text-serif-m layout-padded\">Vi forteller dagens leder i Bergen N\u00e6ringsr\u00e5d, tidligere H\u00f8yre-statsr\u00e5d Monica M\u00e6land, at vi kommer fra en tiln\u00e6rmet pingvinfri n\u00e6ringslivsfest i oljebyen kvelden f\u00f8r.<\/p>\n<p class=\"_paragraph_o9xde_4 _paragraph_xtcu6_10 layout-component text-serif-m layout-normal text-serif-m layout-padded\">\u2013 Bergen holder p\u00e5 sine tradisjoner, p\u00e5 godt og vondt. Oljebyen Stavanger p\u00e5 sin side har vist en evne til \u00e5 v\u00e6re mer fleksible enn oss og \u00e5 gj\u00f8re ting enklere. Begge byene har sine styrker, sier hun.<\/p>\n<p class=\"_paragraph_o9xde_4 _paragraph_xtcu6_10 layout-component text-serif-m layout-normal text-serif-m layout-padded\">Det lukter historie lang vei av det hun n\u00e5 sier:<\/p>\n<p class=\"_paragraph_o9xde_4 _paragraph_xtcu6_10 layout-component text-serif-m layout-normal text-serif-m layout-padded\">\u2013 Vi har spist de samme fire rettene i 180 \u00e5r. Vi holder p\u00e5 v\u00e5re tradisjoner og er stolte av dem:<\/p>\n<p class=\"_paragraph_o9xde_4 _paragraph_xtcu6_10 layout-component text-serif-m layout-normal text-serif-m layout-padded\">\u2013 Aspargessuppe, posjert flyndre, lam og karamellpudding.<\/p>\n<p class=\"_paragraph_o9xde_4 _paragraph_xtcu6_10 layout-component text-serif-m layout-normal text-serif-m layout-padded\">Det g\u00e5r ikke alltid bra.<\/p>\n<p><img alt=\"\" class=\"_image_qp4xg_65 layout-component layout-left\" data-fullscreen- data-track-element-type=\"Article image fullscreen\" data-track-name=\"ImageFullscreen\" decoding=\"async\" loading=\"lazy\" height=\"5504\" itemprop=\"image\"  src=\"https:\/\/www.europesays.com\/no\/wp-content\/uploads\/2025\/11\/362bb61a-a656-4868-9239-9c835ca54ead\"  style=\"object-position:0% 0%\" width=\"8256\"\/><\/p>\n<p class=\"_paragraph_o9xde_4 _paragraph_xtcu6_10 layout-component text-serif-m layout-normal text-serif-m layout-padded\">En ved bordet sier at en del trodde at flyndren de fikk i fjor, var s\u00e5 d\u00e5rlig at de mistenkte at det var den de serverte for 179 \u00e5r siden.<\/p>\n<p class=\"_paragraph_o9xde_4 _paragraph_xtcu6_10 layout-component text-serif-m layout-normal text-serif-m layout-padded\">Det ble nesten dokumentert da Bergens Tidendes matanmelder i fjor kastet terning 1 for flyndren, med f\u00f8lgende dom:<\/p>\n<p class=\"_paragraph_o9xde_4 _paragraph_xtcu6_10 layout-component text-serif-m layout-normal text-serif-m layout-padded\">\u00abMan kunne like gjerne suttet p\u00e5 et <a href=\"https:\/\/www.sotranot.no\/fiske-med-trollgarn?srsltid=AfmBOooU8ThtTdnokED39cUniWf3yWLWp7q_dLCD-i0LNM_q1UgV91-6\" class=\"_link_o9xde_39\" rel=\"nofollow noopener\" target=\"_blank\">trollgarn <\/a>og drukket brakkvann fra ausekaret.\u00bb<\/p>\n<p class=\"_paragraph_o9xde_4 _paragraph_xtcu6_10 layout-component text-serif-m layout-normal text-serif-m layout-padded\">\u00c5rets flyndre var ikke s\u00e5 d\u00e5rlig og fl\u00f8t godt ned med fransk chardonnay.<\/p>\n<p class=\"_paragraph_o9xde_4 _paragraph_xtcu6_10 layout-component text-serif-m layout-normal text-serif-m layout-padded\">Da vi satte oss ved bordet sto det et lite glass med brun drikke oppi. <\/p>\n<p class=\"_paragraph_o9xde_4 _paragraph_xtcu6_10 layout-component text-serif-m layout-normal text-serif-m layout-padded\">Vi tenkte raskt og glad p\u00e5 akevitt, men forsto f\u00f8rst da statsministeren ble kalt opp for \u00e5 holde Kongens tale, at det var glasset som skulle brukes til \u00e5 sk\u00e5le for Kongen. <\/p>\n<p class=\"_paragraph_o9xde_4 _paragraph_xtcu6_10 layout-component text-serif-m layout-normal text-serif-m layout-padded\">Sherry.<\/p>\n<p> Engasjerer Ved Bordene<\/p>\n<p class=\"_paragraph_o9xde_4 _paragraph_xtcu6_10 layout-component text-serif-m layout-normal text-serif-m layout-padded\">I over fem timer sitter vi til bords, med raus vinservering i samfulle fem timer. Og sanger.<\/p>\n<p class=\"_paragraph_o9xde_4 _paragraph_xtcu6_10 layout-component text-serif-m layout-normal text-serif-m layout-padded\">Kongesangen selvf\u00f8lgelig, og enda mer selvf\u00f8lgelig, Nystemten Nystemten &laquo;Nystemten&raquo; er et folkelig navn p\u00e5 Bergens bysang, ogs\u00e5 kjent som \u00abUdsigter fra Ulriken\u00bb eller \u00abBergenssangen\u00bb. Den ble skrevet av Johan Nordahl Brun rundt 1790 og er basert p\u00e5 en gammel fransk menuett-melodi. Sangen er en hyllest til byen og dens omgivelser, og synges ofte st\u00e5ende, for eksempel f\u00f8r fotballkampene til Brann p\u00e5 Brann Stadion. og nasjonalsangen. Og en rekke andre.<\/p>\n<p class=\"_paragraph_o9xde_4 _paragraph_xtcu6_10 layout-component text-serif-m layout-normal text-serif-m layout-padded\">Karoline Kr\u00fcger bidro innimellom med sin myke stemme.<\/p>\n<p class=\"_paragraph_o9xde_4 _paragraph_xtcu6_10 layout-component text-serif-m layout-normal text-serif-m layout-padded\">Konferansier, komiker og sanger, Eirik Del Barco Soleglad, gledet gjestene med stor humor, og denne var blant dem som skapte mest latter:<\/p>\n<p class=\"_paragraph_o9xde_4 _paragraph_xtcu6_10 layout-component text-serif-m layout-normal text-serif-m layout-padded\">\u00abVi har til og med noen fra R\u00f8dt her i dag. G\u00e5 gjerne bort og se p\u00e5 dem\u00bb.<\/p>\n<p><img alt=\"\" class=\"_image_qp4xg_65 layout-component layout-right\" data-fullscreen- data-track-element-type=\"Article image fullscreen\" data-track-name=\"ImageFullscreen\" decoding=\"async\" loading=\"lazy\" height=\"4645\" itemprop=\"image\"  src=\"https:\/\/www.europesays.com\/no\/wp-content\/uploads\/2025\/11\/f8731aa8-f2fb-48bf-a7c8-c99ee21bac40\"  style=\"object-position:0% 0%\" width=\"6193\"\/><\/p>\n<p class=\"_paragraph_o9xde_4 _paragraph_xtcu6_10 layout-component text-serif-m layout-normal text-serif-m layout-padded\">Men alt er ikke bare moro:<\/p>\n<p class=\"_paragraph_o9xde_4 _paragraph_xtcu6_10 layout-component text-serif-m layout-normal text-serif-m layout-padded\">R\u00f8d er ikke tidligere H\u00f8yre-ordf\u00f8rer og kaffe-gr\u00fcnder, Herman Friele.<\/p>\n<p class=\"_paragraph_o9xde_4 _paragraph_xtcu6_10 layout-component text-serif-m layout-normal text-serif-m layout-padded\">\u2013 Jeg merker meg at St\u00f8re lover mer forutsigbarhet, og det m\u00e5 man jo like. Men jeg er litt redd for at han lover for mye, sier Friele.<\/p>\n<p><img decoding=\"async\" alt=\"Bilde av Herman Friele\" class=\"_image_ygndg_42\" height=\"46\" itemprop=\"image\" loading=\"lazy\"  src=\"https:\/\/www.europesays.com\/no\/wp-content\/uploads\/2025\/11\/59632df3-44b2-429d-9471-8766abba8298\"  width=\"40\"\/><strong class=\"_name_ygndg_51 title-serif-xs\">Herman Friele<\/strong><\/p>\n<p class=\"_paragraph_o9xde_4 text-sans-m _description_ygndg_56\">H\u00f8yre-ordf\u00f8rer og kaffe-gr\u00fcnder<\/p>\n<p class=\"_paragraph_o9xde_4 _paragraph_xtcu6_10 layout-component text-serif-m layout-normal text-serif-m layout-padded\">Han sier han ikke tenker p\u00e5 St\u00f8res vilje til \u00e5 bli forutsigbar.<\/p>\n<p class=\"_paragraph_o9xde_4 _paragraph_xtcu6_10 layout-component text-serif-m layout-normal text-serif-m layout-padded\">\u2013 Hans mulighet til \u00e5 skaffe forutsigbare rammer for norsk n\u00e6ringsliv og befolkning avhenger nok mer av krefter som Trump og EU, er jeg redd.<\/p>\n<p class=\"_paragraph_o9xde_4 _paragraph_xtcu6_10 layout-component text-serif-m layout-normal text-serif-m layout-padded\">DNB-sjef Kjerstin Braathen har ogs\u00e5 tatt turen til Bergen. Hun sier hun liker at St\u00f8re lover forutsigbar \u00f8konomisk politikk.<\/p>\n<p><img decoding=\"async\" alt=\"Bilde av Kjerstin Braathen\" class=\"_image_ygndg_42\" height=\"36\" itemprop=\"image\" loading=\"lazy\"  src=\"https:\/\/www.europesays.com\/no\/wp-content\/uploads\/2025\/11\/21505ec6-29ff-40ae-bdd0-ffb3abea34b8\"  width=\"40\"\/><strong class=\"_name_ygndg_51 title-serif-xs\">Kjerstin Braathen<\/strong><\/p>\n<p class=\"_paragraph_o9xde_4 text-sans-m _description_ygndg_56\">Konsernsjef i DNB<\/p>\n<p class=\"_paragraph_o9xde_4 _paragraph_xtcu6_10 layout-component text-serif-m layout-normal text-serif-m layout-padded\">\u2013 Jeg har opplevd slike positive toner fra ham siden valget. Det er viktig at alle sider jobber sammen for stabile og forutsigbare rammevilk\u00e5r her til lands. Jeg h\u00e5per det er mulig \u00e5 f\u00e5 til knyttet til et mulig skatteforlik.<\/p>\n<p class=\"_paragraph_o9xde_4 _paragraph_xtcu6_10 layout-component text-serif-m layout-normal text-serif-m layout-padded\">Rieber er styreleder i shipping- og eiendomsselskapet GC Rieber midt i Bergen.<\/p>\n<p class=\"_paragraph_o9xde_4 _paragraph_xtcu6_10 layout-component text-serif-m layout-normal text-serif-m layout-padded\">\u2013 Jeg h\u00e5per St\u00f8re erkjenner at doblingen av eierskattene p\u00e5 norskeide bedrifter, behandlingen og innf\u00f8ringen av grunnrenteskatt\/lakseskatt og sakene om fergepris og sletting av studiegjeld har satt dype spor.<\/p>\n<p><img decoding=\"async\" alt=\"Bilde av Christian Rieber\" class=\"_image_ygndg_42\" height=\"45\" itemprop=\"image\" loading=\"lazy\"  src=\"https:\/\/www.europesays.com\/no\/wp-content\/uploads\/2025\/11\/884262f7-fe4a-472b-b4fa-bbb88dcde0d8\"  width=\"40\"\/><strong class=\"_name_ygndg_51 title-serif-xs\">Christian Rieber<\/strong><\/p>\n<p class=\"_paragraph_o9xde_4 text-sans-m _description_ygndg_56\">Styreleder GC Rieber<\/p>\n<p class=\"_paragraph_o9xde_4 _paragraph_xtcu6_10 layout-component text-serif-m layout-normal text-serif-m layout-padded\">Han sier at det er bra at St\u00f8re vil ha dialog.<\/p>\n<p class=\"_paragraph_o9xde_4 _paragraph_xtcu6_10 layout-component text-serif-m layout-normal text-serif-m layout-padded\">\u2013 Det liker jeg, men vi m\u00e5 sammen passe p\u00e5 at alt snakket om at vi har s\u00e5 h\u00f8y tillit til hverandre i Norge, ikke bare blir et munnhell.<\/p>\n<p>Litt mer her:<\/p>\n<p class=\"_paragraph_o9xde_4 _paragraph_xtcu6_10 _paragraph_16v91_10 layout-component text-serif-m layout-normal text-sans-m layout-padded\">\u2013 N\u00e5r regjeringen ikke er villig til \u00e5 lytte til de som har skoene p\u00e5 og gj\u00f8re forbedringer i for eksempel innretningen av skattesystemet, og n\u00e5r hundrevis av v\u00e5re dyktigste ledere og eiere flykter fra landet v\u00e5rt, m\u00e5 vi sp\u00f8rre om tilliten, begge veier, er s\u00e5 h\u00f8y som vi liker \u00e5 tro, sier Rieber.<\/p>\n<p>Vis mer Trinn For Trinn<\/p>\n<p class=\"_paragraph_o9xde_4 _paragraph_xtcu6_10 layout-component text-serif-m layout-normal text-serif-m layout-padded\">Det er en mild St\u00f8re som svarer ut kritikken.<\/p>\n<p class=\"_paragraph_o9xde_4 _paragraph_xtcu6_10 layout-component text-serif-m layout-normal text-serif-m layout-padded\">\u2013 Det tar jeg p\u00e5 alvor \u2013 og det er derfor jeg vil ha dialog. Jeg skal ikke bestride det som sies. Det sammenfalt med at verden rundt oss endret seg veldig. Jeg mener at v\u00e5re nasjonale rammevilk\u00e5r har v\u00e6rt veldig stabile:<\/p>\n<p class=\"_paragraph_o9xde_4 _paragraph_xtcu6_10 layout-component text-serif-m layout-normal text-serif-m layout-padded\">\u2013 Selskapsskatt p\u00e5 22 prosent. Norgespris som sikrer innbyggerne, bedre kj\u00f8pekraft og fastprisavtalen for bedriftene p\u00e5 str\u00f8m, som ligger godt under en krone. En oljeskattepakke som gjorde at prosjekter \u2013 ogs\u00e5 fornybare \u2013 som var lagt i skuffen, kom opp igjen.<\/p>\n<p><img alt=\"\" class=\"_image_qp4xg_65 layout-component layout-left\" data-fullscreen- data-track-element-type=\"Article image fullscreen\" data-track-name=\"ImageFullscreen\" decoding=\"async\" loading=\"lazy\" height=\"5261\" itemprop=\"image\"  src=\"https:\/\/www.europesays.com\/no\/wp-content\/uploads\/2025\/11\/ba74eed2-7a2a-4ccb-8546-e0a867caf07c\"  style=\"object-position:0% 0%\" width=\"7014\"\/><\/p>\n<p class=\"_paragraph_o9xde_4 _paragraph_xtcu6_10 layout-component text-serif-m layout-normal text-serif-m layout-padded\">St\u00f8re viser ogs\u00e5 til at de har tatt initiativ til noe de mener kan gi forutsigbare rammevilk\u00e5r:<\/p>\n<p class=\"_paragraph_o9xde_4 _paragraph_xtcu6_10 layout-component text-serif-m layout-normal text-serif-m layout-padded\">\u2013 Vi har blant annet gjentatt v\u00e5r invitasjon til en skattekommisjon, med<br \/>m\u00e5l om et bredt forlik om skatt som kan st\u00e5 seg over tid og gi bedriftene trygghet til \u00e5 planlegge.<\/p>\n<p class=\"_paragraph_o9xde_4 _paragraph_xtcu6_10 layout-component text-serif-m layout-normal text-serif-m layout-padded\">Han gir en garanti, som partiene til venstre for Ap ser r\u00f8dt n\u00e5r de h\u00f8rer.<\/p>\n<p class=\"_paragraph_o9xde_4 _paragraph_xtcu6_10 layout-component text-serif-m layout-normal text-serif-m layout-padded\">\u2013 Vi skal utvikle, ikke avvikle oljesektoren, vi skal fortsette \u00e5 lete. Og ikke gj\u00f8re som Frp, som vil ramme verftene, ved \u00e5 si nei til havvind-utbygging.<\/p>\n<p class=\"_paragraph_o9xde_4 _paragraph_xtcu6_10 layout-component text-serif-m layout-normal text-serif-m layout-padded\">\u2013 Du har partier til venstre for deg som vil stanse leting og sette en sluttdato for oljeeventyret?<\/p>\n<p class=\"_paragraph_o9xde_4 _paragraph_xtcu6_10 layout-component text-serif-m layout-normal text-serif-m layout-padded\">\u2013 Det er ikke aktuelt. Vi m\u00e5 ta utgangspunkt i det Stortinget folket har valgt, og der er det stort flertall for \u00e5 utvikle v\u00e5r sokkel. Vi er forutsigbare og vil fortsatt v\u00e6re det.<\/p>\n<p class=\"_paragraph_o9xde_4 _paragraph_xtcu6_10 layout-component text-serif-m layout-normal text-serif-m layout-padded\">I Grieghallen er karamellpuddingen fort\u00e6rt, vinjournalist Ingvild Tennfjord har holdt takk for maten-talen \u2013 og midnatt n\u00e6rmer seg.<\/p>\n<p> Taktskifte<\/p>\n<p class=\"_paragraph_o9xde_4 _paragraph_xtcu6_10 layout-component text-serif-m layout-normal text-serif-m layout-padded\">Men festen er ikke over \u2013 det er kake igjen. Eller mer presist; vin og \u00f8l:<\/p>\n<p class=\"_paragraph_o9xde_4 _paragraph_xtcu6_10 layout-component text-serif-m layout-normal text-serif-m layout-padded\">Forsamlingen inviteres til dans i etasjen under, hvor bandet The Flying Dancing Kings st\u00e5r p\u00e5 scenen.<\/p>\n<p class=\"_paragraph_o9xde_4 _paragraph_xtcu6_10 layout-component text-serif-m layout-normal text-serif-m layout-padded\">Og snart skjer det noe som ikke er forutsigbart.<\/p>\n<p class=\"_paragraph_o9xde_4 _paragraph_xtcu6_10 layout-component text-serif-m layout-normal text-serif-m layout-padded\">Hverken statsministeren eller den forrige er vonde \u00e5 be:<\/p>\n<p class=\"_paragraph_o9xde_4 _paragraph_xtcu6_10 layout-component text-serif-m layout-normal text-serif-m layout-padded\">St\u00f8re bever seg rytmisk frem til scenen hvor han danner dansehoff til blant annet \u00abUptown Funk\u00bb, \u00abH\u00e4nderna mot himmelen\u00bb, \u00abDon\u2019t stop Believin\u00bb, \u00abDancing in the Dark\u00bb og \u00abJump Around\u00bb.<\/p>\n<p>   <img alt=\"\" class=\"_image_qp4xg_65 layout-component layout-left\" data-fullscreen- data-track-element-type=\"Article image fullscreen\" data-track-name=\"ImageFullscreen\" decoding=\"async\" loading=\"lazy\" height=\"5240\" itemprop=\"image\"  src=\"https:\/\/www.europesays.com\/no\/wp-content\/uploads\/2025\/11\/85eb946f-ef50-462f-8c31-1183682b7c04\"  style=\"object-position:0% 0%\" width=\"6602\"\/><\/p>\n<p class=\"_paragraph_o9xde_4 _paragraph_xtcu6_10 layout-component text-serif-m layout-normal text-serif-m layout-padded\">Erna Solberg er ikke d\u00e5rligere. Hun og ektemannen Sindre Finnes er blant dem som danser lengst \u2013 inn i natten.<\/p>\n<p class=\"_paragraph_o9xde_4 _paragraph_xtcu6_10 layout-component text-serif-m layout-normal text-serif-m layout-padded\">\u2013 Jeg hadde en veldig hyggelig kveld, og det var kjekt \u00e5 kunne ha med min mann. Denne middagen er en fin \u00e5rlig tradisjon. Det er veldig viktig at vi har slike m\u00f8teplasser ogs\u00e5 i andre deler av landet enn i Oslo.<\/p>\n<p class=\"_paragraph_o9xde_4 _paragraph_xtcu6_10 layout-component text-serif-m layout-normal text-serif-m layout-padded\">Men det er St\u00f8re som er nattens ubestridte dansel\u00f8ve blant pingvinene. Fortsatt med sl\u00f8yfe, men med \u00e5pen smokingjakke.<\/p>\n<p class=\"_paragraph_o9xde_4 _paragraph_xtcu6_10 layout-component text-serif-m layout-normal text-serif-m layout-padded\">PS. Denne reportasjen ble laget f\u00f8r EU vedtok \u00e5 sette opp tollbarrierer for deler av norsk tungindustri; det hadde v\u00e6rt et naturlig tema..<\/p>\n<p><img alt=\"\" class=\"_image_qp4xg_65 layout-component layout-normal\" data-fullscreen- data-track-element-type=\"Article image fullscreen\" data-track-name=\"ImageFullscreen\" decoding=\"async\" loading=\"lazy\" height=\"2175\" itemprop=\"image\"  src=\"https:\/\/www.europesays.com\/no\/wp-content\/uploads\/2025\/11\/3fbe222c-e052-4a64-a061-90f9cd4aeb62\"  style=\"object-position:0% 0%\" width=\"2176\"\/><\/p>\n<p class=\"_paragraph_o9xde_4 _paragraph_xtcu6_10 layout-component text-serif-m layout-normal text-serif-m layout-padded\">Journalist Bj\u00f8rn Haugan og fotograf G\u00f8ran Bohlin i Stavanger og Bergen.<\/p>\n<p class=\"_paragraph_o9xde_4 _paragraph_xtcu6_10 layout-component text-serif-m layout-normal text-serif-m layout-padded\">Foto: Trond Olav Skrunes \/ Bergens Tidende<\/p>\n","protected":false},"excerpt":{"rendered":"Jonas Gahr St\u00f8re dro til Vestlandet for \u00e5 bygge tillit hos n\u00e6ringslivet. Han lover stabile rammevilk\u00e5r, flere i&hellip;\n","protected":false},"author":2,"featured_media":93835,"comment_status":"","ping_status":"","sticky":false,"template":"","format":"standard","meta":{"footnotes":""},"categories":[5],"tags":[444,12185,20,21,24,25,15,19,201,22,23,17,18,13,30,28,29,14,16,1306,26,27,785],"class_list":{"0":"post-93834","1":"post","2":"type-post","3":"status-publish","4":"format-standard","5":"has-post-thumbnail","7":"category-overskrifter","8":"tag-bergen","9":"tag-bergen-naeringsrad","10":"tag-breaking-news","11":"tag-breakingnews","12":"tag-featured-news","13":"tag-featurednews","14":"tag-headlines","15":"tag-hovedoppslag","16":"tag-jonas-gahr-store","17":"tag-latest-news","18":"tag-latestnews","19":"tag-main-news","20":"tag-mainnews","21":"tag-news","22":"tag-no","23":"tag-norge","24":"tag-norway","25":"tag-nyheter","26":"tag-overskrifter","27":"tag-stavanger","28":"tag-top-stories","29":"tag-topstories","30":"tag-vghubben"},"share_on_mastodon":{"url":"https:\/\/pubeurope.com\/@no\/115593991477128941","error":""},"_links":{"self":[{"href":"https:\/\/www.europesays.com\/no\/wp-json\/wp\/v2\/posts\/93834","targetHints":{"allow":["GET"]}}],"collection":[{"href":"https:\/\/www.europesays.com\/no\/wp-json\/wp\/v2\/posts"}],"about":[{"href":"https:\/\/www.europesays.com\/no\/wp-json\/wp\/v2\/types\/post"}],"author":[{"embeddable":true,"href":"https:\/\/www.europesays.com\/no\/wp-json\/wp\/v2\/users\/2"}],"replies":[{"embeddable":true,"href":"https:\/\/www.europesays.com\/no\/wp-json\/wp\/v2\/comments?post=93834"}],"version-history":[{"count":0,"href":"https:\/\/www.europesays.com\/no\/wp-json\/wp\/v2\/posts\/93834\/revisions"}],"wp:featuredmedia":[{"embeddable":true,"href":"https:\/\/www.europesays.com\/no\/wp-json\/wp\/v2\/media\/93835"}],"wp:attachment":[{"href":"https:\/\/www.europesays.com\/no\/wp-json\/wp\/v2\/media?parent=93834"}],"wp:term":[{"taxonomy":"category","embeddable":true,"href":"https:\/\/www.europesays.com\/no\/wp-json\/wp\/v2\/categories?post=93834"},{"taxonomy":"post_tag","embeddable":true,"href":"https:\/\/www.europesays.com\/no\/wp-json\/wp\/v2\/tags?post=93834"}],"curies":[{"name":"wp","href":"https:\/\/api.w.org\/{rel}","templated":true}]}}