{"id":93836,"date":"2025-11-22T15:11:10","date_gmt":"2025-11-22T15:11:10","guid":{"rendered":"https:\/\/www.europesays.com\/no\/93836\/"},"modified":"2025-11-22T15:11:10","modified_gmt":"2025-11-22T15:11:10","slug":"sverige-moa-ilar-drama-i-sverige-oynene-fros-igjen","status":"publish","type":"post","link":"https:\/\/www.europesays.com\/no\/93836\/","title":{"rendered":"Sverige, Moa Ilar | Drama i Sverige: \u00d8ynene fr\u00f8s igjen"},"content":{"rendered":"\n<p>   <img decoding=\"async\" width=\"1500\" height=\"440\" fetchpriority=\"low\"  loading=\"lazy\"  src=\"https:\/\/www.europesays.com\/no\/wp-content\/uploads\/2025\/11\/1763824269_674_simen+l%C3%B8nning+sjur+tveito+beitost%C3%B8len.jpg\" alt=\"\" class=\"brick-c-cFOWSL\" style=\"--brick-image-ratio: 1500 \/ 440;\"\/><\/p>\n<p>BEITOST\u00d8LEN (Nettavisen): \u2013 Det er jeg veldig glad for. Da tror jeg ikke at jeg hadde st\u00e5tt p\u00e5 startstreken, skal jeg v\u00e6re helt \u00e6rlig, sier Johannes H\u00f8sflot Kl\u00e6bo til Nettavisen.<\/p>\n<p>I et par kuldegrader gikk han inn til en suveren seier p\u00e5 10 km klassisk i den norske sesongstarten p\u00e5 Beitost\u00f8len.<\/p>\n<p>Mer dramatisk, og ikke minst kaldere, ble det i den svenske sesongstarten i G\u00e4llivare. Der var temperaturen rundt 15 minusgrader da de gikk 10 km klassisk l\u00f8rdag.<\/p>\n<p>Kl\u00e6bo tviler alts\u00e5 p\u00e5 at han ville stilt til start i en s\u00e5nn kulde, men sterke svenske l\u00f8pere som Ebba Andersson, Moa Ilar, Edvin Anger og William Poromaa trosset kulden og gikk l\u00f8rdagens renn i Sverige.<\/p>\n<p>For Ilar sin del f\u00f8rte imidlertid den bitende kulden til dramatikk mot slutten av l\u00f8pet. P\u00e5 oppl\u00f8pet klarte hun nemlig ikke \u00e5 se noen ting.<\/p>\n<p>\u00c5rsaken: \u00d8ynene hennes fr\u00f8s igjen.<\/p>\n<p>\u2013 Jeg m\u00e5tte tilkalle hjelp og f\u00e5 st\u00f8tte. \u00d8ynene mine fryser, det er litt ubehagelig, sier Ilar til <a href=\"https:\/\/www.aftonbladet.se\/sportbladet\/a\/k0Wp3j\/moa-ilars-stora-drama-sag-ingenting-alls\" rel=\"Follow nofollow noopener\" target=\"_blank\">Aftonbladet<\/a>.<\/p>\n<p><b>Les ogs\u00e5:<a href=\"https:\/\/www.nettavisen.no\/sport\/i-strupen-pa-johannes-hosflot-klabo-en-narsissistisk-bavian\/s\/5-95-2741486\" rel=\"Follow nofollow noopener\" target=\"_blank\"> I strupen p\u00e5 Kl\u00e6bo: \u2013 En narsissistisk bavian<\/a><\/b><\/p>\n<p>Fr\u00f8s til is<\/p>\n<p>Den svenske l\u00f8peren forteller at hun har opplevd det samme tidligere.<\/p>\n<p>\u2013 V\u00e6sken i \u00f8yet mitt fryser liksom til is, s\u00e5 det blir veldig grumsete n\u00e5r jeg kommer til m\u00e5lstreken og stopper, da m\u00e5 jeg varme opp \u00f8yelokkene og f\u00e5 synet tilbake, forklarer hun.<\/p>\n<p>   <img decoding=\"async\" width=\"6000\" height=\"4000\" fetchpriority=\"low\"  loading=\"lazy\"  src=\"https:\/\/www.europesays.com\/no\/wp-content\/uploads\/2025\/11\/BB251122MT026_1.jpg\" alt=\"251122 Moa Ilar, Falun Borl\u00e4nge SK, after the women's 10 km classic technique during the Swedish cross-country skiing premiere on November 22, 2025 in G\u00e4llivare. &#10;Photo: Maxim Thor\u00e9 \/ BILDBYR\u00c5N \/ kod MT \/ MT0900\" class=\"brick-c-cFOWSL\" style=\"--brick-image-ratio: 6000 \/ 4000;\"\/><\/p>\n<p>      FIKK HJELP: Moa Ilar m\u00e5tte tilkalle hjelp da hun gikk i m\u00e5l p\u00e5 l\u00f8rdagens 10 km i G\u00e4llivare.<br \/>\n      Foto: Maxim Thore (Bildbyr\u00e5n)\n    <\/p>\n<p>For de norske l\u00f8perne som stilte til start p\u00e5 Beitost\u00f8len var det ingen fare for at \u00f8ynene skulle fryse igjen.<\/p>\n<p>Kl\u00e6bo er glad han f\u00e5r en litt mer behagelig start p\u00e5 sesongen, for han er ikke i tvil om at det \u00e5 konkurrere i den kulden som svenskene gj\u00f8r er t\u00f8ft.<\/p>\n<p>\u2013 Det koster mye, ja. Lungene f\u00e5r ordentlig kj\u00f8rt seg. Ofte kan s\u00e5nt sitte i litt, men s\u00e5 lenge man er forsiktig b\u00e5de f\u00f8r og etter g\u00e5r det som regel bra, sier han.<\/p>\n<p>Erik Valnes tror han hadde valgt \u00e5 stille til start om det hadde v\u00e6rt like kaldt p\u00e5 Beitost\u00f8len som i G\u00e4llivare, men han er glad de slipper unna den verste kulden.<\/p>\n<p>\u2013 Ja, jeg er jo det. Kulde er noe dritt, men det er n\u00e5 en gang utend\u00f8rsidrett, s\u00e5 vi m\u00e5 t\u00e5le det, sier han til Nettavisen.<\/p>\n<p><b>Les ogs\u00e5: <a href=\"https:\/\/www.nettavisen.no\/sport\/mener-skistad-ble-disket-med-vilje-den-kjoper-jeg-ikke\/s\/5-95-2742028\" rel=\"Follow nofollow noopener\" target=\"_blank\">Mener Skistad br\u00f8t reglene med vilje: \u2013 Den kj\u00f8per jeg ikke<\/a><\/b><\/p>\n<p>\u2013 Ikke s\u00e5 ille<\/p>\n<p>Harald \u00d8stberg Amundsen er ogs\u00e5 glad han ikke g\u00e5r i G\u00e4llivare denne helgen, selv om han ogs\u00e5 er klar p\u00e5 at kulde er en del av det \u00e5 drive p\u00e5 med en idrett som langrenn.<\/p>\n<p>\u2013 Det m\u00e5 man t\u00e5le som skil\u00f8per. S\u00e5 lenge det er innenfor grensen s\u00e5 er det greit, men jeg vet at det kan t\u00e6re p\u00e5 lungene, sier han til Nettavisen.<\/p>\n<p>Didrik T\u00f8nseth mener at kulden i G\u00e4llivare ikke er noe \u00e5 klage over.<\/p>\n<p>\u2013 Kulda i G\u00e4llivare er ikke s\u00e5 ille. Det er t\u00f8rr luft. Jeg har v\u00e6rt der i kulda. Det biter, men det t\u00e5ler de, sier han til Nettavisen.<\/p>\n<p>Det var Ebba Andersson som vant kvinnenes l\u00f8p i G\u00e4llivare l\u00f8rdag, mens Ilar ble nummer to. Sveitsiske Nadine F\u00e4hndrich ble nummer tre.<\/p>\n<p>I herreklassen tok Edvin Anger en overlegen seier foran Leo Johansson og Alvar Myhlback.<\/p>\n","protected":false},"excerpt":{"rendered":"BEITOST\u00d8LEN (Nettavisen): \u2013 Det er jeg veldig glad for. Da tror jeg ikke at jeg hadde st\u00e5tt p\u00e5&hellip;\n","protected":false},"author":2,"featured_media":93837,"comment_status":"","ping_status":"","sticky":false,"template":"","format":"standard","meta":{"footnotes":""},"categories":[59],"tags":[30,28,29,83,82],"class_list":{"0":"post-93836","1":"post","2":"type-post","3":"status-publish","4":"format-standard","5":"has-post-thumbnail","7":"category-sport","8":"tag-no","9":"tag-norge","10":"tag-norway","11":"tag-sport","12":"tag-sports"},"share_on_mastodon":{"url":"https:\/\/pubeurope.com\/@no\/115593994800050607","error":""},"_links":{"self":[{"href":"https:\/\/www.europesays.com\/no\/wp-json\/wp\/v2\/posts\/93836","targetHints":{"allow":["GET"]}}],"collection":[{"href":"https:\/\/www.europesays.com\/no\/wp-json\/wp\/v2\/posts"}],"about":[{"href":"https:\/\/www.europesays.com\/no\/wp-json\/wp\/v2\/types\/post"}],"author":[{"embeddable":true,"href":"https:\/\/www.europesays.com\/no\/wp-json\/wp\/v2\/users\/2"}],"replies":[{"embeddable":true,"href":"https:\/\/www.europesays.com\/no\/wp-json\/wp\/v2\/comments?post=93836"}],"version-history":[{"count":0,"href":"https:\/\/www.europesays.com\/no\/wp-json\/wp\/v2\/posts\/93836\/revisions"}],"wp:featuredmedia":[{"embeddable":true,"href":"https:\/\/www.europesays.com\/no\/wp-json\/wp\/v2\/media\/93837"}],"wp:attachment":[{"href":"https:\/\/www.europesays.com\/no\/wp-json\/wp\/v2\/media?parent=93836"}],"wp:term":[{"taxonomy":"category","embeddable":true,"href":"https:\/\/www.europesays.com\/no\/wp-json\/wp\/v2\/categories?post=93836"},{"taxonomy":"post_tag","embeddable":true,"href":"https:\/\/www.europesays.com\/no\/wp-json\/wp\/v2\/tags?post=93836"}],"curies":[{"name":"wp","href":"https:\/\/api.w.org\/{rel}","templated":true}]}}