{"id":93843,"date":"2025-11-22T15:28:09","date_gmt":"2025-11-22T15:28:09","guid":{"rendered":"https:\/\/www.europesays.com\/no\/93843\/"},"modified":"2025-11-22T15:28:09","modified_gmt":"2025-11-22T15:28:09","slug":"floro-jul-juletraileren-kjem-til-floro-firdaposten","status":"publish","type":"post","link":"https:\/\/www.europesays.com\/no\/93843\/","title":{"rendered":"Flor\u00f8, Jul | Juletraileren kjem til Flor\u00f8 &#8211; Firdaposten"},"content":{"rendered":"<ol>\n<li><a href=\"https:\/\/news.google.com\/rss\/articles\/CBMieEFVX3lxTE54OHpHd0MtRmFMZmdOTFZSRDNvWHA5MU1SSnM2cDBxQ013dzVQdjgtZnppVVFmMWd1R1lhdDhrektFS0dWNkx6ZmZNUDFYWjJnUUhndWJlZDRCVm1MbzY3bXRrbVE3QlprZkwwYVJvWXZxZGhHejBfbQ?oc=5\" target=\"_blank\" rel=\"nofollow noopener\">Flor\u00f8, Jul | Juletraileren kjem til Flor\u00f8<\/a>&nbsp;&nbsp;Firdaposten<\/li>\n<li><a href=\"https:\/\/news.google.com\/rss\/articles\/CBMiwAFBVV95cUxQNWdfWlJDb2xMZUdHa0hSU3Naa2JLRGF0Y3A4bnZFM0lGWmVqcFd5Qm5ITy0wQ08wX0ZnNmpKSndCTlotanpVcWN6a25xODUyOVY5LU9FUkRZOG9VeWVCeGFndlQzcHNtQmhGMkZFaXN3TmxjS3ZBbHIzNGgxWWJkMnVpakRmQ0Q4VFduOGVTbHg2alQ5UzUzTkFvVnZVaXJBOG5TcHcyaEdNM0J0S2VkMW9vWUFOTHdEcnBTaFE5a2g?oc=5\" target=\"_blank\" rel=\"nofollow noopener\">Jul, Coca Cola | Julenissen og den kjente traileren stopper p\u00e5 ett lokalt sted: \u2013 F\u00e5r ofte foresp\u00f8rsler<\/a>&nbsp;&nbsp;Gl\u00e5mdalen<\/li>\n<li><a href=\"https:\/\/news.google.com\/rss\/articles\/CBMihAFBVV95cUxNNG9nZFBQdVFkUHl4Z3lXVnNMRmd1Wmh0VDhxZkxaNkdlanMwZlRxdzQzaUJsZ2lITTVZMFdwUnEyZS1KbmpWa19POFpmM2Q2cUloRXFkRGlCMDQ2SHBUeFYyczNBcXlJWnp2bkU5MlU4NmtVUXRqV0ZNRXA3dWttMHFNR0I?oc=5\" target=\"_blank\" rel=\"nofollow noopener\">Juletraileren kommer til Notodden ogs\u00e5 i \u00e5r<\/a>&nbsp;&nbsp;Telen<\/li>\n<li><a href=\"https:\/\/news.google.com\/rss\/articles\/CBMia0FVX3lxTE1aYU14eXFwYlAzbEZsV2F4LW1VTjJ0NW5hR0RZNzVpWFdmYkU3STBKU0NjZGlSUVVrZHkyb0loRVpoelJoSE1QdmdvbFZqUHdvbEctQ0YwVHUxMUdXd2NsdGxVSU1JTkVabVJr?oc=5\" target=\"_blank\" rel=\"nofollow noopener\">(+) N\u00e5 kommer denne til byen<\/a>&nbsp;&nbsp;ht.no<\/li>\n<li><a href=\"https:\/\/news.google.com\/rss\/articles\/CBMijgFBVV95cUxNZ3oySmNRZGhsdmtZQUxhWFJ0ZkNZa2wxZkJaWG5hckJibE1JNllWczlHMHVRTzVWNHlPaDk2dzR1Z0FfTFNIMk5pamZwa0hYeGRnVHBRa1NoQUhTRmRlakZzbTA2djVzVy15YjZtWG5yNnpUd1ExcDN6ZDRJS0RYYUIwa2lhRUdUNnJ3ZE1n?oc=5\" target=\"_blank\" rel=\"nofollow noopener\">Snart kommer denne hit<\/a>&nbsp;&nbsp;innherred.no<\/li>\n<\/ol>\n","protected":false},"excerpt":{"rendered":"Flor\u00f8, Jul | Juletraileren kjem til Flor\u00f8&nbsp;&nbsp;Firdaposten Jul, Coca Cola | Julenissen og den kjente traileren stopper p\u00e5&hellip;\n","protected":false},"author":2,"featured_media":90898,"comment_status":"","ping_status":"","sticky":false,"template":"","format":"standard","meta":{"footnotes":""},"categories":[56],"tags":[60,61,62,30,28,29],"class_list":{"0":"post-93843","1":"post","2":"type-post","3":"status-publish","4":"format-standard","5":"has-post-thumbnail","7":"category-naeringsliv","8":"tag-business","9":"tag-economy","10":"tag-naeringsliv","11":"tag-no","12":"tag-norge","13":"tag-norway"},"share_on_mastodon":{"url":"https:\/\/pubeurope.com\/@no\/115594061786062775","error":""},"_links":{"self":[{"href":"https:\/\/www.europesays.com\/no\/wp-json\/wp\/v2\/posts\/93843","targetHints":{"allow":["GET"]}}],"collection":[{"href":"https:\/\/www.europesays.com\/no\/wp-json\/wp\/v2\/posts"}],"about":[{"href":"https:\/\/www.europesays.com\/no\/wp-json\/wp\/v2\/types\/post"}],"author":[{"embeddable":true,"href":"https:\/\/www.europesays.com\/no\/wp-json\/wp\/v2\/users\/2"}],"replies":[{"embeddable":true,"href":"https:\/\/www.europesays.com\/no\/wp-json\/wp\/v2\/comments?post=93843"}],"version-history":[{"count":0,"href":"https:\/\/www.europesays.com\/no\/wp-json\/wp\/v2\/posts\/93843\/revisions"}],"wp:featuredmedia":[{"embeddable":true,"href":"https:\/\/www.europesays.com\/no\/wp-json\/wp\/v2\/media\/90898"}],"wp:attachment":[{"href":"https:\/\/www.europesays.com\/no\/wp-json\/wp\/v2\/media?parent=93843"}],"wp:term":[{"taxonomy":"category","embeddable":true,"href":"https:\/\/www.europesays.com\/no\/wp-json\/wp\/v2\/categories?post=93843"},{"taxonomy":"post_tag","embeddable":true,"href":"https:\/\/www.europesays.com\/no\/wp-json\/wp\/v2\/tags?post=93843"}],"curies":[{"name":"wp","href":"https:\/\/api.w.org\/{rel}","templated":true}]}}