{"id":93850,"date":"2025-11-22T15:38:15","date_gmt":"2025-11-22T15:38:15","guid":{"rendered":"https:\/\/www.europesays.com\/no\/93850\/"},"modified":"2025-11-22T15:38:15","modified_gmt":"2025-11-22T15:38:15","slug":"nora-mork-og-jerry-tollbring","status":"publish","type":"post","link":"https:\/\/www.europesays.com\/no\/93850\/","title":{"rendered":"Nora M\u00f8rk og Jerry Tollbring:"},"content":{"rendered":"<p>\u2013 Det er selvf\u00f8lgelig en ny tilv\u00e6relse, hvor stort sett alt handler om henne og hvordan hun har det best mulig, sier Nora M\u00f8rk til TV 2.<\/p>\n<p>34-\u00e5ringen er i str\u00e5lende hum\u00f8r n\u00e5 n\u00e5r hun har klart \u00e5 komme seg tilbake p\u00e5 landslaget igjen etter \u00e5 ha f\u00f8dt datteren Thyra i mai.<\/p>\n<p>        <img class=\"image__img lazyload\" itemprop=\"image\" title=\"Foto: Espen Langeveld \/ TV 2\" alt=\"VM-GLIS: Fra Nora M\u00f8rk (34). Foto: Espen Langeveld \/ TV 2\" width=\"675\" height=\"446\" bad-src=\"https:\/\/www.europesays.com\/no\/wp-content\/uploads\/2025\/11\/18309379.webp\" fetchpriority=\"auto\" \/><\/p>\n<p>      VM-GLIS: Fra Nora M\u00f8rk (34).<br \/>\n         Foto: Espen Langeveld \/ TV 2<\/p>\n<p> \u2013 Jeg synes det g\u00e5r veldig bra. Hun er frisk og fin og en superglad jente. Hun trives godt i Esbjerg. Det er ogs\u00e5 veldig viktig, sier M\u00f8rk. <\/p>\n<p><a href=\"https:\/\/play.tv2.no\/sport\/haandball\/posten-cup-kvinner-f4q9k2v6\/norge-ungarn-fk6ate2b\" rel=\"nofollow noopener\" target=\"_blank\"><\/p>\n<p class=\"bold m-bold lab-bodytext-line\" data-lab-font_weight=\"bold\" droppable=\"true\">L\u00f8rdag fra kl. 16.40:\u00a0Norge &#8211; Ungarn p\u00e5 TV 2 Direkte og Play <\/p>\n<p><\/a><\/p>\n<p>\u2013 V\u00e6rt veldig mye sammen<\/p>\n<p>N\u00e5 ser det ut som at de f\u00f8rste \u00e5rene som mor blir i Danmark, etter at hun nylig signerte en ny avtale med Esbjerg ut sommeren 2028.<\/p>\n<p>\u2013 Jeg har en kj\u00e6reste og en datter der nede. Jerry (Tollbring) spiller jo ogs\u00e5 i Esbjerg i ett \u00e5r til hvert fall, s\u00e5 tar vi det derfra. Det er godt \u00e5 ha det p\u00e5 plass, Esbjerg er et godt sted \u00e5 v\u00e6re, sier 34-\u00e5ringen fra Oslo.<\/p>\n<p>Samtidig innr\u00f8mmer hun at \u00e5 bo i et annet land har sin pris.<\/p>\n<p>\u2013 Det er jo masse kusiner, fettere, tanter, onkler, besteforeldre og det hele man er borte fra. Vi skal nok f\u00e5 det til \u00e5 fungere p\u00e5 et vis. Thyra kommer jo til \u00e5 snakke nesten tre spr\u00e5k n\u00e5 med norsk, svensk og dansk, som hun h\u00f8rer mye.<\/p>\n<p>        <img class=\"image__img lazyload\" itemprop=\"image\" title=\"Foto: Instagram \/ noramrk_9\" alt=\"H\u00c5NDBALLPAR: Nora M\u00f8rk og Jerry Tollbring. Foto: Instagram \/ noramrk_9\" width=\"675\" height=\"507\" bad-src=\"https:\/\/www.europesays.com\/no\/wp-content\/uploads\/2025\/11\/18309484.webp\" fetchpriority=\"auto\" \/><\/p>\n<p>      H\u00c5NDBALLPAR: Nora M\u00f8rk og Jerry Tollbring.<br \/>\n         Foto: Instagram \/ noramrk_9<\/p>\n<p>Kj\u00e6resten Tollbring er nemlig svensk og har v\u00e6rt sammen med M\u00f8rk i fire \u00e5r. Han er ogs\u00e5 h\u00e5ndballspiller, men har kjempet en lang kamp for \u00e5 komme tilbake fra en korsb\u00e5ndsskade.<\/p>\n<p>\u2013 Vi har jo hatt litt likt forl\u00f8p med \u00e5 gj\u00f8re comeback samtidig. Han spilte igjen n\u00e5 etter ni m\u00e5neder. Vi har jo v\u00e6rt veldig mye sammen, sier M\u00f8rk.<\/p>\n<p>\u2013 Hell i uhell<\/p>\n<p> S\u00e5 p\u00e5 et vis ble det en godt timet skade, da uhellet f\u00f8rst oppsto, og kj\u00e6resten var gravid. <\/p>\n<p>        <img class=\"image__img lazyload\" itemprop=\"image\" title=\"Foto: Paul S. Amundsen \/ NTB\" alt=\"TILBAKE P\u00c5 H\u00c5NDBALLBANEN: Norge-bauta Nora M\u00f8rk (34). Her sammen med lagvenninne Emilie Hovden etter scoring mot Spania torsdag. Foto: Paul S. Amundsen \/ NTB\" width=\"675\" height=\"439\" bad-src=\"https:\/\/www.europesays.com\/no\/wp-content\/uploads\/2025\/11\/1763825894_720_18309292.webp\" fetchpriority=\"auto\" \/><\/p>\n<p>      TILBAKE P\u00c5 H\u00c5NDBALLBANEN: Norge-bauta Nora M\u00f8rk (34). Her sammen med lagvenninne Emilie Hovden etter scoring mot Spania torsdag.<br \/>\n         Foto: Paul S. Amundsen \/ NTB<\/p>\n<p>\u2013 S\u00e5nn sett var det hell i uhell. Jeg kunne hjelpe ham masse med min skadeerfaring, og han kunne v\u00e6re der for meg ogs\u00e5.<\/p>\n<p>\u2013\u00a0 Jeg er glad for at jeg ikke reiste rundt overalt da han var skadet, og at jeg kunne v\u00e6re der da han opererte og skulle trene seg opp igjen. N\u00e5r det ble som det ble, s\u00e5 var det fint at han kunne v\u00e6re der da Thyra kom til verden. Det kunne ogs\u00e5 v\u00e6rt vanskelig, hvis han skulle ha fartet rundt, sier M\u00f8rk.<\/p>\n<p>34-\u00e5ringen har ogs\u00e5 hatt en lang vei tilbake etter f\u00f8dselen i mai.\u00a0N\u00e5 er foreldreparet \u00e5 se p\u00e5 h\u00e5ndballbanen igjen for hvert sitt landslag.<\/p>\n<p>        <img class=\"image__img lazyload\" itemprop=\"image\" title=\"Foto: P\u00e4r B\u00e4ckstr\u00f6m \/ AP \/ NTB\" alt=\"TILBAKE FOR SVERIGE: Jerry Tollbring Foto: P\u00e4r B\u00e4ckstr\u00f6m \/ AP \/ NTB\" width=\"675\" height=\"432\" bad-src=\"https:\/\/www.europesays.com\/no\/wp-content\/uploads\/2025\/11\/18309478.webp\" fetchpriority=\"auto\" \/><\/p>\n<p>      TILBAKE FOR SVERIGE: Jerry Tollbring<br \/>\n         Foto: P\u00e4r B\u00e4ckstr\u00f6m \/ AP \/ NTB<\/p>\n<p>\u2013 Det var utrolig godt \u00e5 se han tilbake. Jeg synes ogs\u00e5 man ser en veldig tendens til at han er tilbake s\u00e5nn han var tidligere. At han fikk lov til \u00e5 gj\u00f8re comeback p\u00e5 landslaget igjen, synes jeg var veldig stas, sier M\u00f8rk.<\/p>\n<p>Selv kommer den norske stjernen tilbake p\u00e5 landslaget i perfekt timing, n\u00e5 som h\u00e5ndball-VM i Nederland og Tyskland starter for Norge torsdag 27. november.<\/p>\n<p>I kampen mot Spania i Posten Cup torsdag markerte bakspilleren seg med seks scoringer.<\/p>\n<p> \u2013 Akkurat n\u00e5 g\u00e5r det veldig bra. Jeg har hatt et lite problem med\u00a0akillessenen, men jeg satte kortison forrige samling, som fungerte veldig bra.<\/p>\n<p>\u2013 Jeg har pr\u00f8vd \u00e5 bygge meg sakte, men sikkert opp i fire m\u00e5neder, og akseptert at ting tar lengre tid. Jeg vil ikke g\u00e5 p\u00e5 kompromiss med \u00e5 v\u00e6re mamma. Det g\u00e5r i veldig riktig retning, og n\u00e5r jeg henger p\u00e5 her, s\u00e5 pleier det \u00e5 g\u00e5 ganske bra, avslutter M\u00f8rk med et lurt smil.<\/p>\n","protected":false},"excerpt":{"rendered":"\u2013 Det er selvf\u00f8lgelig en ny tilv\u00e6relse, hvor stort sett alt handler om henne og hvordan hun har&hellip;\n","protected":false},"author":2,"featured_media":93851,"comment_status":"","ping_status":"","sticky":false,"template":"","format":"standard","meta":{"footnotes":""},"categories":[5],"tags":[20,21,24,25,15,19,22,23,17,18,13,30,28,29,14,16,26,27],"class_list":{"0":"post-93850","1":"post","2":"type-post","3":"status-publish","4":"format-standard","5":"has-post-thumbnail","7":"category-overskrifter","8":"tag-breaking-news","9":"tag-breakingnews","10":"tag-featured-news","11":"tag-featurednews","12":"tag-headlines","13":"tag-hovedoppslag","14":"tag-latest-news","15":"tag-latestnews","16":"tag-main-news","17":"tag-mainnews","18":"tag-news","19":"tag-no","20":"tag-norge","21":"tag-norway","22":"tag-nyheter","23":"tag-overskrifter","24":"tag-top-stories","25":"tag-topstories"},"share_on_mastodon":{"url":"https:\/\/pubeurope.com\/@no\/115594101043893673","error":""},"_links":{"self":[{"href":"https:\/\/www.europesays.com\/no\/wp-json\/wp\/v2\/posts\/93850","targetHints":{"allow":["GET"]}}],"collection":[{"href":"https:\/\/www.europesays.com\/no\/wp-json\/wp\/v2\/posts"}],"about":[{"href":"https:\/\/www.europesays.com\/no\/wp-json\/wp\/v2\/types\/post"}],"author":[{"embeddable":true,"href":"https:\/\/www.europesays.com\/no\/wp-json\/wp\/v2\/users\/2"}],"replies":[{"embeddable":true,"href":"https:\/\/www.europesays.com\/no\/wp-json\/wp\/v2\/comments?post=93850"}],"version-history":[{"count":0,"href":"https:\/\/www.europesays.com\/no\/wp-json\/wp\/v2\/posts\/93850\/revisions"}],"wp:featuredmedia":[{"embeddable":true,"href":"https:\/\/www.europesays.com\/no\/wp-json\/wp\/v2\/media\/93851"}],"wp:attachment":[{"href":"https:\/\/www.europesays.com\/no\/wp-json\/wp\/v2\/media?parent=93850"}],"wp:term":[{"taxonomy":"category","embeddable":true,"href":"https:\/\/www.europesays.com\/no\/wp-json\/wp\/v2\/categories?post=93850"},{"taxonomy":"post_tag","embeddable":true,"href":"https:\/\/www.europesays.com\/no\/wp-json\/wp\/v2\/tags?post=93850"}],"curies":[{"name":"wp","href":"https:\/\/api.w.org\/{rel}","templated":true}]}}