{"id":93858,"date":"2025-11-22T15:44:11","date_gmt":"2025-11-22T15:44:11","guid":{"rendered":"https:\/\/www.europesays.com\/no\/93858\/"},"modified":"2025-11-22T15:44:11","modified_gmt":"2025-11-22T15:44:11","slug":"infrastruktur-alstahaug-flere-uten-strom-pa-helgeland","status":"publish","type":"post","link":"https:\/\/www.europesays.com\/no\/93858\/","title":{"rendered":"Infrastruktur, Alstahaug | Flere uten str\u00f8m p\u00e5 Helgeland"},"content":{"rendered":"\n<p>I morgentimene l\u00f8rdag oppdaget Linea at det var str\u00f8mbrudd i Grane. Der er det i f\u00f8lge str\u00f8mbruddskartet n\u00e5 121 kunder som er str\u00f8ml\u00f8se.<\/p>\n<p>Tidligere p\u00e5 natta ble det ogs\u00e5 registrert feil i Alstahaug, hvor det n\u00e5 er 157 kunder som er uten str\u00f8m.<\/p>\n<p>Klokka 09.30 l\u00f8rdag morgen oppsto ogs\u00e5 et st\u00f8rre str\u00f8mbrudd p\u00e5 D\u00f8nna, hvor 461 kunder er ber\u00f8rt.<\/p>\n<p>I tillegg er det 219 kunder fordelt p\u00e5 to omr\u00e5der i S\u00f8mna som ogs\u00e5 er uten str\u00f8m.<\/p>\n<p>Linea opplyser at de har utkalt personell og at feils\u00f8king p\u00e5g\u00e5r. I Alstahaug skal feilen v\u00e6re funnet, og der p\u00e5g\u00e5r det n\u00e5 reparasjon av tr\u00e5dbrudd.<\/p>\n<p>Klokka 11.31 fikk Linea rettet opp i feilen i Alstahaug.<\/p>\n<p>Like f\u00f8r klokka 14.00 er det fortsatt 337 kunder som mangler str\u00f8m p\u00e5 Helgeland, i f\u00f8lge oversikten til Linea.<\/p>\n<p><b>Klokka 16:16 er dette antallet nede i 53 kunder, fordelt p\u00e5 4 i Hemnes og 49 i Grane.<\/b><\/p>\n<p>   <img decoding=\"async\" width=\"1540\" height=\"1026\" fetchpriority=\"low\"  loading=\"lazy\"  src=\"https:\/\/www.europesays.com\/no\/wp-content\/uploads\/2025\/11\/Skjermbilde+2025-11-22+kl.+10.16.08.png\" alt=\"\" class=\"brick-c-cFOWSL\" style=\"--brick-image-ratio: 1540 \/ 1026;\"\/><\/p>\n<p>      STR\u00d8MBRUDD: Flere kunder er uten str\u00f8m l\u00f8rdag formiddag.<br \/>\n      Foto: Skjermpdump Linea str\u00f8mbruddskart\n    <\/p>\n","protected":false},"excerpt":{"rendered":"I morgentimene l\u00f8rdag oppdaget Linea at det var str\u00f8mbrudd i Grane. Der er det i f\u00f8lge str\u00f8mbruddskartet n\u00e5&hellip;\n","protected":false},"author":2,"featured_media":93859,"comment_status":"","ping_status":"","sticky":false,"template":"","format":"standard","meta":{"footnotes":""},"categories":[10],"tags":[2486,36,20,21,24,25,2450,15,7098,22,23,13,30,28,29,14,16,1510,26,27],"class_list":{"0":"post-93858","1":"post","2":"type-post","3":"status-publish","4":"format-standard","5":"has-post-thumbnail","7":"category-norge","8":"tag-alstahaug","9":"tag-art","10":"tag-breaking-news","11":"tag-breakingnews","12":"tag-featured-news","13":"tag-featurednews","14":"tag-grane","15":"tag-headlines","16":"tag-infrastruktur","17":"tag-latest-news","18":"tag-latestnews","19":"tag-news","20":"tag-no","21":"tag-norge","22":"tag-norway","23":"tag-nyheter","24":"tag-overskrifter","25":"tag-story","26":"tag-top-stories","27":"tag-topstories"},"share_on_mastodon":{"url":"https:\/\/pubeurope.com\/@no\/115594124797324403","error":""},"_links":{"self":[{"href":"https:\/\/www.europesays.com\/no\/wp-json\/wp\/v2\/posts\/93858","targetHints":{"allow":["GET"]}}],"collection":[{"href":"https:\/\/www.europesays.com\/no\/wp-json\/wp\/v2\/posts"}],"about":[{"href":"https:\/\/www.europesays.com\/no\/wp-json\/wp\/v2\/types\/post"}],"author":[{"embeddable":true,"href":"https:\/\/www.europesays.com\/no\/wp-json\/wp\/v2\/users\/2"}],"replies":[{"embeddable":true,"href":"https:\/\/www.europesays.com\/no\/wp-json\/wp\/v2\/comments?post=93858"}],"version-history":[{"count":0,"href":"https:\/\/www.europesays.com\/no\/wp-json\/wp\/v2\/posts\/93858\/revisions"}],"wp:featuredmedia":[{"embeddable":true,"href":"https:\/\/www.europesays.com\/no\/wp-json\/wp\/v2\/media\/93859"}],"wp:attachment":[{"href":"https:\/\/www.europesays.com\/no\/wp-json\/wp\/v2\/media?parent=93858"}],"wp:term":[{"taxonomy":"category","embeddable":true,"href":"https:\/\/www.europesays.com\/no\/wp-json\/wp\/v2\/categories?post=93858"},{"taxonomy":"post_tag","embeddable":true,"href":"https:\/\/www.europesays.com\/no\/wp-json\/wp\/v2\/tags?post=93858"}],"curies":[{"name":"wp","href":"https:\/\/api.w.org\/{rel}","templated":true}]}}