{"id":93862,"date":"2025-11-22T15:46:15","date_gmt":"2025-11-22T15:46:15","guid":{"rendered":"https:\/\/www.europesays.com\/no\/93862\/"},"modified":"2025-11-22T15:46:15","modified_gmt":"2025-11-22T15:46:15","slug":"pallplass-til-mcgrath-i-gurgl","status":"publish","type":"post","link":"https:\/\/www.europesays.com\/no\/93862\/","title":{"rendered":"Pallplass til McGrath i Gurgl"},"content":{"rendered":"\n<p class=\"_lead_o9xde_2 _lead_xtcu6_50 layout-component text-serif-m layout-normal text-serif-l layout-component layout-wide layout-padded _wide_17hqh_1 layout-padded\">Atle Lie McGrath endte p\u00e5 tredjeplass i verdenscuprennet i slal\u00e5m i Gurgl. Franskmannen Paco Rassat tok sin f\u00f8rste verdenscupseier.<\/p>\n<p><img alt=\" Foto: JOHANN GRODER \/ AFP \/ NTB\" class=\"_image_qp4xg_65 layout-component layout-wide\" data-fullscreen- data-track-element-type=\"Article image fullscreen\" data-track-name=\"ImageFullscreen\" fetchpriority=\"high\" decoding=\"sync\" loading=\"eager\" height=\"1500\" itemprop=\"image\"  src=\"https:\/\/www.europesays.com\/no\/wp-content\/uploads\/2025\/11\/9c100423-7d1a-4e4b-bfaa-fbb55bede752\"  style=\"object-position:0% 0%\" width=\"2251\"\/> Foto: JOHANN GRODER \/ AFP \/ NTB Oppdatert l\u00f8rdag 22. november kl. 15:40     <\/p>\n<p class=\"_paragraph_o9xde_4 _paragraph_xtcu6_10 layout-component text-serif-m layout-normal text-serif-m layout-padded\">Franskmannen Paco Rassat tok seieren i Gurgl, syv hundredeler foran belgieren Armand Marchant p\u00e5 andreplass og ni hundredeler foran McGrath.<\/p>\n<p class=\"_paragraph_o9xde_4 _paragraph_xtcu6_10 layout-component text-serif-m layout-normal text-serif-m layout-padded\">Nordmannen tok ledelsen etter f\u00f8rste omgang, 17 hundredeler foran finske Eduard Hallberg og sveitsiske Tanguy Nef p\u00e5 delt andreplass. McGrath gikk dermed inn i finaleomgangen med det beste utgangspunktet.<\/p>\n<p class=\"_paragraph_o9xde_4 _paragraph_xtcu6_10 layout-component text-serif-m layout-normal text-serif-m layout-padded\">Etter noen feil i andre omgang endte 25-\u00e5ringen til slutt p\u00e5 tredjeplass.<\/p>\n<p class=\"_paragraph_o9xde_4 _paragraph_xtcu6_10 layout-component text-serif-m layout-normal text-serif-m layout-padded\">Dagens seier ble Rassats f\u00f8rste i et verdenscuprenn.<\/p>\n<p class=\"_paragraph_o9xde_4 _paragraph_xtcu6_10 layout-component text-serif-m layout-normal text-serif-m layout-padded\">\u2013 Dette er sykt. Jeg er veldig glad for \u00e5 vinne mitt f\u00f8rste verdenscuprenn, sa Rassat til Viaplay etter seieren.<\/p>\n<p><img alt=\"Foto: ANNA SZILAGYI \/ EPA \/ NTB\" class=\"_image_qp4xg_65 layout-component layout-normal\" data-fullscreen- data-track-element-type=\"Article image fullscreen\" data-track-name=\"ImageFullscreen\" decoding=\"async\" loading=\"lazy\" height=\"2850\" itemprop=\"image\"  src=\"https:\/\/www.europesays.com\/no\/wp-content\/uploads\/2025\/11\/79e95535-1abe-4eb8-b0a6-978f779c9da4\"  style=\"object-position:0% 0%\" width=\"4062\"\/>Foto: ANNA SZILAGYI \/ EPA \/ NTB<\/p>\n<p class=\"_paragraph_o9xde_4 _paragraph_xtcu6_10 layout-component text-serif-m layout-normal text-serif-m layout-padded\">Timon Haugan endte p\u00e5 fjerdeplass, samme plassering som han hadde etter f\u00f8rste omgang.<\/p>\n<p class=\"_paragraph_o9xde_4 _paragraph_xtcu6_10 layout-component text-serif-m layout-normal text-serif-m layout-padded\">\u2013 Det synes jeg er godkjent med en vond rygg, sa Viaplay-ekspert Kjetil Andr\u00e9 Aamodt.<\/p>\n<p class=\"_paragraph_o9xde_4 _paragraph_xtcu6_10 layout-component text-serif-m layout-normal text-serif-m layout-padded\">Oppdalingen har i lengre tid slitt med en vond rygg.<\/p>\n<p class=\"_paragraph_o9xde_4 _paragraph_xtcu6_10 layout-component text-serif-m layout-normal text-serif-m layout-padded\">\u2013 Jeg sliter generelt med noen muskler rundt ryggmargen som strammer seg helt. Jeg har ikke helt klart \u00e5 bli klok p\u00e5 det, sa Haugan til Viaplay etter l\u00f8pet.<\/p>\n<p class=\"_paragraph_o9xde_4 _paragraph_xtcu6_10 layout-component text-serif-m layout-normal text-serif-m layout-padded\">Oscar Andreas Sandvik endte p\u00e5 18. plass, 1.07 bak Rassat, etter en god andre omgang. <\/p>\n<p class=\"_paragraph_o9xde_4 _paragraph_xtcu6_10 layout-component text-serif-m layout-normal text-serif-m layout-padded\">\u2013 Det ble litt rotete p\u00e5 toppen og i henget, men jeg er veldig forn\u00f8yd, sa unggutten til Viaplay.<\/p>\n<p class=\"_paragraph_o9xde_4 _paragraph_xtcu6_10 layout-component text-serif-m layout-normal text-serif-m layout-padded\">\u2013 Det er sterkt av Oscar, konkluderte Viaplay-kommentator Marius Arnesen. <\/p>\n<p class=\"_paragraph_o9xde_4 _paragraph_xtcu6_10 layout-component text-serif-m layout-normal text-serif-m layout-padded\">21-\u00e5ringen ble den yngste p\u00e5 resultatlisten i dagens renn.<\/p>\n<p class=\"_paragraph_o9xde_4 _paragraph_xtcu6_10 layout-component text-serif-m layout-normal text-serif-m layout-padded\">Lucas Braathen endte som nummer 10, 84 hundredeler bak Rassat, etter to litt skuffende omganger.<\/p>\n<p class=\"_paragraph_o9xde_4 _paragraph_xtcu6_10 layout-component text-serif-m layout-normal text-serif-m layout-padded\">\u2013 Han har ikke de rene buene han trenger for \u00e5 matche de beste i dag, kommenterte Aamodt.<\/p>\n<ul class=\"_list_o9xde_3 _list_xtcu6_9 _unordered_o9xde_106 layout-component text-serif-m layout-normal text-serif-m layout-padded\">\n<li class=\"_item_o9xde_30\">Henrik Kristoffersen ble nummer 12, 90 hundredeler bak.<\/li>\n<li class=\"_item_o9xde_30\">Eirik Hystad Solberg ble nummer 23, 1.26 bak.<\/li>\n<\/ul>\n<p class=\"_paragraph_o9xde_4 _paragraph_xtcu6_10 layout-component text-serif-m layout-normal text-serif-m layout-padded\">McGrath innledet sesongen med en tredjeplass i storslal\u00e5mrennet i S\u00f6lden, mens det ble tr\u00f8bbel med en hekting i andre omgangen i Levi forrige helg. <\/p>\n<p class=\"_paragraph_o9xde_4 _paragraph_xtcu6_10 layout-component text-serif-m layout-normal text-serif-m layout-padded\">Kommende uke er det verdenscuprenn i super-G og storslal\u00e5m i Copper Mountain i USA.<\/p>\n","protected":false},"excerpt":{"rendered":"Atle Lie McGrath endte p\u00e5 tredjeplass i verdenscuprennet i slal\u00e5m i Gurgl. Franskmannen Paco Rassat tok sin f\u00f8rste&hellip;\n","protected":false},"author":2,"featured_media":93863,"comment_status":"","ping_status":"","sticky":false,"template":"","format":"standard","meta":{"footnotes":""},"categories":[59],"tags":[249,5961,9794,7183,30,28,29,83,82],"class_list":{"0":"post-93862","1":"post","2":"type-post","3":"status-publish","4":"format-standard","5":"has-post-thumbnail","7":"category-sport","8":"tag-alpint","9":"tag-atle-lie-mcgrath","10":"tag-henrik-kristoffersen","11":"tag-lucas-braathen","12":"tag-no","13":"tag-norge","14":"tag-norway","15":"tag-sport","16":"tag-sports"},"share_on_mastodon":{"url":"https:\/\/pubeurope.com\/@no\/115594133006227433","error":""},"_links":{"self":[{"href":"https:\/\/www.europesays.com\/no\/wp-json\/wp\/v2\/posts\/93862","targetHints":{"allow":["GET"]}}],"collection":[{"href":"https:\/\/www.europesays.com\/no\/wp-json\/wp\/v2\/posts"}],"about":[{"href":"https:\/\/www.europesays.com\/no\/wp-json\/wp\/v2\/types\/post"}],"author":[{"embeddable":true,"href":"https:\/\/www.europesays.com\/no\/wp-json\/wp\/v2\/users\/2"}],"replies":[{"embeddable":true,"href":"https:\/\/www.europesays.com\/no\/wp-json\/wp\/v2\/comments?post=93862"}],"version-history":[{"count":0,"href":"https:\/\/www.europesays.com\/no\/wp-json\/wp\/v2\/posts\/93862\/revisions"}],"wp:featuredmedia":[{"embeddable":true,"href":"https:\/\/www.europesays.com\/no\/wp-json\/wp\/v2\/media\/93863"}],"wp:attachment":[{"href":"https:\/\/www.europesays.com\/no\/wp-json\/wp\/v2\/media?parent=93862"}],"wp:term":[{"taxonomy":"category","embeddable":true,"href":"https:\/\/www.europesays.com\/no\/wp-json\/wp\/v2\/categories?post=93862"},{"taxonomy":"post_tag","embeddable":true,"href":"https:\/\/www.europesays.com\/no\/wp-json\/wp\/v2\/tags?post=93862"}],"curies":[{"name":"wp","href":"https:\/\/api.w.org\/{rel}","templated":true}]}}