{"id":93866,"date":"2025-11-22T15:50:14","date_gmt":"2025-11-22T15:50:14","guid":{"rendered":"https:\/\/www.europesays.com\/no\/93866\/"},"modified":"2025-11-22T15:50:14","modified_gmt":"2025-11-22T15:50:14","slug":"politidirektor-hakon-skulstad-reiser-til-marokko-for-a-underskrive-avtale","status":"publish","type":"post","link":"https:\/\/www.europesays.com\/no\/93866\/","title":{"rendered":"Politidirekt\u00f8r H\u00e5kon Skulstad reiser til Marokko for \u00e5 underskrive avtale"},"content":{"rendered":"\n<ul class=\"_list_o9xde_3 _list_64s2r_85 _unordered_o9xde_106 text-sans-m\">\n<li class=\"_item_o9xde_30\">Politidirekt\u00f8r H\u00e5kon Skulstad reiser til Marokko for \u00e5 samarbeide om \u00e5 ta bakmennene i narkonettverk.<\/li>\n<li class=\"_item_o9xde_30\">M\u00e5let er \u00e5 inng\u00e5 en bilateral avtale om politisamarbeid med Marokko.<\/li>\n<li class=\"_item_o9xde_30\">Avtalen skal hjelpe \u00e5 bekjempe narkotikatrafikk, vold, \u00f8konomisk kriminalitet og cyberkriminalitet.<\/li>\n<\/ul>\n<p>Vis mer <\/p>\n<p class=\"_paragraph_o9xde_4 _paragraph_xtcu6_10 layout-component text-serif-m layout-normal text-serif-m layout-padded\">\u2013 V\u00e5r m\u00e5lsetning er veldig klar, sier Skulstad p\u00e5 telefon fra et m\u00f8te i Kirkenes. <\/p>\n<p class=\"_paragraph_o9xde_4 _paragraph_xtcu6_10 layout-component text-serif-m layout-normal text-serif-m layout-padded\">S\u00f8ndag setter han seg p\u00e5 flyet til <a href=\"https:\/\/www.vg.no\/tag\/marokko?utm_source=vg-article&amp;utm_medium=auto-tagger&amp;utm_campaign=d45w8z\" class=\"_link_o9xde_39\" rel=\"nofollow noopener\" target=\"_blank\">Marokko<\/a> for \u00e5 delta p\u00e5 Interpols generalforsamling neste uke. <\/p>\n<p class=\"_paragraph_o9xde_4 _paragraph_xtcu6_10 layout-component text-serif-m layout-normal text-serif-m layout-padded\">\u2013 Det skal ikke v\u00e6re fristed for denne typen kriminell virksomhet som i dette tilfellet treffer Norge. <\/p>\n<p class=\"_paragraph_o9xde_4 _paragraph_xtcu6_10 layout-component text-serif-m layout-normal text-serif-m layout-padded\"><a href=\"https:\/\/www.vg.no\/nyheter\/i\/xmxjEl\/politiet-om-narkobaronen-han-foeler-seg-ganske-uovervinnelig\" data-track-element-type=\"Link\" data-track-id=\"link:xmxjEl\" class=\"_link_o9xde_39\" rel=\"nofollow noopener\" target=\"_blank\">VG har nylig skrevet om Zakariya Rahali<\/a>, som i 2017 flyktet til Marokko og skaffet seg marokkansk statsborgerskap i tillegg til sitt norske. <\/p>\n<p><img alt=\"Foto: Privat\" class=\"_image_qp4xg_65 layout-component layout-normal\" data-fullscreen- data-track-element-type=\"Article image fullscreen\" data-track-name=\"ImageFullscreen\" decoding=\"async\" loading=\"lazy\" height=\"1080\" itemprop=\"image\"  src=\"https:\/\/www.europesays.com\/no\/wp-content\/uploads\/2025\/11\/9a2b0443-42b2-4c50-9993-163b79bdb60e\"  style=\"object-position:0% 0%\" width=\"1080\"\/>Foto: Privat<\/p>\n<p class=\"_paragraph_o9xde_4 _paragraph_xtcu6_10 layout-component text-serif-m layout-normal text-serif-m layout-padded\">Fra kystbyen Tanger mener politiet at han styrer et narkotikanettverk som pumper enorme mengder narkotika inn i Norge. <\/p>\n<p class=\"_paragraph_o9xde_4 _paragraph_xtcu6_10 layout-component text-serif-m layout-normal text-serif-m layout-padded\">Selv er Rahali siktet for \u00e5 ha hatt befatning med cirka 250 kilo kokain og 5,7 tonn cannabis fra april 2020 til mars 2022. <\/p>\n<p class=\"_paragraph_o9xde_4 _paragraph_xtcu6_10 layout-component text-serif-m layout-normal layout-padded\"><strong class=\"_strong_o9xde_25\">Les ogs\u00e5:<\/strong> <a href=\"https:\/\/www.vg.no\/i\/xmxjEl\" data-track-element-type=\"Link\" data-track-id=\"link:xmxjEl\" class=\"_link_o9xde_39\" rel=\"nofollow noopener\" target=\"_blank\"> \u2013 Han f\u00f8ler seg ganske uover\u00advinnelig<\/a><\/p>\n<p>\u2013 G\u00e5r etter bakmennene<\/p>\n<p class=\"_paragraph_o9xde_4 _paragraph_xtcu6_10 layout-component text-serif-m layout-normal text-serif-m layout-padded\">Politidirekt\u00f8ren vil ikke kommentere enkeltsaker, men sier at flere personer som styrer den organiserte kriminaliteten i Norge befinner seg i utlandet. <\/p>\n<p class=\"_paragraph_o9xde_4 _paragraph_xtcu6_10 layout-component text-serif-m layout-normal text-serif-m layout-padded\">\u2013 Vi g\u00e5r etter bakmennene enten de sitter i Norge eller i et annet land. I hele verden. <\/p>\n<p class=\"_paragraph_o9xde_4 _paragraph_xtcu6_10 layout-component text-serif-m layout-normal text-serif-m layout-padded\">Kripos har tidligere uttalt at de samarbeider med marokkanske myndigheter ang\u00e5ende 18\u201319 personer som befinner seg i Marokko. Dersom disse ogs\u00e5 har marokkansk statsborgerskap, er det mer komplisert:<\/p>\n<p class=\"_paragraph_o9xde_4 _paragraph_xtcu6_10 layout-component text-serif-m layout-normal text-serif-m layout-padded\">Marokko utleverer ikke egne borgere, men det kan finnes andre m\u00e5ter \u00e5 stoppe disse personene p\u00e5.<\/p>\n<p class=\"_paragraph_o9xde_4 _paragraph_xtcu6_10 layout-component text-serif-m layout-normal text-serif-m layout-padded\">I Skulstads bagasje ligger det et utkast til en <a href=\"https:\/\/www.vg.no\/nyheter\/i\/o3JG67\/aapner-for-politisamarbeid-med-marokko\" data-track-element-type=\"Link\" data-track-id=\"link:o3JG67\" class=\"_link_o9xde_39\" rel=\"nofollow noopener\" target=\"_blank\">intensjonsavtale om politisamarbeid<\/a> med Marokko. <\/p>\n<p class=\"_paragraph_o9xde_4 _paragraph_xtcu6_10 layout-component text-serif-m layout-normal text-serif-m layout-padded\">\u2013 Hvis alt g\u00e5r etter planen h\u00e5per jeg at vi kan inng\u00e5 en bilateral avtale med Marokko som har til form\u00e5l \u00e5 effektivisere samarbeidet og v\u00e6re en d\u00f8r\u00e5pner for v\u00e5re folk som jobber med disse sakene.<\/p>\n<p><img alt=\"Narkotika som politiet knytter til Rahalis nettverk.  Foto: Politiet\" class=\"_image_qp4xg_65 layout-component layout-normal\" data-fullscreen- data-track-element-type=\"Article image fullscreen\" data-track-name=\"ImageFullscreen\" decoding=\"async\" loading=\"lazy\" height=\"936\" itemprop=\"image\"  src=\"https:\/\/www.europesays.com\/no\/wp-content\/uploads\/2025\/11\/ef2c8c57-13cf-437d-aaa2-01bb2d5a6369\"  style=\"object-position:0% 0%\" width=\"686\"\/>Narkotika som politiet knytter til Rahalis nettverk.  Foto: Politiet<\/p>\n<p class=\"_paragraph_o9xde_4 _paragraph_xtcu6_10 layout-component text-serif-m layout-normal text-serif-m layout-padded\">Planen er at avtalen skal undertegnes i l\u00f8pet av den kommende uken, forteller han.<\/p>\n<p>\u2013 Grensel\u00f8s<\/p>\n<p class=\"_paragraph_o9xde_4 _paragraph_xtcu6_10 layout-component text-serif-m layout-normal text-serif-m layout-padded\">I praksis vil en slik avtale bety samarbeid p\u00e5 lavere niv\u00e5 i politisystemet og informasjonsutveksling i enkeltsaker. <\/p>\n<p class=\"_paragraph_o9xde_4 _paragraph_xtcu6_10 layout-component text-serif-m layout-normal text-serif-m layout-padded\">\u2013 Denne avtalen er avgj\u00f8rende for \u00e5 kunne dele informasjon, og for \u00e5 kunne ramme denne virksomheten i Marokko, sier Skulstad.<\/p>\n<p class=\"_paragraph_o9xde_4 _paragraph_xtcu6_10 layout-component text-serif-m layout-normal text-serif-m layout-padded\">Avtalen handler ikke bare om narkotikatrafikk, men ogs\u00e5 blant annet om vold, \u00f8konomisk kriminalitet, menneskehandel og cyberkriminalitet. <\/p>\n<p class=\"_paragraph_o9xde_4 _paragraph_xtcu6_10 layout-component text-serif-m layout-normal text-serif-m layout-padded\">Det vil v\u00e6re Kripos som blir det internasjonale kontaktpunktet med marokkanske myndigheter. Ogs\u00e5 Kripos-sjef Kristin Kvigne skal delta p\u00e5 Interpol-samlingen til uken.<\/p>\n<p class=\"_paragraph_o9xde_4 _paragraph_xtcu6_10 layout-component text-serif-m layout-normal text-serif-m layout-padded\">\u2013 Kriminaliteten er grensel\u00f8s. Da m\u00e5 politiets oppf\u00f8lging ogs\u00e5 v\u00e6re grensel\u00f8s, sier Skulstad.<\/p>\n<p><img alt=\"Foto: Politiet\" class=\"_image_qp4xg_65 layout-component layout-normal\" data-fullscreen- data-track-element-type=\"Article image fullscreen\" data-track-name=\"ImageFullscreen\" decoding=\"async\" loading=\"lazy\" height=\"958\" itemprop=\"image\"  src=\"https:\/\/www.europesays.com\/no\/wp-content\/uploads\/2025\/11\/92a4a6c2-04dd-4a88-a280-fd76679f74ea\"  style=\"object-position:0% 0%\" width=\"726\"\/>Foto: Politiet<\/p>\n<p class=\"_paragraph_o9xde_4 _paragraph_xtcu6_10 layout-component text-serif-m layout-normal text-serif-m layout-padded\">Dersom dobbelt statsborgerskap hindrer Norge \u00e5 f\u00e5 angivelige bakmenn utlevert, kan andre grep tas med denne avtalen. <\/p>\n<p class=\"_paragraph_o9xde_4 _paragraph_xtcu6_10 layout-component text-serif-m layout-normal text-serif-m layout-padded\">\u2013 De kan bli fulgt opp gjennom myndighetene i de landene de har tatt tilhold i. S\u00e5 denne samarbeidsavtalen er et viktig steg for \u00e5 ramme bakmenn som m\u00e5tte v\u00e6re i Marokko, sier Skulstad.<\/p>\n<p class=\"_paragraph_o9xde_4 _paragraph_xtcu6_10 layout-component text-serif-m layout-normal text-serif-m layout-padded\">Han sier at det i tilfeller der personer ikke kan utleveres, s\u00e5 kan det bli aktuelt \u00e5 sende norske straffesaker til Marokko for irettef\u00f8relse der. <\/p>\n<p>\u2013 Stor vilje<\/p>\n<p class=\"_paragraph_o9xde_4 _paragraph_xtcu6_10 layout-component text-serif-m layout-normal text-serif-m layout-padded\">Den siste tiden har Sverige f\u00e5tt utlevert flere sentrale personer tilknyttet kriminelle nettverk, deriblant <a href=\"https:\/\/www.vg.no\/nyheter\/i\/rPBwa0\/gjenglederen-mikael-grekeren-tenzenos-paagrepet-i-mexico-tilbake-i-sverige\" data-track-element-type=\"Link\" data-track-id=\"link:rPBwa0\" class=\"_link_o9xde_39\" rel=\"nofollow noopener\" target=\"_blank\">gjenglederen Mikael \u00abGrekeren\u00bb Tenezos<\/a>.<\/p>\n<p class=\"_paragraph_o9xde_4 _paragraph_xtcu6_10 layout-component text-serif-m layout-normal text-serif-m layout-padded\">\u2013 Vi opplever at det er en stor vilje til samarbeid med de landene vi har kontakt med. Det er f\u00e5 land som \u00f8nsker \u00e5 v\u00e6re trygge havner for denne typen kriminelle, sier Skulstad.<\/p>\n<p class=\"_paragraph_o9xde_4 _paragraph_xtcu6_10 layout-component text-serif-m layout-normal text-serif-m layout-padded\">I tillegg til Marokko, trekkes De forente arabiske emirater, Tyrkia og Colombia frem som viktige land Norge samarbeider med om lignende problemstillinger.<\/p>\n<p class=\"_paragraph_o9xde_4 _paragraph_xtcu6_10 layout-component text-serif-m layout-normal text-serif-m layout-padded\"><a href=\"https:\/\/www.vg.no\/nyheter\/i\/rP015a\/trussel-mot-samfunnet\" data-track-element-type=\"Link\" data-track-id=\"link:rP015a\" class=\"_link_o9xde_39\" rel=\"nofollow noopener\" target=\"_blank\">VG har tidligere skrevet om Yavuz Kasap<\/a> fra Follo, som politiet mener leder et voldelig narkonettverk. Han ble i sommer p\u00e5grepet i Tykia.<\/p>\n<p><img alt=\"Yavuz Kasap.  Foto: Privat\" class=\"_image_qp4xg_65 layout-component layout-normal\" data-fullscreen- data-track-element-type=\"Article image fullscreen\" data-track-name=\"ImageFullscreen\" decoding=\"async\" loading=\"lazy\" height=\"845\" itemprop=\"image\"  src=\"https:\/\/www.europesays.com\/no\/wp-content\/uploads\/2025\/11\/e7f219f8-6ad6-4e6a-b0a9-3f6975342cd7\"  style=\"object-position:0% 0%\" width=\"828\"\/>Yavuz Kasap.  Foto: Privat<\/p>\n<p class=\"_paragraph_o9xde_4 _paragraph_xtcu6_10 layout-component text-serif-m layout-normal text-serif-m layout-padded\">Svenske myndigheter underskrev nylig en intensjonsavtale om politisamarbeid med Marokko. Tidligere denne uken ble en svensk statsborger utlevert fra landet. <\/p>\n<p class=\"_paragraph_o9xde_4 _paragraph_xtcu6_10 layout-component text-serif-m layout-normal text-serif-m layout-padded\">Jonas Hemmar, sjefen for den internasjonale enheten i svensk politi, opplyser til VG at denne mannen hadde svensk og chilensk statsborgerskap. <\/p>\n<p>    <img decoding=\"async\" alt=\"Tips oss illustrasjon\" src=\"https:\/\/www.europesays.com\/no\/wp-content\/uploads\/2025\/10\/pssst-small.webp.webp\"\/>    <\/p>\n<p class=\"title-serif-s\">Har du tips?<\/p>\n<p class=\"text-sans-m\">Send oss informasjon, bilder eller video.<\/p>\n<p>  <a href=\"https:\/\/www.vg.no\/tips-oss\" rel=\"nofollow noopener\" target=\"_blank\"> Tips oss <\/a>      <\/p>\n","protected":false},"excerpt":{"rendered":"Politidirekt\u00f8r H\u00e5kon Skulstad reiser til Marokko for \u00e5 samarbeide om \u00e5 ta bakmennene i narkonettverk. M\u00e5let er \u00e5&hellip;\n","protected":false},"author":2,"featured_media":93867,"comment_status":"","ping_status":"","sticky":false,"template":"","format":"standard","meta":{"footnotes":""},"categories":[12],"tags":[20,21,24,25,15,22,23,5882,212,13,30,28,29,14,16,26,27,42,3739,43,44,45,11852],"class_list":{"0":"post-93866","1":"post","2":"type-post","3":"status-publish","4":"format-standard","5":"has-post-thumbnail","7":"category-verden","8":"tag-breaking-news","9":"tag-breakingnews","10":"tag-featured-news","11":"tag-featurednews","12":"tag-headlines","13":"tag-latest-news","14":"tag-latestnews","15":"tag-marokko","16":"tag-narkotika","17":"tag-news","18":"tag-no","19":"tag-norge","20":"tag-norway","21":"tag-nyheter","22":"tag-overskrifter","23":"tag-top-stories","24":"tag-topstories","25":"tag-verden","26":"tag-vgkrimgruppa","27":"tag-world","28":"tag-world-news","29":"tag-worldnews","30":"tag-zakariya-rahali"},"share_on_mastodon":{"url":"https:\/\/pubeurope.com\/@no\/115594148446670087","error":""},"_links":{"self":[{"href":"https:\/\/www.europesays.com\/no\/wp-json\/wp\/v2\/posts\/93866","targetHints":{"allow":["GET"]}}],"collection":[{"href":"https:\/\/www.europesays.com\/no\/wp-json\/wp\/v2\/posts"}],"about":[{"href":"https:\/\/www.europesays.com\/no\/wp-json\/wp\/v2\/types\/post"}],"author":[{"embeddable":true,"href":"https:\/\/www.europesays.com\/no\/wp-json\/wp\/v2\/users\/2"}],"replies":[{"embeddable":true,"href":"https:\/\/www.europesays.com\/no\/wp-json\/wp\/v2\/comments?post=93866"}],"version-history":[{"count":0,"href":"https:\/\/www.europesays.com\/no\/wp-json\/wp\/v2\/posts\/93866\/revisions"}],"wp:featuredmedia":[{"embeddable":true,"href":"https:\/\/www.europesays.com\/no\/wp-json\/wp\/v2\/media\/93867"}],"wp:attachment":[{"href":"https:\/\/www.europesays.com\/no\/wp-json\/wp\/v2\/media?parent=93866"}],"wp:term":[{"taxonomy":"category","embeddable":true,"href":"https:\/\/www.europesays.com\/no\/wp-json\/wp\/v2\/categories?post=93866"},{"taxonomy":"post_tag","embeddable":true,"href":"https:\/\/www.europesays.com\/no\/wp-json\/wp\/v2\/tags?post=93866"}],"curies":[{"name":"wp","href":"https:\/\/api.w.org\/{rel}","templated":true}]}}