{"id":93868,"date":"2025-11-22T15:51:13","date_gmt":"2025-11-22T15:51:13","guid":{"rendered":"https:\/\/www.europesays.com\/no\/93868\/"},"modified":"2025-11-22T15:51:13","modified_gmt":"2025-11-22T15:51:13","slug":"vaer-halke-meteorologene-kommer-med-kraftig-advarsel-det-kan-vaere-vanskelige-kjoreforhold","status":"publish","type":"post","link":"https:\/\/www.europesays.com\/no\/93868\/","title":{"rendered":"V\u00e6r, H\u00e5lke | Meteorologene kommer med kraftig advarsel: \u2013 Det kan v\u00e6re vanskelige kj\u00f8reforhold"},"content":{"rendered":"\n<p>Meteorologisk institutt varsler at det vil v\u00e6re fare for at nedb\u00f8ren vil fryse til is p\u00e5 kald bakke.<\/p>\n<p>Farevarselet gjelder for store deler av \u00d8stlandet, inkludert store deler av Hadeland.<\/p>\n<p>Lokalt vanskelige kj\u00f8reforhold<\/p>\n<p>Varslet gjelder for l\u00f8rdag kveld, og det kan v\u00e6re lokalt vanskelige kj\u00f8reforhold.<\/p>\n<p>\u2013 Transporttjenester kan ogs\u00e5 bli p\u00e5virket, skriver Meteorologisk institutt i varselet.<\/p>\n<p>De oppfordrer alle til \u00e5 beregne ekstra tid til transport og kj\u00f8ring.<\/p>\n<p>\u2013 Bruk riktige dekk og kj\u00f8r etter forholdene.<\/p>\n<p>Meteorologene oppfordrer fotgjengere til \u00e5 vurdere bruk av brodder og piggsko.<\/p>\n<p>\u2013 V\u00e6r oppmerksom p\u00e5 at isen kan v\u00e6re vanskelig \u00e5 se, skriver de.<\/p>\n<p>Faren \u00f8ker p\u00e5 fra 18-tida l\u00f8rdag kveld og varer gjennom det kommende d\u00f8gnet.<\/p>\n<p>   <img decoding=\"async\" width=\"4032\" height=\"3024\" fetchpriority=\"low\"  loading=\"lazy\"  src=\"https:\/\/www.europesays.com\/no\/wp-content\/uploads\/2025\/11\/5_21_1206346+IMG_9539.JPG\" alt=\"\" class=\"brick-c-cFOWSL\" style=\"--brick-image-ratio: 4032 \/ 3024;\"\/><\/p>\n<p>      BRODDER: Meteorologen anbefaler at man bruker brodder eller piggsko skal man ferdes ute l\u00f8rdag kveld.<br \/>\n      Foto: J\u00f8rgen Berge, Nettavisen (Illustrasjonsfoto)\n    <\/p>\n<p>  <a href=\"https:\/\/www.hadeland.no\/5-21-1424212\" class=\"related-teaser has-image default-story-teaser article--c-eRUmMG article--c-eRUmMG-jKCPdD-design-default\" rel=\"nofollow noopener\" target=\"_blank\"><\/p>\n<p>    <img decoding=\"async\" loading=\"lazy\"  src=\"https:\/\/www.europesays.com\/no\/wp-content\/uploads\/2025\/11\/5_21_941295+27NYH_01+01+DSC_0049.jpg\" alt=\"\" class=\"brick-c-cFOWSL\" style=\"\"\/><\/p>\n<p>\n            Les ogs\u00e5<\/p>\n<p>              Ingen sn\u00f8 i vente enn s\u00e5 lenge: \u2013 Ikke de store mengdene framover\n        <\/p>\n<p>  <\/a><br \/>\n  Regn som fryser til is<\/p>\n<p>Det er meldt nedb\u00f8r flere steder, og Meteorologisk institutt varsler fare for at dette kan fryse p\u00e5 kald bakke.<\/p>\n<p>\u2013 Det kan v\u00e6re vanskelige kj\u00f8reforhold og fare for h\u00e5lke, s\u00e5 beveg deg etter forholdene, skriver de.<\/p>\n<p>   <img decoding=\"async\" width=\"5472\" height=\"3648\" fetchpriority=\"low\"  loading=\"lazy\"  src=\"https:\/\/www.europesays.com\/no\/wp-content\/uploads\/2025\/11\/5_21_1172130+NTB_HLtlE02iOdY.jpg\" alt=\"\" class=\"brick-c-cFOWSL\" style=\"--brick-image-ratio: 5472 \/ 3648;\"\/><\/p>\n<p>      H\u00c5LKE: Det er fare for speilblank h\u00e5lke l\u00f8rdag kveld da nedb\u00f8r som kommer som regn kan fryse p\u00e5 kald bakke.<br \/>\n      Foto: Terje Pedersen, NTB (Illustrasjonsfoto)\n    <\/p>\n<p>Meteorologene advarer bilister om \u00e5 ta forholdsregler om de skal ferdes i trafikken denne helgen.<\/p>\n<p>P\u00e5 s\u00f8ndag fortsetter mildv\u00e6ret og regnet, men utover i neste uke er det ventet at minusgradene kommer tilbake.<\/p>\n<p>Glatte veger flere steder<\/p>\n<p>Det meldes om glatte veger flere steder allerede l\u00f8rdag morgen, <a rel=\"Follow nofollow noopener\" href=\"https:\/\/www.oa.no\/slik-ser-det-ut-pa-veiene-na\/s\/5-35-2190667\" target=\"_blank\">skriver Oppland Arbeiderblad. <\/a><\/p>\n<p>Fredag kveld kj\u00f8rte en ung sj\u00e5f\u00f8r av vegen langs fylkesveg 33 i S\u00f8ndre Land. Han foretok en unnaman\u00f8ver for \u00e5 ikke treffe en elg i vegbanen \u2013 og endte i gr\u00f8fta. Politiet opplyste at det var glatt p\u00e5 stedet.<\/p>\n<p><a rel=\"Follow nofollow noopener\" href=\"https:\/\/www.hadeland.no\/kvinne-kjorte-inn-i-husvegg-det-var-glatt-men-det-var-ikke-arsaken\/s\/5-21-1424815\" target=\"_blank\">L\u00f8rdag morgen<\/a> kr\u00e6sjet en ung kvinne inn i en veranda p\u00e5 Jevnaker. Selv om dette ikke skal ha for\u00e5rsaket ulykken, melder politiet til Ringerikes Blad at det var glatt p\u00e5 stedet.<\/p>\n<p><b>Slik ser det ut p\u00e5 vegene n\u00e5: <\/b><\/p>\n<p>S\u00e5nn blir v\u00e6ret p\u00e5 Hadeland framover:<\/p>\n","protected":false},"excerpt":{"rendered":"Meteorologisk institutt varsler at det vil v\u00e6re fare for at nedb\u00f8ren vil fryse til is p\u00e5 kald bakke.&hellip;\n","protected":false},"author":2,"featured_media":93869,"comment_status":"","ping_status":"","sticky":false,"template":"","format":"standard","meta":{"footnotes":""},"categories":[10],"tags":[36,5563,20,21,24,25,1973,12191,12190,4160,15,12192,1972,22,23,1974,1202,13,30,28,29,14,16,1949,1510,26,27,224,553],"class_list":{"0":"post-93868","1":"post","2":"type-post","3":"status-publish","4":"format-standard","5":"has-post-thumbnail","7":"category-norge","8":"tag-art","9":"tag-brandbu","10":"tag-breaking-news","11":"tag-breakingnews","12":"tag-featured-news","13":"tag-featurednews","14":"tag-gran","15":"tag-grua","16":"tag-halke","17":"tag-harestua","18":"tag-headlines","19":"tag-jaren","20":"tag-jevnaker","21":"tag-latest-news","22":"tag-latestnews","23":"tag-lunner","24":"tag-meteorologisk-institutt","25":"tag-news","26":"tag-no","27":"tag-norge","28":"tag-norway","29":"tag-nyheter","30":"tag-overskrifter","31":"tag-roa","32":"tag-story","33":"tag-top-stories","34":"tag-topstories","35":"tag-trafikk","36":"tag-vaer"},"share_on_mastodon":{"url":"https:\/\/pubeurope.com\/@no\/115594152339799502","error":""},"_links":{"self":[{"href":"https:\/\/www.europesays.com\/no\/wp-json\/wp\/v2\/posts\/93868","targetHints":{"allow":["GET"]}}],"collection":[{"href":"https:\/\/www.europesays.com\/no\/wp-json\/wp\/v2\/posts"}],"about":[{"href":"https:\/\/www.europesays.com\/no\/wp-json\/wp\/v2\/types\/post"}],"author":[{"embeddable":true,"href":"https:\/\/www.europesays.com\/no\/wp-json\/wp\/v2\/users\/2"}],"replies":[{"embeddable":true,"href":"https:\/\/www.europesays.com\/no\/wp-json\/wp\/v2\/comments?post=93868"}],"version-history":[{"count":0,"href":"https:\/\/www.europesays.com\/no\/wp-json\/wp\/v2\/posts\/93868\/revisions"}],"wp:featuredmedia":[{"embeddable":true,"href":"https:\/\/www.europesays.com\/no\/wp-json\/wp\/v2\/media\/93869"}],"wp:attachment":[{"href":"https:\/\/www.europesays.com\/no\/wp-json\/wp\/v2\/media?parent=93868"}],"wp:term":[{"taxonomy":"category","embeddable":true,"href":"https:\/\/www.europesays.com\/no\/wp-json\/wp\/v2\/categories?post=93868"},{"taxonomy":"post_tag","embeddable":true,"href":"https:\/\/www.europesays.com\/no\/wp-json\/wp\/v2\/tags?post=93868"}],"curies":[{"name":"wp","href":"https:\/\/api.w.org\/{rel}","templated":true}]}}