{"id":93870,"date":"2025-11-22T15:52:13","date_gmt":"2025-11-22T15:52:13","guid":{"rendered":"https:\/\/www.europesays.com\/no\/93870\/"},"modified":"2025-11-22T15:52:13","modified_gmt":"2025-11-22T15:52:13","slug":"tromso-holder-liv-i-bronsedrommen-etter-1-0-seier-mot-rbk-klatret-forbi-brann-pa-tabellen","status":"publish","type":"post","link":"https:\/\/www.europesays.com\/no\/93870\/","title":{"rendered":"Troms\u00f8 holder liv i bronsedr\u00f8mmen etter 1\u20130-seier mot RBK \u2013 klatret forbi Brann p\u00e5 tabellen"},"content":{"rendered":"\n<p class=\"_lead_o9xde_2 _lead_xtcu6_50 layout-component text-serif-m layout-normal text-serif-l layout-component layout-wide layout-padded _wide_17hqh_1 layout-padded\">En svak pasning fra lillebror Ulrik Ytterg\u00e5rd Jenssen (29) ble utnyttet til fulle av storebror Ruben (37) og Troms\u00f8 \u2013 som sikret tre sv\u00e6rt viktige poeng i medaljestriden.<\/p>\n<ul class=\"_gallery_1qa3s_23\" tabindex=\"0\">\n<li class=\"_item_1qa3s_37\" data-index=\"0\"><img fetchpriority=\"high\" decoding=\"async\" class=\"_image_foru8_23 _introGallery_foru8_43\" data-fullscreen- width=\"4453\" height=\"2969\" itemprop=\"image\" loading=\"eager\"  src=\"https:\/\/www.europesays.com\/no\/wp-content\/uploads\/2025\/11\/e246fe9a-44ec-4c29-8461-298d13897299\"  style=\"object-position:50% 50%;aspect-ratio:var(--gallery-aspect-ratio, 16 \/ 9)\"\/>Foto: Rune Stoltz Bertinussen \/ NTB<\/li>\n<li class=\"_item_1qa3s_37\" data-index=\"1\"><img decoding=\"async\" class=\"_image_foru8_23 _introGallery_foru8_43\" data-fullscreen- width=\"5186\" height=\"3458\" itemprop=\"image\" loading=\"lazy\"  src=\"https:\/\/www.europesays.com\/no\/wp-content\/uploads\/2025\/11\/1eb7008e-3eb4-4daf-ad6a-ae1a6552a040\"  style=\"object-position:50% 50%;aspect-ratio:var(--gallery-aspect-ratio, 16 \/ 9)\"\/>RBK-stopper H\u00e5kon Volden m\u00e5tte fortvilet se Ruben Ytterg\u00e5rd Jenssen sende hjemmelaget i ledelsen. Foto: Rune Stoltz Bertinussen \/ NTB<\/li>\n<li class=\"_item_1qa3s_37\" data-index=\"2\"><img decoding=\"async\" class=\"_image_foru8_23 _introGallery_foru8_43\" data-fullscreen- width=\"4971\" height=\"3314\" itemprop=\"image\" loading=\"lazy\"  src=\"https:\/\/www.europesays.com\/no\/wp-content\/uploads\/2025\/11\/331c9ed2-8d44-42cd-92fd-c699f776a397\"  style=\"object-position:50% 50%;aspect-ratio:var(--gallery-aspect-ratio, 16 \/ 9)\"\/>Foto: Rune Stoltz Bertinussen \/ NTB<\/li>\n<\/ul>\n<p>Foto: Rune Stoltz Bertinussen \/ NTB<\/p>\n<ul aria-hidden=\"true\" class=\"_images_18f0k_111\">\n<li><a class=\"_link_18f0k_116\" href=\"https:\/\/www.vg.no\/forfatter\/sindre-espe\" style=\"z-index:1\" title=\"Sindre Espe\" rel=\"nofollow noopener\" target=\"_blank\"><img alt=\"Bilde av Sindre Espe\" class=\"_image_18f0k_93\" fetchpriority=\"low\" loading=\"lazy\" decoding=\"async\" itemprop=\"image\"  src=\"https:\/\/www.europesays.com\/no\/wp-content\/uploads\/2025\/11\/1763826730_621_5d41d29b-af5f-421d-80e6-42e6d80fe76e\"  width=\"480\"\/><\/a><\/li>\n<\/ul>\n<p> Oppdatert l\u00f8rdag 22. november kl. 16:22    <\/p>\n<ul class=\"_list_o9xde_3 _list_64s2r_85 _unordered_o9xde_106 text-sans-m\">\n<li class=\"_item_o9xde_30\">En svak pasning fra Ulrik Ytterg\u00e5rd Jenssen ledet til at storebror Ruben scoret kampens eneste m\u00e5l for Troms\u00f8.<\/li>\n<li class=\"_item_o9xde_30\">Troms\u00f8 tok tre viktige poeng i medaljestriden med en 1-0-seier over Rosenborg.<\/li>\n<li class=\"_item_o9xde_30\">Ruben Ytterg\u00e5rd Jenssen benyttet seiersintervjuet til \u00e5 hylle sine avtroppende lagkamerater.<\/li>\n<li class=\"_item_o9xde_30\">Troms\u00f8 har n\u00e5 klatret forbi Brann p\u00e5 tabellen, i hvert fall midlertidig.<\/li>\n<\/ul>\n<p>Vis mer <\/p>\n<p class=\"_paragraph_o9xde_4 _paragraph_xtcu6_10 layout-component text-serif-m layout-normal text-serif-m layout-padded\">Bronsejagende Troms\u00f8 fikk en dr\u00f8mmestart p\u00e5 Romssa Arena, som l\u00e5 kledd i vakre, vinterlige omgivelser.<\/p>\n<p class=\"_paragraph_o9xde_4 _paragraph_xtcu6_10 layout-component text-serif-m layout-normal text-serif-m layout-padded\">Rosenborgs Ulrik Ytterg\u00e5rd Jenssen slo en svak pasning som ble snappet opp av Vegard Erlien. Troms\u00f8 satte umiddelbart fart fremover, og Ieltsin Cam\u00f5es tredde gjennom Ruben Ytterg\u00e5rd Jenssen. <\/p>\n<p class=\"_paragraph_o9xde_4 _paragraph_xtcu6_10 layout-component text-serif-m layout-normal text-serif-m layout-padded\">Med lillebror Ulrik og H\u00e5kon Volden jagende bak seg, tuppet Ruben Ytterg\u00e5rd Jenssen ballen kontrollert i det lengste hj\u00f8rnet bak RBK-keeper Sander Tangvik.<\/p>\n<p class=\"_paragraph_o9xde_4 _paragraph_xtcu6_10 layout-component text-serif-m layout-normal text-serif-m layout-padded\">Troms\u00f8 \u00f8nsket Rosenborg velkommen til kamp p\u00e5 denne m\u00e5ten:<\/p>\n<p class=\"_paragraph_o9xde_4 _paragraph_xtcu6_10 layout-component text-serif-m layout-normal text-serif-m layout-padded\">Dommer Ola Hobber Nilsen la til hele 13 minutter, men Rosenborg klarte ikke \u00e5 finne veien til nettmaskene. I stedet var det hjemmelaget og Lars Olden Larsen som fikk en gedigen mulighet p\u00e5 kontring \u2013 men Sander Tangvik reddet mesterlig.<\/p>\n<p class=\"_paragraph_o9xde_4 _paragraph_xtcu6_10 layout-component text-serif-m layout-normal text-serif-m layout-padded\">Ruben Ytterg\u00e5rd Jenssens scoring ble kampens eneste, og Troms\u00f8 sikret dermed 1\u20130-seier og tre viktige poeng.<\/p>\n<p class=\"_paragraph_o9xde_4 _paragraph_xtcu6_10 layout-component text-serif-m layout-normal text-serif-m layout-padded\">37-\u00e5ringen benyttet seiersintervjuet med TV 2 til \u00e5 hylle fire lagkamerater som alle spilte sin siste hjemmekamp. <\/p>\n<p class=\"_paragraph_o9xde_4 _paragraph_xtcu6_10 layout-component text-serif-m layout-normal text-serif-m layout-padded\">\u2013 Vi har fire gutter n\u00e5 som ikke blir med til neste \u00e5r som har gjort en sinnssyk god jobb for klubben i mange \u00e5r. Det er en fantastisk gjeng, og i minus ti grader stiller folk opp &#8230; jeg blir r\u00f8rt, sier han mens det ble skutt opp fyrverkeri utenfor stadion.  <\/p>\n<ul class=\"_gallery_1qa3s_23\" tabindex=\"0\">\n<li class=\"_item_1qa3s_37\" data-index=\"0\"><img decoding=\"async\" class=\"_image_foru8_23 _articleGallery_foru8_39\" data-fullscreen- width=\"4392\" height=\"2928\" itemprop=\"image\" loading=\"lazy\"  src=\"https:\/\/www.europesays.com\/no\/wp-content\/uploads\/2025\/11\/c33f61d0-7702-43f2-abe0-873e07a0c2b6\"  style=\"object-position:50% 50%;aspect-ratio:var(--gallery-aspect-ratio, 16 \/ 9)\"\/>Foto: Rune Stoltz Bertinussen \/ NTB<\/li>\n<li class=\"_item_1qa3s_37\" data-index=\"1\"><img decoding=\"async\" class=\"_image_foru8_23 _articleGallery_foru8_39\" data-fullscreen- width=\"4968\" height=\"3313\" itemprop=\"image\" loading=\"lazy\"  src=\"https:\/\/www.europesays.com\/no\/wp-content\/uploads\/2025\/11\/5c708afd-a2f9-4a90-b94f-d874014250b1\"  style=\"object-position:50% 50%;aspect-ratio:var(--gallery-aspect-ratio, 16 \/ 9)\"\/>Foto: Rune Stoltz Bertinussen \/ NTB<\/li>\n<li class=\"_item_1qa3s_37\" data-index=\"2\"><img decoding=\"async\" class=\"_image_foru8_23 _articleGallery_foru8_39\" data-fullscreen- width=\"5300\" height=\"3533\" itemprop=\"image\" loading=\"lazy\"  src=\"https:\/\/www.europesays.com\/no\/wp-content\/uploads\/2025\/11\/a7aa9b8e-91d9-4661-bec8-1b388a29ba7a\"  style=\"object-position:50% 50%;aspect-ratio:var(--gallery-aspect-ratio, 16 \/ 9)\"\/>Foto: Rune Stoltz Bertinussen \/ NTB<\/li>\n<li class=\"_item_1qa3s_37\" data-index=\"3\"><img decoding=\"async\" class=\"_image_foru8_23 _articleGallery_foru8_39\" data-fullscreen- width=\"3807\" height=\"2538\" itemprop=\"image\" loading=\"lazy\"  src=\"https:\/\/www.europesays.com\/no\/wp-content\/uploads\/2025\/11\/77f90191-7d50-4c26-8216-6942b1ba7f5d\"  style=\"object-position:50% 50%;aspect-ratio:var(--gallery-aspect-ratio, 16 \/ 9)\"\/>Foto: Rune Stoltz Bertinussen \/ NTB<\/li>\n<\/ul>\n<p>Foto: Rune Stoltz Bertinussen \/ NTB<\/p>\n<p class=\"_paragraph_o9xde_4 _paragraph_xtcu6_10 layout-component text-serif-m layout-normal text-serif-m layout-padded\">F\u00f8r kampen ble Vegard Erlien, Anders Finfjord Jenssen, Simon Thomas og Ruben Kristiansen takket av av hjemmepublikummet.<\/p>\n<p class=\"_paragraph_o9xde_4 _paragraph_xtcu6_10 layout-component text-serif-m layout-normal text-serif-m layout-padded\">\u2013 Det var fantastisk. Vi gj\u00f8r en supersterk jobb her og vinner fortjent, oppsummerer Troms\u00f8-trener J\u00f8rgen Vik til TV 2. <\/p>\n<p class=\"_paragraph_o9xde_4 _paragraph_xtcu6_10 layout-component text-serif-m layout-normal text-serif-m layout-padded\">Da den nest siste serierunden ble sparket i gang, l\u00e5 Troms\u00f8 to poeng bak Brann og tredjeplassen.<\/p>\n<p class=\"_paragraph_o9xde_4 _paragraph_xtcu6_10 layout-component text-serif-m layout-normal text-serif-m layout-padded\">Med \u00e9n kamp mer spilt har de n\u00e5 \u2013 i alle fall for ettermiddagen \u2013 klatret forbi Bergenserne p\u00e5 tabellen.<\/p>\n<p class=\"_paragraph_o9xde_4 _paragraph_xtcu6_10 layout-component text-serif-m layout-normal text-serif-m layout-padded\">\u2013 Vi har ikke hendene p\u00e5 rattet p\u00e5 det. Vi f\u00e5r se, vi har \u00e9n kamp igjen og skal kj\u00f8re p\u00e5 i den ogs\u00e5, sier Vik om bronsekampen. <\/p>\n<p class=\"_paragraph_o9xde_4 _paragraph_xtcu6_10 layout-component text-serif-m layout-normal text-serif-m layout-padded\">\u2013 Det er deilig \u00e5 sette litt press p\u00e5 Brann p\u00e5 slutten her, sier Ruben Kristiansen til TV 2 etter sin siste hjemmekamp. <\/p>\n<p class=\"_paragraph_o9xde_4 _paragraph_xtcu6_10 layout-component text-serif-m layout-normal text-serif-m layout-padded\">Kristiansen kunne ikke avsl\u00f8re om han fortsetter karrieren som spiller, eller om han pr\u00f8ver seg som trener fremover. <\/p>\n<p class=\"_paragraph_o9xde_4 _paragraph_xtcu6_10 layout-component text-serif-m layout-normal text-serif-m layout-padded\">\u2013 Jeg er evig takknemlig for det jeg har opplevd med klubben og supporterne, oppsummerer en gr\u00e5tkvalt Vegard Erlien til TV 2. <\/p>\n<ul class=\"_list_o9xde_3 _list_xtcu6_9 _unordered_o9xde_106 layout-component text-serif-m layout-normal text-serif-m layout-padded\">\n<li class=\"_item_o9xde_30\">Brann m\u00f8ter Molde p\u00e5 bortebane senere l\u00f8rdag, kl. 18. Kampen sendes p\u00e5 TV 2 Sport 1 \/ TV 2 Play, og kan f\u00f8lges i <a href=\"https:\/\/vglive.vg.no\/fotball\/molde-brann\/723948\/rapport\" class=\"_link_o9xde_39\" rel=\"nofollow noopener\" target=\"_blank\">VG Live<\/a>.<\/li>\n<\/ul>\n<p class=\"_paragraph_o9xde_4 _paragraph_xtcu6_10 layout-component text-serif-m layout-normal text-serif-m layout-padded\">Rosenborg hadde lite \u00e5 spille for, da muligheten for europaspill allerede var ute av bildet. <\/p>\n<p class=\"_paragraph_o9xde_4 _paragraph_xtcu6_10 layout-component text-serif-m layout-normal text-serif-m layout-padded\">\u2013 Jeg synes Troms\u00f8 er bedre enn oss i dag. Jeg synes ikke at det g\u00e5r an \u00e5 sette finger p\u00e5 arbeidsinnsatsen v\u00e5r. Vi pr\u00f8ver \u00e5 spille p\u00e5 v\u00e5r m\u00e5te \u2013 noe vi har pratet mye om i det siste. Vi har positive perioder, men vi har ikke kvalitet nok i spillet v\u00e5rt til \u00e5 vinne en s\u00e5nn kamp, sier Rosenborg-trener Alfred Johansson til TV 2. <\/p>\n<p class=\"_paragraph_o9xde_4 _paragraph_xtcu6_10 layout-component text-serif-m layout-normal text-serif-m layout-padded\">Tr\u00f8nderne hadde ingen avslutninger p\u00e5 m\u00e5l:<\/p>\n<p><img alt=\"\" class=\"_image_qp4xg_65 layout-component layout-normal\" data-fullscreen- data-track-element-type=\"Article image fullscreen\" data-track-name=\"ImageFullscreen\" decoding=\"async\" loading=\"lazy\" height=\"2560\" itemprop=\"image\"  src=\"https:\/\/www.europesays.com\/no\/wp-content\/uploads\/2025\/11\/cb7f99f1-06f4-4125-91e8-74372b54d13e\"  style=\"object-position:0% 0%\" width=\"2048\"\/><\/p>\n<p class=\"_paragraph_o9xde_4 _paragraph_xtcu6_10 layout-component text-serif-m layout-normal text-serif-m layout-padded\"><strong class=\"_strong_o9xde_25\">Grafikk:<\/strong> <a href=\"https:\/\/www.sofascore.com\/football\/match\/rosenborg-bk-tromso-il\/knsly#id:13265923?utm_source=vg.no&amp;utm_medium=FootballMatchStats\" class=\"_link_o9xde_39\" rel=\"nofollow noopener\" target=\"_blank\">Sofascore.com<\/a><\/p>\n<p class=\"_paragraph_o9xde_4 _paragraph_xtcu6_10 layout-component text-serif-m layout-normal text-serif-m layout-padded\">Rosenborg avslutter sesongen mot nedrykksklare Str\u00f8msgodset, mens Troms\u00f8 m\u00f8ter Kristiansund p\u00e5 bortebane i siste serierunde.<\/p>\n<p>Eliteserien, runde 29 av 30<\/p>\n<p class=\"_paragraph_o9xde_4 _paragraph_xtcu6_10 _paragraph_16v91_10 layout-component text-serif-m layout-normal text-sans-m layout-padded\">Fredag 21. november: <\/p>\n<ul class=\"_list_o9xde_3 _list_xtcu6_9 _list_16v91_9 _unordered_o9xde_106 layout-component text-serif-m layout-normal text-sans-m layout-padded\">\n<li class=\"_item_o9xde_30\"><a href=\"https:\/\/www.vg.no\/sport\/i\/pBgM2o\/glimt-sikret-livsviktig-seier-paa-overtid\" data-track-element-type=\"Link\" data-track-id=\"link:pBgM2o\" class=\"_link_o9xde_39\" rel=\"nofollow noopener\" target=\"_blank\">KFUM Oslo \u2013 Bod\u00f8\/Glimt 1\u20132<\/a><\/li>\n<\/ul>\n<p class=\"_paragraph_o9xde_4 _paragraph_xtcu6_10 _paragraph_16v91_10 layout-component text-serif-m layout-normal text-sans-m layout-padded\">L\u00f8rdag 22. november:<\/p>\n<ul class=\"_list_o9xde_3 _list_xtcu6_9 _list_16v91_9 _unordered_o9xde_106 layout-component text-serif-m layout-normal text-sans-m layout-padded\">\n<li class=\"_item_o9xde_30\">Kl. 14: Troms\u00f8 \u2013 Rosenborg 1\u20130<\/li>\n<li class=\"_item_o9xde_30\">Kl. 16: V\u00e5lerenga \u2013 Kristiansund <\/li>\n<li class=\"_item_o9xde_30\">Kl. 18: Molde \u2013 Brann<\/li>\n<li class=\"_item_o9xde_30\">Kl. 18: Str\u00f8msgodset \u2013 Sandefjord <\/li>\n<\/ul>\n<p class=\"_paragraph_o9xde_4 _paragraph_xtcu6_10 _paragraph_16v91_10 layout-component text-serif-m layout-normal text-sans-m layout-padded\">S\u00f8ndag 23. november: <\/p>\n<ul class=\"_list_o9xde_3 _list_xtcu6_9 _list_16v91_9 _unordered_o9xde_106 layout-component text-serif-m layout-normal text-sans-m layout-padded\">\n<li class=\"_item_o9xde_30\">Kl. 14.30: Bryne \u2013 Sarpsborg 08<\/li>\n<li class=\"_item_o9xde_30\">Kl. 14.30: HamKam \u2013 Haugesund<\/li>\n<li class=\"_item_o9xde_30\">Kl. 19.15: Fredrikstad \u2013 Viking <\/li>\n<\/ul>\n<p class=\"_paragraph_o9xde_4 _paragraph_xtcu6_10 _paragraph_16v91_10 layout-component text-serif-m layout-normal text-sans-m layout-padded\">Siste serierunde spilles neste s\u00f8ndag, 30. november. Da starter alle kampene samtidig, kl. 17.00. <\/p>\n<p>Vis mer    <\/p>\n","protected":false},"excerpt":{"rendered":"En svak pasning fra lillebror Ulrik Ytterg\u00e5rd Jenssen (29) ble utnyttet til fulle av storebror Ruben (37) og&hellip;\n","protected":false},"author":2,"featured_media":93871,"comment_status":"","ping_status":"","sticky":false,"template":"","format":"standard","meta":{"footnotes":""},"categories":[5],"tags":[20,21,134,24,25,15,19,22,23,17,18,13,30,28,29,14,16,162,12195,12193,26,27,472,12194,6575],"class_list":{"0":"post-93870","1":"post","2":"type-post","3":"status-publish","4":"format-standard","5":"has-post-thumbnail","7":"category-overskrifter","8":"tag-breaking-news","9":"tag-breakingnews","10":"tag-eliteserien","11":"tag-featured-news","12":"tag-featurednews","13":"tag-headlines","14":"tag-hovedoppslag","15":"tag-latest-news","16":"tag-latestnews","17":"tag-main-news","18":"tag-mainnews","19":"tag-news","20":"tag-no","21":"tag-norge","22":"tag-norway","23":"tag-nyheter","24":"tag-overskrifter","25":"tag-rosenborg-bk","26":"tag-ruben-kristiansen","27":"tag-ruben-yttergard-jenssen","28":"tag-top-stories","29":"tag-topstories","30":"tag-tromso-il","31":"tag-ulrik-yttergard-jenssen","32":"tag-vegard-erlien"},"share_on_mastodon":{"url":"https:\/\/pubeurope.com\/@no\/115594156240606688","error":""},"_links":{"self":[{"href":"https:\/\/www.europesays.com\/no\/wp-json\/wp\/v2\/posts\/93870","targetHints":{"allow":["GET"]}}],"collection":[{"href":"https:\/\/www.europesays.com\/no\/wp-json\/wp\/v2\/posts"}],"about":[{"href":"https:\/\/www.europesays.com\/no\/wp-json\/wp\/v2\/types\/post"}],"author":[{"embeddable":true,"href":"https:\/\/www.europesays.com\/no\/wp-json\/wp\/v2\/users\/2"}],"replies":[{"embeddable":true,"href":"https:\/\/www.europesays.com\/no\/wp-json\/wp\/v2\/comments?post=93870"}],"version-history":[{"count":0,"href":"https:\/\/www.europesays.com\/no\/wp-json\/wp\/v2\/posts\/93870\/revisions"}],"wp:featuredmedia":[{"embeddable":true,"href":"https:\/\/www.europesays.com\/no\/wp-json\/wp\/v2\/media\/93871"}],"wp:attachment":[{"href":"https:\/\/www.europesays.com\/no\/wp-json\/wp\/v2\/media?parent=93870"}],"wp:term":[{"taxonomy":"category","embeddable":true,"href":"https:\/\/www.europesays.com\/no\/wp-json\/wp\/v2\/categories?post=93870"},{"taxonomy":"post_tag","embeddable":true,"href":"https:\/\/www.europesays.com\/no\/wp-json\/wp\/v2\/tags?post=93870"}],"curies":[{"name":"wp","href":"https:\/\/api.w.org\/{rel}","templated":true}]}}