{"id":93894,"date":"2025-11-22T16:20:19","date_gmt":"2025-11-22T16:20:19","guid":{"rendered":"https:\/\/www.europesays.com\/no\/93894\/"},"modified":"2025-11-22T16:20:19","modified_gmt":"2025-11-22T16:20:19","slug":"buss-med-56-passasjerer-har-veltet-i-sverige-nrk-urix-utenriksnyheter-og-dokumentarer","status":"publish","type":"post","link":"https:\/\/www.europesays.com\/no\/93894\/","title":{"rendered":"Buss med 56 passasjerer har veltet i Sverige \u2013 NRK Urix \u2013 Utenriksnyheter og -dokumentarer"},"content":{"rendered":"<p>Like f\u00f8r klokken 09.00 veltet en buss p\u00e5 E45 i V\u00e4sterbotten i Sverige. Bussen ble liggende p\u00e5 siden i en gr\u00f8ft.<\/p>\n<p>If\u00f8lge de siste meldingene var det 56 passasjerer i bussen da ulykken skjedde.<\/p>\n<p><strong><a href=\"https:\/\/www.universitetsavisa.no\/ekstremvaer-erasmus-student-network-ntnu\/buss-med-ntnu-studenter-kjorte-av-veien-i-sverige\/444113\" ec-id=\"https:\/\/www.universitetsavisa.no\/ekstremvaer-erasmus-student-network-ntnu\/buss-med-ntnu-studenter-kjorte-av-veien-i-sverige\/444113\" ec-name=\"Universitetsavisa\" rel=\"nofollow noopener\" target=\"_blank\">Universitetsavisa<\/a> har f\u00e5tt bekreftet at bussen var chartret av Erasmus Student Network (ESN) ved NTNU, og at det var utvekslingsstudenter ved NTNU om bord.<\/strong><\/p>\n<p>De kommer fra ulike land, og noen av dem var norske, opplyser Viktoria Hov Jensen i ESN til avisen.<\/p>\n<p>NRK har v\u00e6rt i kontakt med Jensen. Hun viser til uttalelsen hun har gitt til Universitetsavisa, og \u00f8nsker ikke \u00e5 kommentere saken ytterligere.<\/p>\n<p>Bussen skal ha kj\u00f8rt i 90 kilometer i timen da ulykken inntraff, if\u00f8lge svenske medier.<\/p>\n<p><img decoding=\"async\"   src=\"data:image\/gif;base64,R0lGODlhAQABAIAAAAAAAP\/\/\/yH5BAEAAAAALAAAAAABAAEAAAIBRAA7\" loading=\"eager\" alt=\"Buss som har veltet i en veikant\" title=\"Foto: SVT \/ SVT\"\/><\/p>\n<p class=\"\">Ingen personer er livstruende skadd etter bussveltet.<\/p>\n<p>Foto: SVT \/ SVT<\/p>\n<p>36 personer skadet<\/p>\n<p>Minst \u00e9n person var fastklemt i bussen etter ulykken. Totalt ble 36 personer skadet.<\/p>\n<p>26 av dem ble tatt med til legevakt med lettere skader, mens 10 ble fraktet til sykehus.<\/p>\n<p><strong>Ingen er livstruende skadet, if\u00f8lge <a href=\"https:\/\/www.svt.se\/nyheter\/lokalt\/vasterbotten\/buss-har-kort-i-diket-pa-e45-i-vilhelmina-kommun\" ec-id=\"https:\/\/www.svt.se\/nyheter\/lokalt\/vasterbotten\/buss-har-kort-i-diket-pa-e45-i-vilhelmina-kommun\" ec-name=\"SVT\" rel=\"nofollow noopener\" target=\"_blank\">SVT<\/a>.<\/strong><\/p>\n<p>Ulykken inntraff p\u00e5 E45 s\u00f8r for Storuman i V\u00e4sterbotten i Sverige.<\/p>\n<p>Bussen tilh\u00f8rer et finsk reisebyr\u00e5, f\u00e5r den finske avisen <a href=\"https:\/\/yle.fi\/a\/74-20195592\" ec-id=\"https:\/\/yle.fi\/a\/74-20195592\" ec-name=\"Yle\" rel=\"nofollow noopener\" target=\"_blank\">Yle <\/a>bekreftet.<\/p>\n<p>Region V\u00e4sterbotten i Sverige bekreftet l\u00f8rdag formiddag at Lycksele sykehus ble satt i kriseberedskap.<\/p>\n<p>\u2013 Kriseberedskap er det h\u00f8yeste beredskapsniv\u00e5et, som inneb\u00e6rer at man mobiliserer alle tilgjengelige funksjoner og gj\u00f8r seg klar til \u00e5 ta imot pasienter, sier pressekontakt Petra Olgarsson i region V\u00e4sterbotten til avisen <a href=\"https:\/\/www.expressen.se\/nyheter\/sverige\/buss-i-olycka-pa-e45-mellan-vilhelmina-och-storuman\/\" ec-id=\"https:\/\/www.expressen.se\/nyheter\/sverige\/buss-i-olycka-pa-e45-mellan-vilhelmina-och-storuman\/\" ec-name=\"Expressen\" rel=\"nofollow noopener\" target=\"_blank\">Expressen<\/a>.<\/p>\n<p>Publisert<\/p>\n<p>22.11.2025, kl. 10.14<\/p>\n<p>Oppdatert<\/p>\n<p>22.11.2025, kl. 16.52<\/p>\n","protected":false},"excerpt":{"rendered":"Like f\u00f8r klokken 09.00 veltet en buss p\u00e5 E45 i V\u00e4sterbotten i Sverige. Bussen ble liggende p\u00e5 siden&hellip;\n","protected":false},"author":2,"featured_media":93895,"comment_status":"","ping_status":"","sticky":false,"template":"","format":"standard","meta":{"footnotes":""},"categories":[12],"tags":[20,21,24,25,15,22,23,13,30,28,29,14,16,26,27,42,43,44,45],"class_list":{"0":"post-93894","1":"post","2":"type-post","3":"status-publish","4":"format-standard","5":"has-post-thumbnail","7":"category-verden","8":"tag-breaking-news","9":"tag-breakingnews","10":"tag-featured-news","11":"tag-featurednews","12":"tag-headlines","13":"tag-latest-news","14":"tag-latestnews","15":"tag-news","16":"tag-no","17":"tag-norge","18":"tag-norway","19":"tag-nyheter","20":"tag-overskrifter","21":"tag-top-stories","22":"tag-topstories","23":"tag-verden","24":"tag-world","25":"tag-world-news","26":"tag-worldnews"},"share_on_mastodon":{"url":"https:\/\/pubeurope.com\/@no\/115594266161214806","error":""},"_links":{"self":[{"href":"https:\/\/www.europesays.com\/no\/wp-json\/wp\/v2\/posts\/93894","targetHints":{"allow":["GET"]}}],"collection":[{"href":"https:\/\/www.europesays.com\/no\/wp-json\/wp\/v2\/posts"}],"about":[{"href":"https:\/\/www.europesays.com\/no\/wp-json\/wp\/v2\/types\/post"}],"author":[{"embeddable":true,"href":"https:\/\/www.europesays.com\/no\/wp-json\/wp\/v2\/users\/2"}],"replies":[{"embeddable":true,"href":"https:\/\/www.europesays.com\/no\/wp-json\/wp\/v2\/comments?post=93894"}],"version-history":[{"count":0,"href":"https:\/\/www.europesays.com\/no\/wp-json\/wp\/v2\/posts\/93894\/revisions"}],"wp:featuredmedia":[{"embeddable":true,"href":"https:\/\/www.europesays.com\/no\/wp-json\/wp\/v2\/media\/93895"}],"wp:attachment":[{"href":"https:\/\/www.europesays.com\/no\/wp-json\/wp\/v2\/media?parent=93894"}],"wp:term":[{"taxonomy":"category","embeddable":true,"href":"https:\/\/www.europesays.com\/no\/wp-json\/wp\/v2\/categories?post=93894"},{"taxonomy":"post_tag","embeddable":true,"href":"https:\/\/www.europesays.com\/no\/wp-json\/wp\/v2\/tags?post=93894"}],"curies":[{"name":"wp","href":"https:\/\/api.w.org\/{rel}","templated":true}]}}