{"id":93910,"date":"2025-11-22T16:43:38","date_gmt":"2025-11-22T16:43:38","guid":{"rendered":"https:\/\/www.europesays.com\/no\/93910\/"},"modified":"2025-11-22T16:43:38","modified_gmt":"2025-11-22T16:43:38","slug":"forraeder-disse-to-vant-forraeder","status":"publish","type":"post","link":"https:\/\/www.europesays.com\/no\/93910\/","title":{"rendered":"Forr\u00e6der: Disse to vant Forr\u00e6der"},"content":{"rendered":"<p class=\"kicker \" style=\"\">Forr\u00e6der-finale<\/p>\n<p>  Finalen av Forr\u00e6der ble sv\u00e6rt intens for deltakerne.<\/p>\n<p>\n    FORR\u00c6DER: Det blir en intens finaleepisode i Forr\u00e6der. Foto: Espen Solli\/TV 2\n  <\/p>\n<p>I dag er det duket for finale av \u00abForr\u00e6der\u00bb. De gjenv\u00e6rende<br \/>\ndeltakerne er forr\u00e6derne Rasmus Wold og Espen Abrahamsen, samt de lojale: Tuva<br \/>\nFellman, Sval Rosenl\u00f8w Eeg, Tor-H\u00e5kon Gabriel H\u00e5vardsen og Ida Broen.<\/p>\n<p>    <a itemprop=\"url\" href=\"https:\/\/www.kk.no\/livet\/jeg-hadde-tvangstrekk-av-lonna-i-elleve-ar\/83818578\" rel=\"nofollow noopener\" target=\"_blank\"><\/p>\n<p>      <img loading=\"lazy\" decoding=\"async\" src=\"https:\/\/www.europesays.com\/no\/wp-content\/uploads\/2025\/11\/1763829807_755_83818601.webp\" width=\"980\" height=\"441\" title=\"- Jeg hadde tvangstrekk av l\u00f8nna i elleve \u00e5r\" alt=\"\" class=\"lazyload\" style=\"--aspect-ratio-image: 2.22; \"\/><\/p>\n<p>        &#8211; Jeg hadde tvangstrekk av l\u00f8nna i elleve \u00e5r<\/p>\n<p>    <\/a><\/p>\n<p class=\"font-weight-bold m-font-weight-bold italic m-italic\" data-lab-font_weight=\"font-weight-bold\" data-lab-italic=\"italic\">Obs: Spoiler<\/p>\n<p>&#8211; Veldig krevende\t<\/p>\n<p>I starten av episoden kommer det frem at Ida er den siste personen<br \/>\nsom er blitt drept av forr\u00e6derne. I r\u00e5dssalen blir Sval forvist, og da er<br \/>\ndet kun fire spillere igjen \u2013 50\/50 lojale og forr\u00e6dere.\u00a0<\/p>\n<p>Rasmus og Espen<br \/>\nklarer \u00e5 lure de lojale \u2013 og dermed stikker de av med seieren.\u00a0<\/p>\n<p class=\"font-weight-bold m-font-weight-bold\" data-lab-font_weight=\"font-weight-bold\">&#8211; \u00c5 v\u00e6re med p\u00e5 \u00abForr\u00e6der\u00bb var veldig krevende for meg \u2013 jeg<br \/>\nble veldig sliten p\u00e5 slutten der. Da var jeg p\u00e5 vei inn i psykose, forteller<br \/>\nEspen til KK.<\/p>\n<p>          <img loading=\"lazy\" decoding=\"async\" src=\"https:\/\/www.europesays.com\/no\/wp-content\/uploads\/2025\/11\/83883789.webp\" width=\"686\" height=\"467\" title=\"KREVENDE: Espen forteller at han ble veldig sliten mot slutten, men han tok med seg seieren hjem - ssmmen emd Rasmus. Foto: Espen Solli\/TV 2\" alt=\"\" class=\"\" style=\"--aspect-ratio-image: 1.47; \"\/><\/p>\n<p>\n          KREVENDE: Espen forteller at han ble veldig sliten mot slutten, men han tok med seg seieren hjem &#8211; ssmmen emd Rasmus. Foto: Espen Solli\/TV 2\n      <\/p>\n<p>    <a itemprop=\"url\" href=\"https:\/\/www.kk.no\/helse\/haper-dette-er-en-drom-tenkte-ylva-da-hun-begynte-a-miste-haret\/83684775\" rel=\"nofollow noopener\" target=\"_blank\"><\/p>\n<p>      <img loading=\"lazy\" decoding=\"async\" src=\"https:\/\/www.europesays.com\/no\/wp-content\/uploads\/2025\/11\/83715156.webp\" width=\"980\" height=\"441\" title=\"\u00abH\u00e5per dette er en dr\u00f8m,\u00bb tenkte Ylva da hun begynte \u00e5 miste h\u00e5ret\" alt=\"\" class=\"lazyload\" style=\"--aspect-ratio-image: 2.22; \"\/><\/p>\n<p>        \u00abH\u00e5per dette er en dr\u00f8m,\u00bb tenkte Ylva da hun begynte \u00e5 miste h\u00e5ret<\/p>\n<p>    <\/a><\/p>\n<p>Komikeren ble et kjent fjes for flere under sin deltakelse i<br \/>\n\u00ab71 grader nord \u2013 kjendis\u00bb i fjor \u2013 hvor han if\u00f8lge av seg selv var den<br \/>\nd\u00e5rligste deltakeren noensinne i en finale. Men denne gangen gikk det hele<br \/>\nveien til topps. Selv er han overrasket over hvordan spillet utviklet seg.\u00a0<\/p>\n<p>&#8211; Jeg syntes det var overraskende hvor mye det betydde for<br \/>\nfolk der inne. De tok det veldig alvorlig. Det betydde ikke s\u00e5 mye for meg, men<br \/>\njeg ville ikke at folk skulle bli lei seg heller.<\/p>\n<p>    <a itemprop=\"url\" href=\"https:\/\/www.kk.no\/underholdning\/lenge-mistenkte-leah-han-for-dette\/83756610\" rel=\"nofollow noopener\" target=\"_blank\"><\/p>\n<p>      <img loading=\"lazy\" decoding=\"async\" src=\"https:\/\/www.europesays.com\/no\/wp-content\/uploads\/2025\/11\/1763829813_613_83756657.webp\" width=\"980\" height=\"441\" title=\"Lenge mistenkte Leah han for dette\" alt=\"\" class=\"lazyload\" style=\"--aspect-ratio-image: 2.22; \"\/><\/p>\n<p>        Lenge mistenkte Leah han for dette<\/p>\n<p>    <\/a><\/p>\n<p>&#8211; F\u00f8lte meg stygg<\/p>\n<p>P\u00e5 tampen av spillet m\u00e5tte Rasmus, som da hadde mistet sine<br \/>\nto medforr\u00e6dere, tvinge en av de lojale over til den m\u00f8rke siden. Det ble da<br \/>\nhans gode venn, Espen.<\/p>\n<p>&#8211; Frem til det tidspunktet hadde jeg f\u00f8lt et ansvar for Rasmus som jeg trodde skulle ryke i l\u00f8pet av de f\u00f8rste tre episodene, s\u00e5 jeg ble overrasket da jeg s\u00e5 at B\u00e6rums-gutten som aldri har gjort arbeid i hele sitt liv, skjulte seg under den hetta, ler Espen. <\/p>\n<p class=\"italic m-italic\" data-lab-italic=\"italic\">&#8211; Hvordan var det \u00e5 bytte rolle?<\/p>\n<p class=\"font-weight-bold m-font-weight-bold\" data-lab-font_weight=\"font-weight-bold\">&#8211; Jeg ble nesten lei meg, for da visste jeg at jeg var n\u00f8dt<br \/>\ntil \u00e5 lyve til de andre lojale. Jeg f\u00f8lte meg s\u00e5 stygg som satt der og ikke sa<br \/>\nnoe, da de pr\u00f8vde \u00e5 overbevise meg om at de var lojale.\u00a0<\/p>\n<p>Selve forr\u00e6der-rollen kunne Espen klart seg uten, men han<br \/>\nforteller at det var g\u00f8y \u00e5 vinne.<\/p>\n<p>&#8211; Det er fryktelig h\u00f8y bl\u00e5veisfaktor p\u00e5 finaleepisoden. Sett<br \/>\ni ettertid burde det jo ikke v\u00e6re lovlig \u2013 det blir nesten for dumt. <\/p>\n<p>          <img loading=\"lazy\" decoding=\"async\" src=\"https:\/\/www.europesays.com\/no\/wp-content\/uploads\/2025\/11\/83883787.webp\" width=\"686\" height=\"481\" title=\"VENNER: De gode vennene vant Forr\u00e6der sammen. Foto: Espen Solli\/TV 2\" alt=\"\" class=\"\" style=\"--aspect-ratio-image: 1.43; \"\/><\/p>\n<p>\n          VENNER: De gode vennene vant Forr\u00e6der sammen. Foto: Espen Solli\/TV 2\n      <\/p>\n<p>    <a itemprop=\"url\" href=\"https:\/\/www.kk.no\/underholdning\/jeg-hadde-mer-ro-i-kroppen-der-som-en-ekte-psykopat\/83813239\" rel=\"nofollow noopener\" target=\"_blank\"><\/p>\n<p>      <img loading=\"lazy\" decoding=\"async\" src=\"https:\/\/www.europesays.com\/no\/wp-content\/uploads\/2025\/11\/1763829816_355_83813259.webp\" width=\"980\" height=\"441\" title=\"\u2013 Jeg hadde mer ro i kroppen der \u2013 som en ekte psykopat\" alt=\"\" class=\"lazyload\" style=\"--aspect-ratio-image: 2.22; \"\/><\/p>\n<p>        \u2013 Jeg hadde mer ro i kroppen der \u2013 som en ekte psykopat<\/p>\n<p>    <\/a><\/p>\n<p>Lite mistanke<\/p>\n<p>Espen mener at han seilte ganske greit igjennom hele<br \/>\nspillet, uten noe s\u00e6rlig mistanke rettet mot seg.<\/p>\n<p>&#8211; At ingen mistenkte meg i noen s\u00e6rlig grad, handler nok om<br \/>\nat ingen trodde jeg orket eller gadd \u00e5 v\u00e6re forr\u00e6der, s\u00e5 de bare utelukket meg som<br \/>\net alternativ. Jeg var jo ikke den som bidra mest i r\u00e5dssalen heller, akkurat \u2013<br \/>\ndet m\u00e5 jeg \u00e6rlig innr\u00f8mme. <\/p>\n<p>Espen mener derfor det var et godt valg av Rasmus \u00e5 velge<br \/>\nham som forr\u00e6der.<\/p>\n<p>&#8211; Jeg var nok ikke den beste p\u00e5 spill \u2013 jeg ble jo holdt i<br \/>\nlive av Rasmus i 12 dager, og s\u00e5 klarte jeg \u00e5 ta meg sammen p\u00e5 slutten. Jeg var<br \/>\nforr\u00e6der i 36 timer, og vant, s\u00e5 det er jo heftig.<\/p>\n<p class=\"italic m-italic\" data-lab-italic=\"italic\">&#8211; Hva har du brukt pengepremien p\u00e5?<\/p>\n<p>&#8211; Vi har nettopp kj\u00f8pt rekkehus, s\u00e5 jeg tror de pengene har<br \/>\nhavnet i lomma p\u00e5 en m\u00f8belsnekker p\u00e5 Stovner. Det er fryktelig dyrt, ler han<\/p>\n<p>    <a itemprop=\"url\" href=\"https:\/\/www.kk.no\/livet\/jeg-innsa-at-jeg-aldri-hadde-holdt-et-levende-spedbarn-kun-dode\/83789849\" rel=\"nofollow noopener\" target=\"_blank\"><\/p>\n<p>      <img loading=\"lazy\" decoding=\"async\" src=\"https:\/\/www.europesays.com\/no\/wp-content\/uploads\/2025\/11\/1763829818_188_83792957.webp\" width=\"980\" height=\"441\" title=\"- Jeg inns\u00e5 at jeg aldri hadde holdt et levende spedbarn. Kun d\u00f8de\" alt=\"\" class=\"lazyload\" style=\"--aspect-ratio-image: 2.22; \"\/><\/p>\n<p>        &#8211; Jeg inns\u00e5 at jeg aldri hadde holdt et levende spedbarn. Kun d\u00f8de<\/p>\n<p>    <\/a><\/p>\n<p>            <img loading=\"lazy\" decoding=\"async\" src=\"https:\/\/www.europesays.com\/no\/wp-content\/uploads\/2025\/11\/1763829818_869_81859885.webp\" width=\"196\" height=\"155\" title=\"Har du et tips?\" alt=\"\" class=\"\" style=\"--aspect-ratio-image: 1.26; \"\/><\/p>\n<p>        Har du et tips?<\/p>\n<p class=\"subtitle\">Hei, jeg heter Ida Bergersen, og er journalist i KK. Har du et tips, en historie du vil fortelle eller et felt du mener vi b\u00f8r skrive om?<\/p>\n<p>\u00a0<\/p>\n","protected":false},"excerpt":{"rendered":"Forr\u00e6der-finale Finalen av Forr\u00e6der ble sv\u00e6rt intens for deltakerne. FORR\u00c6DER: Det blir en intens finaleepisode i Forr\u00e6der. Foto:&hellip;\n","protected":false},"author":2,"featured_media":93911,"comment_status":"","ping_status":"","sticky":false,"template":"","format":"standard","meta":{"footnotes":""},"categories":[5],"tags":[20,21,10123,24,25,4138,15,19,22,23,17,18,13,30,28,29,14,16,9023,26,27,72],"class_list":{"0":"post-93910","1":"post","2":"type-post","3":"status-publish","4":"format-standard","5":"has-post-thumbnail","7":"category-overskrifter","8":"tag-breaking-news","9":"tag-breakingnews","10":"tag-espen-abrahamsen","11":"tag-featured-news","12":"tag-featurednews","13":"tag-forraeder","14":"tag-headlines","15":"tag-hovedoppslag","16":"tag-latest-news","17":"tag-latestnews","18":"tag-main-news","19":"tag-mainnews","20":"tag-news","21":"tag-no","22":"tag-norge","23":"tag-norway","24":"tag-nyheter","25":"tag-overskrifter","26":"tag-rasmus-wold","27":"tag-top-stories","28":"tag-topstories","29":"tag-underholdning"},"share_on_mastodon":{"url":"https:\/\/pubeurope.com\/@no\/115594356865768585","error":""},"_links":{"self":[{"href":"https:\/\/www.europesays.com\/no\/wp-json\/wp\/v2\/posts\/93910","targetHints":{"allow":["GET"]}}],"collection":[{"href":"https:\/\/www.europesays.com\/no\/wp-json\/wp\/v2\/posts"}],"about":[{"href":"https:\/\/www.europesays.com\/no\/wp-json\/wp\/v2\/types\/post"}],"author":[{"embeddable":true,"href":"https:\/\/www.europesays.com\/no\/wp-json\/wp\/v2\/users\/2"}],"replies":[{"embeddable":true,"href":"https:\/\/www.europesays.com\/no\/wp-json\/wp\/v2\/comments?post=93910"}],"version-history":[{"count":0,"href":"https:\/\/www.europesays.com\/no\/wp-json\/wp\/v2\/posts\/93910\/revisions"}],"wp:featuredmedia":[{"embeddable":true,"href":"https:\/\/www.europesays.com\/no\/wp-json\/wp\/v2\/media\/93911"}],"wp:attachment":[{"href":"https:\/\/www.europesays.com\/no\/wp-json\/wp\/v2\/media?parent=93910"}],"wp:term":[{"taxonomy":"category","embeddable":true,"href":"https:\/\/www.europesays.com\/no\/wp-json\/wp\/v2\/categories?post=93910"},{"taxonomy":"post_tag","embeddable":true,"href":"https:\/\/www.europesays.com\/no\/wp-json\/wp\/v2\/tags?post=93910"}],"curies":[{"name":"wp","href":"https:\/\/api.w.org\/{rel}","templated":true}]}}