{"id":93912,"date":"2025-11-22T16:48:26","date_gmt":"2025-11-22T16:48:26","guid":{"rendered":"https:\/\/www.europesays.com\/no\/93912\/"},"modified":"2025-11-22T16:48:26","modified_gmt":"2025-11-22T16:48:26","slug":"verden-endres-raskere-enn-langtidsplanen","status":"publish","type":"post","link":"https:\/\/www.europesays.com\/no\/93912\/","title":{"rendered":"Verden endres raskere enn langtidsplanen"},"content":{"rendered":"<p class=\"kicker t15 font-weight-bold m-font-weight-bold color_mobile_no_bg_color quaternary color_mobile_quaternary align-left mobile_text_align_align-left text-case-transform-upper mobile-hasTextPadding\" style=\"\">Meninger<\/p>\n<p>    Den nye langtidsplanen for Forsvaret er knapt kommet i gang, men mye tyder p\u00e5 at deler av den allerede er utdatert.<\/p>\n<p>\n        Forsvars- og utenrikskomiteen p\u00e5 bes\u00f8k hos Luftforsvarets F-35-base i Poznan, Polen.<br \/>\n        Foto: Jo Straube, Forsvarets forum\n    <\/p>\n<p class=\"font-Trim bg-custom-7 color_mobile_bg-custom-7\" data-lab-fontface=\"Trim\" data-lab-text_background_color=\"bg-custom-7\">Dette er et debattinnlegg. Innlegget gir uttrykk for skribentens meninger. <br \/>Send inn kronikker og debattinnlegg til Forsvarets forum <a target=\"_blank\" href=\"https:\/\/forsvaretsforum.no\/delta-i-debatten\" aria-label=\"\" rel=\"nofollow noopener\">her<\/a>.<\/p>\n<p>Jeg etterlyser handling og tiltaksvilje hos regjeringen St\u00f8re. Jobbes det med \u00e5 utarbeide nye innkj\u00f8ps- og forvaltningsregler for \u00e5 f\u00e5 fortgang i innkj\u00f8p, og s\u00f8rge for \u00e5 \u00f8ke norsk milit\u00e6r kampkraft og ikke minst utholdenhet?<\/p>\n<p>Dette, og en rekke andre problemstillinger mener jeg det er avgj\u00f8rende \u00e5 f\u00e5 svar p\u00e5. For det ser ikke ut til at den nye sikkerhetspolitiske virkeligheten har sunket inn hos regjering og byr\u00e5krati.\u00a0<\/p>\n<p>Forst\u00e5r ikke regjeringen at anskaffelse av nytt materiell og spesielt gjenanskaffelse av materiell donert til Ukraina, m\u00e5 kunne gj\u00f8res raskere n\u00e5 som krigen igjen har kommet til Europa?<\/p>\n<p>For dersom Russlands aggresjon, og en historisk uoverstigelig sikkerhetspolitisk situasjon, ikke er nok til \u00e5 vekke regjeringens handlekraft for \u00e5 trygge Norge, m\u00e5 man undres hva som egentlig skal til.<\/p>\n<p>Den nye langtidsplanen for Forsvaret er knapt kommet i gang, men mye tyder p\u00e5 at deler av den allerede er utdatert. Verden har endret seg raskere enn planverket.<\/p>\n<p>Tenk nytt<\/p>\n<p>Krigen i Ukraina har vist oss at moderne krigf\u00f8ring krever fortl\u00f8pende utvikling, gjerne i tette samarbeid mellom soldaten som sluttbruker og industrien som utvikler. Det kreves st\u00f8rre grad av fleksibilitet, raskere tempo i utviklingen og ikke mist anskaffelser p\u00e5 l\u00f8pende b\u00e5nd.<\/p>\n<p>        <a itemprop=\"url\" class=\"\" href=\"https:\/\/www.forsvaretsforum.no\/bardu-kronikk-malselv\/hva-skal-vi-gjore-med-kanonene\/452567\" data-k5a-url=\"https:\/\/www.forsvaretsforum.no\/a\/452567\" rel=\"nofollow noopener\" target=\"_blank\"><\/p>\n<p>\nKronikk\n<\/p>\n<p>            Hva skal vi gj\u00f8re med kanonene?<\/p>\n<p>        <\/a><\/p>\n<p>Vi befinner oss i den mest alvorlige sikkerhetspolitiske situasjonen i Europa siden andre verdenskrig.\u00a0<\/p>\n<p>Russland har f\u00f8rt en brutal krig i tre \u00e5r, og viser ingen tegn til \u00e5 gi seg. Dette er ikke bare en konflikt mellom to land, men et varsel til hele Vesten om hva som st\u00e5r p\u00e5 spill.<\/p>\n<p class=\"font-weight-bold m-font-weight-bold\" data-lab-font_weight=\"font-weight-bold\">Derfor m\u00e5 ogs\u00e5 Norge tenke nytt.<\/p>\n<p>Skal vi ha et effektivt og avskrekkende forsvar, m\u00e5 vi bygge det for dagens og morgendagens trusler, men forandringer m\u00e5 skje utenat vi mister fotfeste og dermed milit\u00e6r evne og handlekraft i prosessen.<\/p>\n<p>Nye innskj\u00f8psregler<\/p>\n<p>Erfaringene fra Ukraina viser at droner, elektronisk krigf\u00f8ring og fleksible systemer er avgj\u00f8rende. Vi m\u00e5 satse p\u00e5 teknologi, samarbeid og produksjonsevne slik at vi kan forsvare oss i hele bredden av de trusler en moderne krig vil kaste p\u00e5 oss.\u00a0<\/p>\n<p>Norsk forsvarsindustri er verdensledende p\u00e5 mange omr\u00e5der. Vi burde bruke det som et konkurransefortrinn. Lange leveringstider p\u00e5 v\u00e5pen og materiell kan kuttes kraftig dersom byr\u00e5kratiet justeres og industrien f\u00e5r forutsigbare rammer.<\/p>\n<p>                <img decoding=\"async\" src=\"https:\/\/www.europesays.com\/no\/wp-content\/uploads\/2025\/11\/468541.webp\" width=\"480\" height=\"322\" title=\"DRONER: En ukrainsk soldat f\u00f8lger med f\u00f8r en serie droner av typen An-196 Liutyi skal sendes mot Russland 14. oktober.\" alt=\"\" loading=\"lazy\" style=\"\"\/><\/p>\n<p>\n            DRONER: En ukrainsk soldat f\u00f8lger med f\u00f8r en serie droner av typen An-196 Liutyi skal sendes mot Russland 14. oktober.<br \/>\n            Fiti: Evgenyj Maloletka, AP, NTB\n        <\/p>\n<p>Langsiktige kontrakter og garantier til sm\u00e5 og mellomstore bedrifter vil gi raskere produksjon, innovasjon og arbeidsplasser. Satsing p\u00e5 norskproduserte langtrekkende droner burde v\u00e6re en av flere ting som burde prioriteres.<\/p>\n<p>Forsvarsdepartementet, i n\u00e6rt samarbeid med Riksrevisjonen, burde snarest kontakte Finansdepartementet og utarbeide nye innkj\u00f8ps- og forvaltningsregler for \u00e5 f\u00e5 fortgang i innkj\u00f8p, og s\u00f8rge for \u00e5 \u00f8ke norsk milit\u00e6r kampkraft og ikke minst utholdenhet.<\/p>\n<p>Finland og Sverige handler raskt<\/p>\n<p>Anskaffelse av nytt materiell og s\u00e6rlig gjenanskaffelse av materiell donert til Ukraina m\u00e5 kunne gj\u00f8res raskere p\u00e5 grunn av den urolige verdenssituasjonen.\u00a0<\/p>\n<p>        <a itemprop=\"url\" class=\"\" href=\"https:\/\/www.forsvaretsforum.no\/fregatt-kronikk-norge\/manglar-noreg-strategisk-forstaing-og-strategisk-tenking\/456223\" data-k5a-url=\"https:\/\/www.forsvaretsforum.no\/a\/456223\" rel=\"nofollow noopener\" target=\"_blank\"><\/p>\n<p>\nKronikk\n<\/p>\n<p>            Manglar Noreg strategisk forst\u00e5ing?<\/p>\n<p>        <\/a><\/p>\n<p class=\"font-weight-bold m-font-weight-bold\" data-lab-font_weight=\"font-weight-bold\">N\u00e5 m\u00e5 regjeringen vise handlekraft.<\/p>\n<p>Men det hjelper lite med gode planer om Forsvaret ikke f\u00e5r trene, seile og \u00f8ve. I dag hindres utvidelse og utvikling av skytefelt av hensyn til byr\u00e5krati, klima og s\u00e6rinteresser.\u00a0<\/p>\n<p class=\"font-weight-bold m-font-weight-bold\" data-lab-font_weight=\"font-weight-bold\">Det er uakseptabelt.\u00a0<\/p>\n<p>V\u00e5r forsvarsevne og beredskap m\u00e5 veie tyngre enn slike hensyn. N\u00e5r v\u00e5re naboer Finland og Sverige handler raskt og m\u00e5lrettet, kan ikke Norge bli st\u00e5ende igjen p\u00e5 stedet hvil i papirm\u00f8ter.\u00a0<\/p>\n<p>Det viktigste n\u00e5 er \u00e5 bygge troverdig forsvarsevne raskt. Vi har ikke tid til \u00e5 vente p\u00e5 utredninger og prosesser. Vi m\u00e5 t\u00f8rre \u00e5 prioritere beredskap fremfor symbolpolitikk, og styrke de systemene som faktisk beskytter folk. Menneskene m\u00e5 v\u00e6re kjernen i v\u00e5rt forsvar, den enkelte innbygger og soldat m\u00e5 settes i best mulig stand til \u00e5 motst\u00e5 krigens redsler.<\/p>\n<p>Vi har alt \u00e5 vinne p\u00e5 \u00e5 handle resolutt, og alt \u00e5 tape p\u00e5 \u00e5 vente.<\/p>\n","protected":false},"excerpt":{"rendered":"Meninger Den nye langtidsplanen for Forsvaret er knapt kommet i gang, men mye tyder p\u00e5 at deler av&hellip;\n","protected":false},"author":2,"featured_media":93913,"comment_status":"","ping_status":"","sticky":false,"template":"","format":"standard","meta":{"footnotes":""},"categories":[12],"tags":[20,21,24,25,15,22,23,13,30,28,29,14,16,26,27,42,43,44,45],"class_list":{"0":"post-93912","1":"post","2":"type-post","3":"status-publish","4":"format-standard","5":"has-post-thumbnail","7":"category-verden","8":"tag-breaking-news","9":"tag-breakingnews","10":"tag-featured-news","11":"tag-featurednews","12":"tag-headlines","13":"tag-latest-news","14":"tag-latestnews","15":"tag-news","16":"tag-no","17":"tag-norge","18":"tag-norway","19":"tag-nyheter","20":"tag-overskrifter","21":"tag-top-stories","22":"tag-topstories","23":"tag-verden","24":"tag-world","25":"tag-world-news","26":"tag-worldnews"},"share_on_mastodon":{"url":"https:\/\/pubeurope.com\/@no\/115594376481806316","error":""},"_links":{"self":[{"href":"https:\/\/www.europesays.com\/no\/wp-json\/wp\/v2\/posts\/93912","targetHints":{"allow":["GET"]}}],"collection":[{"href":"https:\/\/www.europesays.com\/no\/wp-json\/wp\/v2\/posts"}],"about":[{"href":"https:\/\/www.europesays.com\/no\/wp-json\/wp\/v2\/types\/post"}],"author":[{"embeddable":true,"href":"https:\/\/www.europesays.com\/no\/wp-json\/wp\/v2\/users\/2"}],"replies":[{"embeddable":true,"href":"https:\/\/www.europesays.com\/no\/wp-json\/wp\/v2\/comments?post=93912"}],"version-history":[{"count":0,"href":"https:\/\/www.europesays.com\/no\/wp-json\/wp\/v2\/posts\/93912\/revisions"}],"wp:featuredmedia":[{"embeddable":true,"href":"https:\/\/www.europesays.com\/no\/wp-json\/wp\/v2\/media\/93913"}],"wp:attachment":[{"href":"https:\/\/www.europesays.com\/no\/wp-json\/wp\/v2\/media?parent=93912"}],"wp:term":[{"taxonomy":"category","embeddable":true,"href":"https:\/\/www.europesays.com\/no\/wp-json\/wp\/v2\/categories?post=93912"},{"taxonomy":"post_tag","embeddable":true,"href":"https:\/\/www.europesays.com\/no\/wp-json\/wp\/v2\/tags?post=93912"}],"curies":[{"name":"wp","href":"https:\/\/api.w.org\/{rel}","templated":true}]}}