{"id":93916,"date":"2025-11-22T16:50:08","date_gmt":"2025-11-22T16:50:08","guid":{"rendered":"https:\/\/www.europesays.com\/no\/93916\/"},"modified":"2025-11-22T16:50:08","modified_gmt":"2025-11-22T16:50:08","slug":"krim-hamar-politiet-har-pagrepet-flere-personer-i-hamar-hamar-arbeiderblad","status":"publish","type":"post","link":"https:\/\/www.europesays.com\/no\/93916\/","title":{"rendered":"Krim, Hamar | Politiet har p\u00e5grepet flere personer i Hamar &#8211; Hamar Arbeiderblad"},"content":{"rendered":"<ol>\n<li><a href=\"https:\/\/news.google.com\/rss\/articles\/CBMihgFBVV95cUxPWlp4aFRKLXR2MTZIODk5SUdnZHRudi1nanBsWGJBNy1sbE52akk3S0k4bjBZdW1zU2VKcEhBUlRlUmZseVY3ekNrS1k4am15U29HWDhmMWY3aGY1c1owaTB2WUVKR3BrZlI1dDNpWm81Zjk2N2FmWTFnY085emdTTE11Zk15QQ?oc=5\" target=\"_blank\" rel=\"nofollow noopener\">Krim, Hamar | Politiet har p\u00e5grepet flere personer i Hamar<\/a>&nbsp;&nbsp;Hamar Arbeiderblad<\/li>\n<li><a href=\"https:\/\/news.google.com\/rss\/articles\/CBMipgFBVV95cUxNcDdFeGNnMmhXZlhFMkJpdVBwUTZtYmR0TGlLLWQ0YlBHZGVJR0NFNUo4NmVwbzZyMzM0cEVrdHpoZC1rcHFuZkhVcWUzRDVFa0pvUHRoUll2VFdvNzQ4MDN6M1VfSW5RMGk1QTVYZENPMFg4MWVjaEVMVzB0aDJFWTZkWkxjblkzd0QtSVRUU3AybVl4TUFxbE5semh5MHoxY1VwX19n?oc=5\" target=\"_blank\" rel=\"nofollow noopener\">Politiet: Melding om knivstikking p\u00e5 T\u00f8yen i Oslo<\/a>&nbsp;&nbsp;TV2.no<\/li>\n<li><a href=\"https:\/\/news.google.com\/rss\/articles\/CBMiwAFBVV95cUxNanplUzBBWHU3aFhONkttOXFYWWNSZEhqb2Nzb01wZDcyNUVzLTl6SWxKRHR2LTBVMGRNMHdkX2tyTVo1endsQ1BMQjdHY0xHNy1RVm5fNWh2T0xMOTVhTmZCd2RNVF95bHZlQkExQzN5UldtTFBzUl90WDNoN1JMX1Rvb0cxZ0t1TmVDQVVuSWQ4YXVlQ2ZlbnF6NHhnaXo4VDFSUVpYQVd2RFVMUkZGbVNBOUQtdGtENXlsTmIwMTY?oc=5\" target=\"_blank\" rel=\"nofollow noopener\">(+) Flere personer p\u00e5grepet i Hamar-omr\u00e5det \u2013 siktet for vinningskriminalitet<\/a>&nbsp;&nbsp;folkebladet.no<\/li>\n<li><a href=\"https:\/\/news.google.com\/rss\/articles\/CBMirAFBVV95cUxOQkRYYWxMNDhIcmltUnVFZGkwenJHQVd6QzIwT2pFd3B2MWlZbXhTOTd6VmowYUJub0hYLURpRWV4YWx5dlJwMjN2VFl4SmZxQTZFeFlnZ0cxU0lIbmduLUp6UGtoWFZXNXI3bU0xUTRhTzdhU0x4TmdNWGE0ZURlcGc0N2p4dFhaUkx0cVRfQzRvY0RXc1dIR3R0Mm1FRWQtME53T2JOR283TnJV?oc=5\" target=\"_blank\" rel=\"nofollow noopener\">Over 300 skoleelever bortf\u00f8rt i Nigeria<\/a>&nbsp;&nbsp;TV2.no<\/li>\n<li><a href=\"https:\/\/news.google.com\/rss\/articles\/CBMilAFBVV95cUxPendRQ2RlM21rb0hmZ21lNnNHMjF0akJGM0cya0ZWbmxWZkFGVElvM1RXOXRXUi1NV3lqbXlVaTg4MGZPOHZWMDBWNGZxdkdYZnZFQ0FnWTZ1SU1IanBnNDd6M1lqZ1hMLUVwREVYcDhsT1RsZXRUdkhMYl9CcmhKUmlHSjlHLUZiT051NFNVa3luQjBK?oc=5\" target=\"_blank\" rel=\"nofollow noopener\">Flere personer p\u00e5grepet i Hamar-omr\u00e5det \u2013 siktet for vinningskriminalitet<\/a>&nbsp;&nbsp;Radio Haugaland<\/li>\n<\/ol>\n","protected":false},"excerpt":{"rendered":"Krim, Hamar | Politiet har p\u00e5grepet flere personer i Hamar&nbsp;&nbsp;Hamar Arbeiderblad Politiet: Melding om knivstikking p\u00e5 T\u00f8yen i&hellip;\n","protected":false},"author":2,"featured_media":11810,"comment_status":"","ping_status":"","sticky":false,"template":"","format":"standard","meta":{"footnotes":""},"categories":[5],"tags":[20,21,24,25,15,19,22,23,17,18,13,30,28,29,14,16,26,27],"class_list":{"0":"post-93916","1":"post","2":"type-post","3":"status-publish","4":"format-standard","5":"has-post-thumbnail","7":"category-overskrifter","8":"tag-breaking-news","9":"tag-breakingnews","10":"tag-featured-news","11":"tag-featurednews","12":"tag-headlines","13":"tag-hovedoppslag","14":"tag-latest-news","15":"tag-latestnews","16":"tag-main-news","17":"tag-mainnews","18":"tag-news","19":"tag-no","20":"tag-norge","21":"tag-norway","22":"tag-nyheter","23":"tag-overskrifter","24":"tag-top-stories","25":"tag-topstories"},"share_on_mastodon":{"url":"https:\/\/pubeurope.com\/@no\/115594384066455767","error":""},"_links":{"self":[{"href":"https:\/\/www.europesays.com\/no\/wp-json\/wp\/v2\/posts\/93916","targetHints":{"allow":["GET"]}}],"collection":[{"href":"https:\/\/www.europesays.com\/no\/wp-json\/wp\/v2\/posts"}],"about":[{"href":"https:\/\/www.europesays.com\/no\/wp-json\/wp\/v2\/types\/post"}],"author":[{"embeddable":true,"href":"https:\/\/www.europesays.com\/no\/wp-json\/wp\/v2\/users\/2"}],"replies":[{"embeddable":true,"href":"https:\/\/www.europesays.com\/no\/wp-json\/wp\/v2\/comments?post=93916"}],"version-history":[{"count":0,"href":"https:\/\/www.europesays.com\/no\/wp-json\/wp\/v2\/posts\/93916\/revisions"}],"wp:featuredmedia":[{"embeddable":true,"href":"https:\/\/www.europesays.com\/no\/wp-json\/wp\/v2\/media\/11810"}],"wp:attachment":[{"href":"https:\/\/www.europesays.com\/no\/wp-json\/wp\/v2\/media?parent=93916"}],"wp:term":[{"taxonomy":"category","embeddable":true,"href":"https:\/\/www.europesays.com\/no\/wp-json\/wp\/v2\/categories?post=93916"},{"taxonomy":"post_tag","embeddable":true,"href":"https:\/\/www.europesays.com\/no\/wp-json\/wp\/v2\/tags?post=93916"}],"curies":[{"name":"wp","href":"https:\/\/api.w.org\/{rel}","templated":true}]}}