{"id":93921,"date":"2025-11-22T17:04:15","date_gmt":"2025-11-22T17:04:15","guid":{"rendered":"https:\/\/www.europesays.com\/no\/93921\/"},"modified":"2025-11-22T17:04:15","modified_gmt":"2025-11-22T17:04:15","slug":"deler-gladnyhet-4","status":"publish","type":"post","link":"https:\/\/www.europesays.com\/no\/93921\/","title":{"rendered":"Deler gladnyhet"},"content":{"rendered":"<p class=\"kicker \" style=\"\">Linnea L\u00f8tvedt:\u00a0<\/p>\n<p>  Den popul\u00e6re influenseren har forlovet seg: &#8211; Er enda helt skjelven.<\/p>\n<p>\n    FORLOVET: L\u00f8rdag formiddag deler influenseren at hun er forlovet. Foto: Instagram \/ @linnelotvedt\n  <\/p>\n<p> Influenser Linnea L\u00f8tvedt (25) har forlovet seg. Det deler hun selv p\u00e5 Instagram.\u00a0<\/p>\n<p>        PROVOSERER: Traileren til M\u00e4rtha Louise og Durek Verretts bryllupsdokumentar har satt sinnene i kok. Video: Netflix \/ Trailer: \u00abRebel Royals: An Unlikely Love Story\u00bb \/\/ Reporter: H\u00e5vard Bj\u00f8rnerem<\/p>\n<p> \u00abJA!!! JAA! Letteste jaet jeg har sagt i mitt liv. er enda helt skjelven!\u00bb, skriver hun til innlegget.\u00a0<\/p>\n<p>    <a itemprop=\"url\" href=\"https:\/\/www.seher.no\/kongelig\/truet-med-a-avslore-sannheten\/83877179\" rel=\"nofollow noopener\" target=\"_blank\"><\/p>\n<p>      <img loading=\"lazy\" decoding=\"async\" src=\"https:\/\/www.europesays.com\/no\/wp-content\/uploads\/2025\/11\/83877768.webp\" width=\"980\" height=\"441\" title=\"- Truet med \u00e5 avsl\u00f8re sannheten\" alt=\"\" class=\"lazyload\" style=\"--aspect-ratio-image: 2.22; \"\/><\/p>\n<p>        &#8211; Truet med \u00e5 avsl\u00f8re sannheten<\/p>\n<p>    <\/a><\/p>\n<p class=\"font-weight-bold m-font-weight-bold\" data-lab-font_weight=\"font-weight-bold\">Gladnyheten kommer dagen etter at paret annonserte at de venter sitt f\u00f8rste barn sammen<\/p>\n<p>          <img loading=\"lazy\" decoding=\"async\" src=\"https:\/\/www.europesays.com\/no\/wp-content\/uploads\/2025\/11\/83887748.webp\" width=\"686\" height=\"1071\" title=\"PREMIERE: Linnea og Kj\u00e6resten Tarjei sammen p\u00e5 premieren til TV 2-serien \u00abHotellet\u00bb tidligere i \u00e5r. Foto: Andreas Fadum\" alt=\"\" class=\"\" style=\"--aspect-ratio-image: 0.64; \"\/><\/p>\n<p>\n          PREMIERE: Linnea og Kj\u00e6resten Tarjei sammen p\u00e5 premieren til TV 2-serien \u00abHotellet\u00bb tidligere i \u00e5r. Foto: Andreas Fadum\n      <\/p>\n<p>Tidligere i \u00e5r kunne hun\u00a0bekrefte at hun hadde f\u00e5tt seg ny kj\u00e6reste, etter at hun delte bilde av han p\u00e5 Instagram.\u00a0<\/p>\n<p>        R\u00d8PER DETALJ: Tor H\u00e5kon H\u00e5vardsen snublet p\u00e5 m\u00e5lstreken i \u00abForr\u00e6der\u00bb. Video: Nora Skavhaug<\/p>\n<p> &#8211; Vi m\u00f8ttes faktisk p\u00e5 datingapp, noe som er litt morsomt, for det hadde jeg aldri trodd. Han heter Tarjei og er like gammel som meg. Jeg er veldig veldig forelsket, s\u00e5 jeg lever p\u00e5 en rosa sky om dagen, sa hun den gang til\u00a0<a href=\"https:\/\/www.tv2.no\/underholdning\/bekrefter-nytt-forhold-mottes-pa-datingapp\/17462444\/\" rel=\"nofollow noopener\" target=\"_blank\">TV 2<\/a>. <\/p>\n","protected":false},"excerpt":{"rendered":"Linnea L\u00f8tvedt:\u00a0 Den popul\u00e6re influenseren har forlovet seg: &#8211; Er enda helt skjelven. FORLOVET: L\u00f8rdag formiddag deler influenseren&hellip;\n","protected":false},"author":2,"featured_media":93922,"comment_status":"","ping_status":"","sticky":false,"template":"","format":"standard","meta":{"footnotes":""},"categories":[5],"tags":[20,21,24,25,15,19,479,2543,22,23,8549,17,18,13,30,28,29,14,16,26,27],"class_list":{"0":"post-93921","1":"post","2":"type-post","3":"status-publish","4":"format-standard","5":"has-post-thumbnail","7":"category-overskrifter","8":"tag-breaking-news","9":"tag-breakingnews","10":"tag-featured-news","11":"tag-featurednews","12":"tag-headlines","13":"tag-hovedoppslag","14":"tag-kjendis","15":"tag-kjendisdesken","16":"tag-latest-news","17":"tag-latestnews","18":"tag-linnea-lotvedt","19":"tag-main-news","20":"tag-mainnews","21":"tag-news","22":"tag-no","23":"tag-norge","24":"tag-norway","25":"tag-nyheter","26":"tag-overskrifter","27":"tag-top-stories","28":"tag-topstories"},"share_on_mastodon":{"url":"https:\/\/pubeurope.com\/@no\/115594439380441335","error":""},"_links":{"self":[{"href":"https:\/\/www.europesays.com\/no\/wp-json\/wp\/v2\/posts\/93921","targetHints":{"allow":["GET"]}}],"collection":[{"href":"https:\/\/www.europesays.com\/no\/wp-json\/wp\/v2\/posts"}],"about":[{"href":"https:\/\/www.europesays.com\/no\/wp-json\/wp\/v2\/types\/post"}],"author":[{"embeddable":true,"href":"https:\/\/www.europesays.com\/no\/wp-json\/wp\/v2\/users\/2"}],"replies":[{"embeddable":true,"href":"https:\/\/www.europesays.com\/no\/wp-json\/wp\/v2\/comments?post=93921"}],"version-history":[{"count":0,"href":"https:\/\/www.europesays.com\/no\/wp-json\/wp\/v2\/posts\/93921\/revisions"}],"wp:featuredmedia":[{"embeddable":true,"href":"https:\/\/www.europesays.com\/no\/wp-json\/wp\/v2\/media\/93922"}],"wp:attachment":[{"href":"https:\/\/www.europesays.com\/no\/wp-json\/wp\/v2\/media?parent=93921"}],"wp:term":[{"taxonomy":"category","embeddable":true,"href":"https:\/\/www.europesays.com\/no\/wp-json\/wp\/v2\/categories?post=93921"},{"taxonomy":"post_tag","embeddable":true,"href":"https:\/\/www.europesays.com\/no\/wp-json\/wp\/v2\/tags?post=93921"}],"curies":[{"name":"wp","href":"https:\/\/api.w.org\/{rel}","templated":true}]}}