{"id":93925,"date":"2025-11-22T17:10:19","date_gmt":"2025-11-22T17:10:19","guid":{"rendered":"https:\/\/www.europesays.com\/no\/93925\/"},"modified":"2025-11-22T17:10:19","modified_gmt":"2025-11-22T17:10:19","slug":"trafikk-ringerike-har-sendt-ut-farevarsel-for-lordag-kveld","status":"publish","type":"post","link":"https:\/\/www.europesays.com\/no\/93925\/","title":{"rendered":"Trafikk, Ringerike | Har sendt ut farevarsel for l\u00f8rdag kveld"},"content":{"rendered":"\n<p>If\u00f8lge et farevarsel fra Meteorologisk institutt er dalstr\u00f8kene i indre deler av \u00d8stlandet mest utsatt. I h\u00f8yden vil nedb\u00f8ren komme som sn\u00f8.<\/p>\n<p>Det meldes om lokalt vanskelige kj\u00f8reforhold, og at transporttjenester kan bli p\u00e5virket. Meteorologene anbefaler folk \u00e5 beregne ekstra tid til transport og kj\u00f8ring, og \u00e5 bruke riktige dekk og kj\u00f8re etter forholdene. Farevarselet gjelder fra klokken 18 til klokken 24, n\u00e5r faren for underkj\u00f8lt regn ventes \u00e5 avta.<\/p>\n<p>I H\u00f8nefoss sentrum rapporterer Ringerikes Blads reporter om enkelte biler som sklir allerede ved 17-tiden, og opp fra gratisparkeringen ved Peters\u00f8ya skal det ha v\u00e6rt spesielt vanskelig for en bilist.<\/p>\n<p>   <img decoding=\"async\" width=\"1200\" height=\"675\" fetchpriority=\"low\"  loading=\"lazy\"  src=\"https:\/\/www.europesays.com\/no\/wp-content\/uploads\/2025\/11\/1763831415_233_88bf51a6-0ca4-479a-8447-814c5db1bbdc.png\" alt=\"\" class=\"brick-c-cFOWSL\" style=\"--brick-image-ratio: 1200 \/ 675;\"\/><\/p>\n<p>      ISFARE: Farevarselet er utstedt for indre deler av \u00d8stlandet.<br \/>\n      Foto: Yr.no\n    <\/p>\n<p>   <img decoding=\"async\" width=\"792\" height=\"557\" fetchpriority=\"low\"  loading=\"lazy\"  src=\"https:\/\/www.europesays.com\/no\/wp-content\/uploads\/2025\/11\/Skjermbilde+2025-11-22+165019.png\" alt=\"\" class=\"brick-c-cFOWSL\" style=\"--brick-image-ratio: 792 \/ 557;\"\/><\/p>\n<p>      SOLLIH\u00d8GDA: Slik s\u00e5 det ut der ved 16.45-tiden.<br \/>\n      Foto: Statens vegvesen\n    <\/p>\n<p>   <img decoding=\"async\" width=\"800\" height=\"600\" fetchpriority=\"low\"  loading=\"lazy\"  src=\"https:\/\/www.europesays.com\/no\/wp-content\/uploads\/2025\/11\/3000681_1.jpg\" alt=\"\" class=\"brick-c-cFOWSL\" style=\"--brick-image-ratio: 800 \/ 600;\"\/><\/p>\n<p>      E16: Her st\u00e5a ved Randselva bru i retning Lunner.<br \/>\n      Foto: Statens vegvesen\n    <\/p>\n<p>   <img decoding=\"async\" width=\"800\" height=\"600\" fetchpriority=\"low\"  loading=\"lazy\"  src=\"https:\/\/www.europesays.com\/no\/wp-content\/uploads\/2025\/11\/0629009_1.jpg\" alt=\"\" class=\"brick-c-cFOWSL\" style=\"--brick-image-ratio: 800 \/ 600;\"\/><\/p>\n<p>      BL\u00d8TT: Her p\u00e5 riksvei 350 ved Nakkerud.<br \/>\n      Foto: Statens vegvesen\n    <\/p>\n<p>   <img decoding=\"async\" width=\"1024\" height=\"576\" fetchpriority=\"low\"  loading=\"lazy\"  src=\"https:\/\/www.europesays.com\/no\/wp-content\/uploads\/2025\/11\/3000816_1.jpg\" alt=\"\" class=\"brick-c-cFOWSL\" style=\"--brick-image-ratio: 1024 \/ 576;\"\/><\/p>\n<p>      HALLINGBY: Slik var st\u00e5a p\u00e5 E16 i Hallingby rett f\u00f8r klokken 17.<br \/>\n      Foto: Statens vegvesen\n    <\/p>\n<p>   <img decoding=\"async\" width=\"800\" height=\"450\" fetchpriority=\"low\"  loading=\"lazy\"  src=\"https:\/\/www.europesays.com\/no\/wp-content\/uploads\/2025\/11\/3000682_1.jpg\" alt=\"\" class=\"brick-c-cFOWSL\" style=\"--brick-image-ratio: 800 \/ 450;\"\/><\/p>\n<p>      E16: Her ved Olum.<br \/>\n      Foto: Statens vegvesen\n    <\/p>\n","protected":false},"excerpt":{"rendered":"If\u00f8lge et farevarsel fra Meteorologisk institutt er dalstr\u00f8kene i indre deler av \u00d8stlandet mest utsatt. I h\u00f8yden vil&hellip;\n","protected":false},"author":2,"featured_media":93926,"comment_status":"","ping_status":"","sticky":false,"template":"","format":"standard","meta":{"footnotes":""},"categories":[10],"tags":[36,20,21,102,24,25,15,22,23,13,30,28,29,14,16,2032,1510,26,27,224],"class_list":{"0":"post-93925","1":"post","2":"type-post","3":"status-publish","4":"format-standard","5":"has-post-thumbnail","7":"category-norge","8":"tag-art","9":"tag-breaking-news","10":"tag-breakingnews","11":"tag-farevarsel","12":"tag-featured-news","13":"tag-featurednews","14":"tag-headlines","15":"tag-latest-news","16":"tag-latestnews","17":"tag-news","18":"tag-no","19":"tag-norge","20":"tag-norway","21":"tag-nyheter","22":"tag-overskrifter","23":"tag-ringerike","24":"tag-story","25":"tag-top-stories","26":"tag-topstories","27":"tag-trafikk"},"share_on_mastodon":{"url":"https:\/\/pubeurope.com\/@no\/115594463137859968","error":""},"_links":{"self":[{"href":"https:\/\/www.europesays.com\/no\/wp-json\/wp\/v2\/posts\/93925","targetHints":{"allow":["GET"]}}],"collection":[{"href":"https:\/\/www.europesays.com\/no\/wp-json\/wp\/v2\/posts"}],"about":[{"href":"https:\/\/www.europesays.com\/no\/wp-json\/wp\/v2\/types\/post"}],"author":[{"embeddable":true,"href":"https:\/\/www.europesays.com\/no\/wp-json\/wp\/v2\/users\/2"}],"replies":[{"embeddable":true,"href":"https:\/\/www.europesays.com\/no\/wp-json\/wp\/v2\/comments?post=93925"}],"version-history":[{"count":0,"href":"https:\/\/www.europesays.com\/no\/wp-json\/wp\/v2\/posts\/93925\/revisions"}],"wp:featuredmedia":[{"embeddable":true,"href":"https:\/\/www.europesays.com\/no\/wp-json\/wp\/v2\/media\/93926"}],"wp:attachment":[{"href":"https:\/\/www.europesays.com\/no\/wp-json\/wp\/v2\/media?parent=93925"}],"wp:term":[{"taxonomy":"category","embeddable":true,"href":"https:\/\/www.europesays.com\/no\/wp-json\/wp\/v2\/categories?post=93925"},{"taxonomy":"post_tag","embeddable":true,"href":"https:\/\/www.europesays.com\/no\/wp-json\/wp\/v2\/tags?post=93925"}],"curies":[{"name":"wp","href":"https:\/\/api.w.org\/{rel}","templated":true}]}}