{"id":93927,"date":"2025-11-22T17:11:14","date_gmt":"2025-11-22T17:11:14","guid":{"rendered":"https:\/\/www.europesays.com\/no\/93927\/"},"modified":"2025-11-22T17:11:14","modified_gmt":"2025-11-22T17:11:14","slug":"nyheter-trafikk-advarer-om-sapeglatte-veier-har-saltet-i-hele-natt-varingen","status":"publish","type":"post","link":"https:\/\/www.europesays.com\/no\/93927\/","title":{"rendered":"Nyheter, Trafikk | Advarer om s\u00e5peglatte veier: \u2013 Har saltet i hele natt &#8211; Varingen"},"content":{"rendered":"<ol>\n<li><a href=\"https:\/\/news.google.com\/rss\/articles\/CBMikgFBVV95cUxQLWEteXYwRFp0WWd5V3dmaWlwVmdpRG94VXJUUTQ2RnUzSWZUNzhleldXTzdfWXFud0kwY1dIZ19ibkhuQjlQeVZreUNibWwtUVpXVWQteDk2TzhYTmw1TmZ4YV9TTWRPQVROWW5CUXhQRHZyRG9hMzRQbEtGUW55S3dGVmdkU0lvSkhsY1cwX2tfQQ?oc=5\" target=\"_blank\" rel=\"nofollow noopener\">Nyheter, Trafikk | Advarer om s\u00e5peglatte veier: \u2013 Har saltet i hele natt<\/a>&nbsp;&nbsp;Varingen<\/li>\n<li><a href=\"https:\/\/news.google.com\/rss\/articles\/CBMiiAFBVV95cUxQcWU0VlNtbnJiRmNTQ0laV2FOUUZGLWVadk1tRXVaSDZpUWpCUU5yekJEYWlVVUN4WV8zT0dGZHY4VW9XcGNNQnJnZ2dPSXJxQlVDUGxKb2luaUZHdk9RdFBJaDB2enNfcDlhdDNzVGRlWGJUZXBUUFNrSGdzdmk5bzhwc1MyYUVG?oc=5\" target=\"_blank\" rel=\"nofollow noopener\">Flere ulykker i morgentimene: \u2013\u2060 Det er kjempeglatt, advarer politiet<\/a>&nbsp;&nbsp;VG<\/li>\n<li><a href=\"https:\/\/news.google.com\/rss\/articles\/CBMikwFBVV95cUxNX2tJbDRrUWU5VzJMbllYSHZ4dGkyRWJUQUlJQzliMmtPR1paN2tSOHBEcUQySkQtX2EzMG1GS19Hb0V0TmljQmh2Z2hSelc0NVhWUWtNcVNhQmJBVWM2RmFEOWlTTHc1NjNqSFNWLW9MYWtDLTYwN0JZMFl0N3F6LTJkaUw5ZS02NVJ6UG43cFJWWkk?oc=5\" target=\"_blank\" rel=\"nofollow noopener\">Advarer om glatte veier \u2013 flere lastebiler har veltet<\/a>&nbsp;&nbsp;NRK<\/li>\n<li><a href=\"https:\/\/news.google.com\/rss\/articles\/CBMigAFBVV95cUxNbHJvTEJ5RVhma1ZuM19Fbl9zZkZOSlR6aG9fcTFYMVloV3RIWlhtOHF6ODQ5ZDFXYU1jdkFFQ09KdW12MElPN0kzb0IwMVBub3VJQm9tVnRWaXBDTXhURHJqbjNjd0RZVnFRcTR4dDlab1ZqNmFuQ2E1Rl9DQ0hvbQ?oc=5\" target=\"_blank\" rel=\"nofollow noopener\">V\u00e6r, Regn | \u2013 Det er greit \u00e5 v\u00e6re forsiktig om du skal ut \u00e5 kj\u00f8re i dag<\/a>&nbsp;&nbsp;Fredriksstad Blad<\/li>\n<li><a href=\"https:\/\/news.google.com\/rss\/articles\/CBMigAFBVV95cUxQMWpNT2NyZnpZbXVUVl9pZmxjd1d2aTVmMlNLRHJUS3cyRTBGZDNNTldwSmIwMnpMVlBUTlduVWdhSVRVSVZ5OTZxQU0taERuT3hYLUhOaEFEQ3l3Wkx6ejRhc3ZXQTdyTXJhbkxfMmRjVGJmUDJVQzVIYXVrcl9HMg?oc=5\" target=\"_blank\" rel=\"nofollow noopener\">Lastebil med fisk skled av veien: \u2013 Glatt<\/a>&nbsp;&nbsp;TV2.no<\/li>\n<\/ol>\n","protected":false},"excerpt":{"rendered":"Nyheter, Trafikk | Advarer om s\u00e5peglatte veier: \u2013 Har saltet i hele natt&nbsp;&nbsp;Varingen Flere ulykker i morgentimene: \u2013\u2060&hellip;\n","protected":false},"author":2,"featured_media":93928,"comment_status":"","ping_status":"","sticky":false,"template":"","format":"standard","meta":{"footnotes":""},"categories":[5],"tags":[20,21,24,25,15,19,22,23,17,18,13,30,28,29,14,16,26,27],"class_list":{"0":"post-93927","1":"post","2":"type-post","3":"status-publish","4":"format-standard","5":"has-post-thumbnail","7":"category-overskrifter","8":"tag-breaking-news","9":"tag-breakingnews","10":"tag-featured-news","11":"tag-featurednews","12":"tag-headlines","13":"tag-hovedoppslag","14":"tag-latest-news","15":"tag-latestnews","16":"tag-main-news","17":"tag-mainnews","18":"tag-news","19":"tag-no","20":"tag-norge","21":"tag-norway","22":"tag-nyheter","23":"tag-overskrifter","24":"tag-top-stories","25":"tag-topstories"},"share_on_mastodon":{"url":"https:\/\/pubeurope.com\/@no\/115594466757412647","error":""},"_links":{"self":[{"href":"https:\/\/www.europesays.com\/no\/wp-json\/wp\/v2\/posts\/93927","targetHints":{"allow":["GET"]}}],"collection":[{"href":"https:\/\/www.europesays.com\/no\/wp-json\/wp\/v2\/posts"}],"about":[{"href":"https:\/\/www.europesays.com\/no\/wp-json\/wp\/v2\/types\/post"}],"author":[{"embeddable":true,"href":"https:\/\/www.europesays.com\/no\/wp-json\/wp\/v2\/users\/2"}],"replies":[{"embeddable":true,"href":"https:\/\/www.europesays.com\/no\/wp-json\/wp\/v2\/comments?post=93927"}],"version-history":[{"count":0,"href":"https:\/\/www.europesays.com\/no\/wp-json\/wp\/v2\/posts\/93927\/revisions"}],"wp:featuredmedia":[{"embeddable":true,"href":"https:\/\/www.europesays.com\/no\/wp-json\/wp\/v2\/media\/93928"}],"wp:attachment":[{"href":"https:\/\/www.europesays.com\/no\/wp-json\/wp\/v2\/media?parent=93927"}],"wp:term":[{"taxonomy":"category","embeddable":true,"href":"https:\/\/www.europesays.com\/no\/wp-json\/wp\/v2\/categories?post=93927"},{"taxonomy":"post_tag","embeddable":true,"href":"https:\/\/www.europesays.com\/no\/wp-json\/wp\/v2\/tags?post=93927"}],"curies":[{"name":"wp","href":"https:\/\/api.w.org\/{rel}","templated":true}]}}