{"id":93931,"date":"2025-11-22T17:13:13","date_gmt":"2025-11-22T17:13:13","guid":{"rendered":"https:\/\/www.europesays.com\/no\/93931\/"},"modified":"2025-11-22T17:13:13","modified_gmt":"2025-11-22T17:13:13","slug":"stralende-oyeblikk-pa-nepobaby-premiere","status":"publish","type":"post","link":"https:\/\/www.europesays.com\/no\/93931\/","title":{"rendered":"Str\u00e5lende \u00f8yeblikk p\u00e5 \u00abNepobaby\u00bb premiere"},"content":{"rendered":"<p class=\"kicker \" style=\"\">Jan Thomas<\/p>\n<p>  P\u00e5 premieren av TV 2-serien \u00abNepobaby\u00bb var det ikke fritt for at seriens skaper str\u00e5lte litt ekstra p\u00e5 r\u00f8d l\u00f8per.<\/p>\n<p>\n    P\u00c5 R\u00d8DL\u00d8PER: Harald Eia (59), Vivild Falk Berg (27) og Nicolai Cleve Broch (49). Foto: Andreas Fadum og NTB\n  <\/p>\n<p>            <img loading=\"lazy\" decoding=\"async\" src=\"https:\/\/www.europesays.com\/no\/wp-content\/uploads\/2025\/11\/83830522.webp\" width=\"579\" height=\"869\" title=\"Imponerende\" alt=\"\" class=\"\" style=\"--aspect-ratio-image: 0.67; \"\/><\/p>\n<p class=\"font-weight-bold m-font-weight-bold\" data-lab-font_weight=\"font-weight-bold\">Bertine Zetlitz (50)<\/p>\n<p>Artist <\/p>\n<p>Antrekk: Ukjent<\/p>\n<p>Bertine er en artist som vet n\u00f8yaktig hvordan man inntar den r\u00f8de l\u00f8peren. N\u00e5r man f\u00f8rst stiller opp, l\u00f8nner det seg \u00e5 legge inn litt innsats, og nok en gang leverer Bertine til terningkast seks.\u00a0<\/p>\n<p>Det sexy antrekket balanserer det rocka og det myke p\u00e5 et elegant vis, og resultatet er en gjennomf\u00f8rt og imponerende helhet.<\/p>\n<p>      Vis mer<br \/>\n      Vis mindre<\/p>\n<p>            <img loading=\"lazy\" decoding=\"async\" src=\"https:\/\/www.europesays.com\/no\/wp-content\/uploads\/2025\/11\/83830531.webp\" width=\"579\" height=\"962\" title=\"Kunne v\u00e6rt kulere\" alt=\"\" class=\"\" style=\"--aspect-ratio-image: 0.60; \"\/><\/p>\n<p class=\"font-weight-bold m-font-weight-bold\" data-lab-font_weight=\"font-weight-bold\">Harald Eia (59)<\/p>\n<p>Programleder og komiker<\/p>\n<p>Antrekk: Ukjent<\/p>\n<p>Harald har imponert meg stort med serien \u00abHarald og sytepavene\u00bb p\u00e5 VGTV, men n\u00e5 skal jeg snakke om stilen hans. Denim p\u00e5 denim er tilbake, men jeg ville valgt en litt l\u00f8sere jeansmodell for \u00e5 f\u00e5 et mer avslappet og moderne uttrykk.\u00a0<\/p>\n<p>Sneakersene kunne v\u00e6rt litt kulere og mindre treningsaktige, mens skjerfet i halsen er en stilig detalj som virkelig trekker opp.<\/p>\n<p>      Vis mer<br \/>\n      Vis mindre<\/p>\n<p>            <img loading=\"lazy\" decoding=\"async\" src=\"https:\/\/www.europesays.com\/no\/wp-content\/uploads\/2025\/11\/83830536.webp\" width=\"579\" height=\"973\" title=\"Eier \u00f8yeblikket\" alt=\"\" class=\"\" style=\"--aspect-ratio-image: 0.60; \"\/><\/p>\n<p class=\"font-weight-bold m-font-weight-bold\" data-lab-font_weight=\"font-weight-bold\">Henriette Steenstrup (51)<\/p>\n<p>Kjent fra \u00abP\u00f8rni\u00bb og \u00abNepobaby\u00bb<\/p>\n<p>Antrekk: \u00d8redobber fra Pearl Octopuss.y<\/p>\n<p>Henriette er et eventyr p\u00e5 skjermen, og n\u00e5 ogs\u00e5 et ikon p\u00e5 den r\u00f8de l\u00f8peren. Denne kjolen har alt jeg elsker \u2013 moderne, sofistikert og samtidig sensuell p\u00e5 den mest naturlige m\u00e5ten. H\u00e5ret og makeupen sitter perfekt og fremhever hennes unike eleganse. Det er nesten umulig \u00e5 forst\u00e5 hvor stort l\u00f8ft Henriettes stil har hatt de siste \u00e5rene \u2013 men en ting er sikkert: Hun eier hvert eneste \u00f8yeblikk.<\/p>\n<p>      Vis mer<br \/>\n      Vis mindre<\/p>\n<p>            <img loading=\"lazy\" decoding=\"async\" src=\"https:\/\/www.europesays.com\/no\/wp-content\/uploads\/2025\/11\/83830539.webp\" width=\"530\" height=\"997\" title=\"Klassisk forsiktig\" alt=\"\" class=\"\" style=\"--aspect-ratio-image: 0.53; \"\/><\/p>\n<p class=\"font-weight-bold m-font-weight-bold\" data-lab-font_weight=\"font-weight-bold\">Nicolai Cleve Broch (49)<\/p>\n<p>Kjent fra \u00abMax Manus\u00bb<\/p>\n<p>Antrekk: Ukjent<\/p>\n<p>Nicolai er uten tvil en av Norges kjekkeste menn, og med et s\u00e5 sterkt utgangspunkt forventer man ogs\u00e5 litt mer. Dressen er klassisk, men mangler det lille ekstra som kunne l\u00f8ftet helheten.\u00a0<\/p>\n<p>Passformen er ikke helt som den burde, og uttrykket blir derfor mer forsiktig enn elegant. Med et tydeligere stiluttrykk kunne Nicolay lett fremst\u00e5tt som en internasjonal motestjerne \u2013 for potensialet er enormt.<\/p>\n<p>      Vis mer<br \/>\n      Vis mindre<\/p>\n<p>            <img loading=\"lazy\" decoding=\"async\" src=\"https:\/\/www.europesays.com\/no\/wp-content\/uploads\/2025\/11\/83830555.webp\" width=\"579\" height=\"944\" title=\"Bevisst eleganse\" alt=\"\" class=\"\" style=\"--aspect-ratio-image: 0.61; \"\/><\/p>\n<p class=\"font-weight-bold m-font-weight-bold\" data-lab-font_weight=\"font-weight-bold\">Vivild Falk Berg (27)<\/p>\n<p>Kjent fra \u00abP\u00f8rni\u00bb og \u00abNepobaby\u00bb<\/p>\n<p>Antrekk: Kjole fra Mac Duggal<\/p>\n<p>Vivilid g\u00e5r p\u00e5 den r\u00f8de l\u00f8peren med stil og selvtillit. Dette er et str\u00e5lende eksempel p\u00e5 hvordan man kan bruke slike anledninger som gratis markedsf\u00f8ring. Kjolen er krevende og ikke for alle, men den kler henne perfekt fordi hun eier sitt eget uttrykk.\u00a0<\/p>\n<p>Det er sjelden vi ser dette niv\u00e5et av bevisst eleganse i Norge, og derfor fortjener hun en ekstra hyllest.<\/p>\n<p>      Vis mer<br \/>\n      Vis mindre<\/p>\n<p>.<\/p>\n","protected":false},"excerpt":{"rendered":"Jan Thomas P\u00e5 premieren av TV 2-serien \u00abNepobaby\u00bb var det ikke fritt for at seriens skaper str\u00e5lte litt&hellip;\n","protected":false},"author":2,"featured_media":93932,"comment_status":"","ping_status":"","sticky":false,"template":"","format":"standard","meta":{"footnotes":""},"categories":[58],"tags":[12198,4104,71,2429,7681,2286,479,8012,9508,9510,30,28,29,72,8113],"class_list":{"0":"post-93931","1":"post","2":"type-post","3":"status-publish","4":"format-standard","5":"has-post-thumbnail","7":"category-underholdning","8":"tag-bertine-zetlitz","9":"tag-eksklusivt","10":"tag-entertainment","11":"tag-harald-eia","12":"tag-henriette-steenstrup","13":"tag-jan-thomas","14":"tag-kjendis","15":"tag-motepolitiet","16":"tag-nepobaby","17":"tag-nicolai-cleve-broch","18":"tag-no","19":"tag-norge","20":"tag-norway","21":"tag-underholdning","22":"tag-vivild-falk-berg"},"share_on_mastodon":{"url":"https:\/\/pubeurope.com\/@no\/115594474974946130","error":""},"_links":{"self":[{"href":"https:\/\/www.europesays.com\/no\/wp-json\/wp\/v2\/posts\/93931","targetHints":{"allow":["GET"]}}],"collection":[{"href":"https:\/\/www.europesays.com\/no\/wp-json\/wp\/v2\/posts"}],"about":[{"href":"https:\/\/www.europesays.com\/no\/wp-json\/wp\/v2\/types\/post"}],"author":[{"embeddable":true,"href":"https:\/\/www.europesays.com\/no\/wp-json\/wp\/v2\/users\/2"}],"replies":[{"embeddable":true,"href":"https:\/\/www.europesays.com\/no\/wp-json\/wp\/v2\/comments?post=93931"}],"version-history":[{"count":0,"href":"https:\/\/www.europesays.com\/no\/wp-json\/wp\/v2\/posts\/93931\/revisions"}],"wp:featuredmedia":[{"embeddable":true,"href":"https:\/\/www.europesays.com\/no\/wp-json\/wp\/v2\/media\/93932"}],"wp:attachment":[{"href":"https:\/\/www.europesays.com\/no\/wp-json\/wp\/v2\/media?parent=93931"}],"wp:term":[{"taxonomy":"category","embeddable":true,"href":"https:\/\/www.europesays.com\/no\/wp-json\/wp\/v2\/categories?post=93931"},{"taxonomy":"post_tag","embeddable":true,"href":"https:\/\/www.europesays.com\/no\/wp-json\/wp\/v2\/tags?post=93931"}],"curies":[{"name":"wp","href":"https:\/\/api.w.org\/{rel}","templated":true}]}}