{"id":93939,"date":"2025-11-22T17:23:23","date_gmt":"2025-11-22T17:23:23","guid":{"rendered":"https:\/\/www.europesays.com\/no\/93939\/"},"modified":"2025-11-22T17:23:23","modified_gmt":"2025-11-22T17:23:23","slug":"byen-i-krig-med-ice","status":"publish","type":"post","link":"https:\/\/www.europesays.com\/no\/93939\/","title":{"rendered":"Byen i krig med ICE"},"content":{"rendered":"\n<p class=\"_paragraph_o9xde_4 _paragraph_xtcu6_10 layout-component text-serif-m layout-normal text-serif-m layout-padded _medium_xtcu6_25\">I seks uker har en klappjakt snudd <a href=\"https:\/\/www.vg.no\/tag\/usa?utm_source=vg-article&amp;utm_medium=auto-tagger&amp;utm_campaign=vgE4kw\" class=\"_link_o9xde_39\" rel=\"nofollow noopener\" target=\"_blank\">USAs<\/a> tredje st\u00f8rste by p\u00e5 hodet.<\/p>\n<p class=\"_paragraph_o9xde_4 _paragraph_xtcu6_10 layout-component text-serif-m layout-normal text-serif-m layout-padded _medium_xtcu6_25\">President Donald Trump har stemplet byen som en krigssone, og truer med \u00e5 sende inn soldater.<\/p>\n<p class=\"_paragraph_o9xde_4 _paragraph_xtcu6_10 layout-component text-serif-m layout-normal text-serif-m layout-padded _medium_xtcu6_25\">VG tilbrakte tre d\u00f8gn i Chicago, for \u00e5 treffe dem som st\u00e5r midt i stormen.<\/p>\n<p> Disse p\u00e5gripes: Tanias historie<\/p>\n<p class=\"_paragraph_o9xde_4 _paragraph_xtcu6_10 layout-component text-serif-m layout-normal text-serif-m layout-padded\"><strong class=\"_strong_o9xde_25\">Tania Martinez<\/strong> (32) v\u00e5ger knapt \u00e5 forlate sin kn\u00f8ttlille loftsleilighet. <\/p>\n<p class=\"_paragraph_o9xde_4 _paragraph_xtcu6_10 layout-component text-serif-m layout-normal text-serif-m layout-padded\">Hun er \u00e9n av dem som jages. Mannen Sergio (37) er allerede tatt.<\/p>\n<p class=\"_paragraph_o9xde_4 _paragraph_xtcu6_10 layout-component text-serif-m layout-normal text-serif-m layout-padded\">\u2013 Vi er blant de ulovlige, forteller hun.<\/p>\n<p><img alt=\"\" class=\"_image_qp4xg_65 layout-component layout-fullwidth\" data-fullscreen- data-track-element-type=\"Article image fullscreen\" data-track-name=\"ImageFullscreen\" decoding=\"async\" loading=\"lazy\" height=\"3200\" itemprop=\"image\"  src=\"https:\/\/www.europesays.com\/no\/wp-content\/uploads\/2025\/11\/0291f840-4992-43a0-b851-4d5b0bc0adfb\"  style=\"object-position:0% 0%\" width=\"3152\"\/><\/p>\n<p class=\"_paragraph_o9xde_4 _paragraph_xtcu6_10 layout-component text-serif-m layout-normal text-serif-m layout-padded\"><strong class=\"_strong_o9xde_25\">Tania krysset grensen <\/strong>fra Mexico med moren da hun var 10 \u00e5r gammel, hjulpet av menneskesmuglere.<\/p>\n<p class=\"_paragraph_o9xde_4 _paragraph_xtcu6_10 layout-component text-serif-m layout-normal text-serif-m layout-padded\">Under president Joe Biden l\u00e5 hun an til \u00e5 f\u00e5 et amnesti, slik at arbeidstillatelse kunne blitt til permanent opphold.<\/p>\n<p class=\"_paragraph_o9xde_4 _paragraph_xtcu6_10 layout-component text-serif-m layout-normal text-serif-m layout-padded\">Under president Donald Trump, er den muligheten fjernet. <\/p>\n<p class=\"_paragraph_o9xde_4 _paragraph_xtcu6_10 layout-component text-serif-m layout-normal text-serif-m layout-padded\">Men det som skjer i Chicago, er noe ganske annet enn det som ble sagt p\u00e5 forh\u00e5nd.<\/p>\n<p><img alt=\"\" class=\"_image_qp4xg_65 layout-component layout-fullwidth\" data-fullscreen- data-track-element-type=\"Article image fullscreen\" data-track-name=\"ImageFullscreen\" decoding=\"async\" loading=\"lazy\" height=\"1907\" itemprop=\"image\"  src=\"https:\/\/www.europesays.com\/no\/wp-content\/uploads\/2025\/11\/68ab7545-265d-4178-a65a-0540c1a907a4\"  style=\"object-position:0% 0%\" width=\"1900\"\/><\/p>\n<p class=\"_paragraph_o9xde_4 _paragraph_xtcu6_10 layout-component text-serif-m layout-normal text-serif-m layout-padded\"><strong class=\"_strong_o9xde_25\">Da \u00abOperation Midway Blitz\u00bb<\/strong> startet i Chicago den 9. september, kunngjorde USAs sikkerhetsdepartement at migrant-politiet ICEICEU.S. Immigration and Customs Enforcement skulle p\u00e5gripe <a href=\"https:\/\/www.vg.no\/nyheter\/i\/KMXMP7\/dette-er-de-kriminelle-trump-vil-kaste-ut-nabolaget-lever-i-frykt\" data-track-element-type=\"Link\" data-track-id=\"link:KMXMP7\" class=\"_link_o9xde_39\" rel=\"nofollow noopener\" target=\"_blank\">ulovlige innvandrere med kriminell bakgrunn<\/a>.<\/p>\n<p class=\"_paragraph_o9xde_4 _paragraph_xtcu6_10 layout-component text-serif-m layout-normal text-serif-m layout-padded\">Fasit s\u00e5 langt er at <a href=\"https:\/\/www.cbsnews.com\/chicago\/news\/chicago-area-ice-arrests-600-criminal-histories-high-public-safety-risk\/\" class=\"_link_o9xde_39\" rel=\"nofollow noopener\" target=\"_blank\">kun 16 av de 607<\/a> som er p\u00e5grepet i Chicago, har hatt rulleblad.<\/p>\n<p class=\"_paragraph_o9xde_4 _paragraph_xtcu6_10 layout-component text-serif-m layout-normal text-serif-m layout-padded\">De aller fleste er arbeidsinnvandrere, som har bodd og jobbet i USA i \u00e5revis, med uavklart oppholdstillatelse.<\/p>\n<p class=\"_paragraph_o9xde_4 _paragraph_xtcu6_10 layout-component text-serif-m layout-normal text-serif-m layout-padded\">\u2013 Sergio kom som 16-\u00e5ring. Han har bodd her i 21 \u00e5r. Jeg har bodd her i 20 \u00e5r. Vi har aldri gjort noe kriminelt. Vi har jobbet hardt, holdt hodet lavt og bygd et liv her.<\/p>\n<p><img alt=\"\" class=\"_image_qp4xg_65 layout-component layout-fullwidth\" data-fullscreen- data-track-element-type=\"Article image fullscreen\" data-track-name=\"ImageFullscreen\" decoding=\"async\" loading=\"lazy\" height=\"3246\" itemprop=\"image\"  src=\"https:\/\/www.europesays.com\/no\/wp-content\/uploads\/2025\/11\/53cbf124-e8a3-4c6d-8c25-8fe4ced55ba9\"  style=\"object-position:0% 0%\" width=\"3106\"\/><\/p>\n<p class=\"_paragraph_o9xde_4 _paragraph_xtcu6_10 layout-component text-serif-m layout-normal text-serif-m layout-padded\"><strong class=\"_strong_o9xde_25\">Datteren Azareth (6)<\/strong> og s\u00f8nnen Santiago (12) er f\u00f8dt i USA, og er dermed amerikanske statsborgere.<\/p>\n<p class=\"_paragraph_o9xde_4 _paragraph_xtcu6_10 layout-component text-serif-m layout-normal text-serif-m layout-padded\">\u2013 Det har v\u00e6rt utrolig vondt \u00e5 miste pappa. Jeg tenker p\u00e5 det hele tiden, og det har begynt \u00e5 g\u00e5 d\u00e5rlig p\u00e5 skolen. Jeg klarer ikke \u00e5 konsentrere meg, forteller Santiago.<\/p>\n<p class=\"_paragraph_o9xde_4 _paragraph_xtcu6_10 layout-component text-serif-m layout-normal text-serif-m layout-padded\">N\u00e5 f\u00e5r s\u00f8sknene oppf\u00f8lging av skolens psykolog. <\/p>\n<p class=\"_paragraph_o9xde_4 _paragraph_xtcu6_10 layout-component text-serif-m layout-normal text-serif-m layout-padded\">Barn som f\u00f8des i USA av migranter kalles ofte for \u00abankerbabyer\u00bb. Og for pappa Sergio kan barna bli en livslinje. <\/p>\n<p><img alt=\"\" class=\"_image_qp4xg_65 layout-component layout-fullwidth\" data-fullscreen- data-track-element-type=\"Article image fullscreen\" data-track-name=\"ImageFullscreen\" decoding=\"async\" loading=\"lazy\" height=\"3049\" itemprop=\"image\"  src=\"https:\/\/www.europesays.com\/no\/wp-content\/uploads\/2025\/11\/1a7af549-8e1d-4451-942d-a5eea977a2b2\"  style=\"object-position:0% 0%\" width=\"2890\"\/><\/p>\n<p class=\"_paragraph_o9xde_4 _paragraph_xtcu6_10 layout-component text-serif-m layout-normal text-serif-m layout-padded\"><strong class=\"_strong_o9xde_25\">Familiens advokat<\/strong> fors\u00f8ker \u00e5 f\u00e5 Sergio l\u00f8slatt ved en domsslutning om \u00abopphevelse av fjerning\u00bb. <\/p>\n<p class=\"_paragraph_o9xde_4 _paragraph_xtcu6_10 layout-component text-serif-m layout-normal text-serif-m layout-padded\">\u2013 Barna er amerikanske, og de trenger ham. Det gir grunnlag for humanit\u00e6rt opphold, forklarer advokaten.<\/p>\n<p class=\"_paragraph_o9xde_4 _paragraph_xtcu6_10 layout-component text-serif-m layout-normal text-serif-m layout-padded\">Magdalena Aguilar har jobbet med migranters juridiske rettigheter i over 30 \u00e5r.<\/p>\n<p class=\"_paragraph_o9xde_4 _paragraph_xtcu6_10 layout-component text-serif-m layout-normal text-serif-m layout-padded\">\u2013 ICE oppfyller ikke kravet til skjellig grunn for mistanke. De p\u00e5griper personer kun basert p\u00e5 at de ser ut som latinos, mener advokaten.<\/p>\n<p><img alt=\"\" class=\"_image_qp4xg_65 layout-component layout-fullwidth\" data-fullscreen- data-track-element-type=\"Article image fullscreen\" data-track-name=\"ImageFullscreen\" decoding=\"async\" loading=\"lazy\" height=\"2526\" itemprop=\"image\"  src=\"https:\/\/www.europesays.com\/no\/wp-content\/uploads\/2025\/11\/d5f346bf-c376-440f-b003-86d6ace83dc5\"  style=\"object-position:0% 0%\" width=\"2524\"\/><\/p>\n<p class=\"_paragraph_o9xde_4 _paragraph_xtcu6_10 layout-component text-serif-m layout-normal text-serif-m layout-padded\"><strong class=\"_strong_o9xde_25\">Immigrasjonsmyndighetene<\/strong> hevder en beslutning fra H\u00f8yesterett \u00e5pner for \u00e5 bruke rase som grunnlag for mistanke. <\/p>\n<p class=\"_paragraph_o9xde_4 _paragraph_xtcu6_10 layout-component text-serif-m layout-normal text-serif-m layout-padded\">Det har f\u00f8rt til en rekke feilaktige p\u00e5gripelser av amerikanske statsborgere, men flertallet av dem som tas har ikke lovlig opphold.<\/p>\n<p class=\"_paragraph_o9xde_4 _paragraph_xtcu6_10 layout-component text-serif-m layout-normal text-serif-m layout-padded\">\u2013 Det er riktig at mange av dem som p\u00e5gripes ikke har oppholds- og arbeidstillatelse i orden. Men de er ikke kriminelle, sier advokaten.<\/p>\n<p class=\"_paragraph_o9xde_4 _paragraph_xtcu6_10 layout-component text-serif-m layout-normal text-serif-m layout-padded\">\u2013 De blir bare behandlet som det, fortsetter hun.<\/p>\n<p><img alt=\"\" class=\"_image_qp4xg_65 layout-component layout-fullwidth\" data-fullscreen- data-track-element-type=\"Article image fullscreen\" data-track-name=\"ImageFullscreen\" decoding=\"async\" loading=\"lazy\" height=\"3161\" itemprop=\"image\"  src=\"https:\/\/www.europesays.com\/no\/wp-content\/uploads\/2025\/11\/e92ea27a-3652-4a58-a3b6-5b571cd547b0\"  style=\"object-position:0% 0%\" width=\"3244\"\/><\/p>\n<p class=\"_paragraph_o9xde_4 _paragraph_xtcu6_10 layout-component text-serif-m layout-normal text-serif-m layout-padded\"><strong class=\"_strong_o9xde_25\">Snekkeren Oswaldo Castro<\/strong> (47) er en annen av advokatens klienter. <\/p>\n<p class=\"_paragraph_o9xde_4 _paragraph_xtcu6_10 layout-component text-serif-m layout-normal text-serif-m layout-padded\">Han har ogs\u00e5 bodd i USA i over 20 \u00e5r, har plettfritt rulleblad, men ikke lovlig opphold.<\/p>\n<p class=\"_paragraph_o9xde_4 _paragraph_xtcu6_10 layout-component text-serif-m layout-normal text-serif-m layout-padded\">Han rakk \u00e5 ringe sin amerikanskf\u00f8dte datter Johana (19) da han ble p\u00e5grepet.<\/p>\n<p class=\"_paragraph_o9xde_4 _paragraph_xtcu6_10 layout-component text-serif-m layout-normal text-serif-m layout-padded\">\u2013 \u00abDe har tatt meg. N\u00e5 er du familiens overhode\u00bb, sa han. Jeg skj\u00f8nte alvoret med en gang, forteller hun.<\/p>\n<p class=\"_paragraph_o9xde_4 _paragraph_xtcu6_10 layout-component text-serif-m layout-normal text-serif-m layout-padded\">\u2013 Jeg fikk panikk. Hele familien er avhengige av pappas inntekt. Han har aldri gjort noe ulovlig, sier datteren.<\/p>\n<p><img alt=\"Foto: Privat\" class=\"_image_qp4xg_65 layout-component layout-fullwidth\" data-fullscreen- data-track-element-type=\"Article image fullscreen\" data-track-name=\"ImageFullscreen\" decoding=\"async\" loading=\"lazy\" height=\"1260\" itemprop=\"image\"  src=\"https:\/\/www.europesays.com\/no\/wp-content\/uploads\/2025\/11\/54bcd68d-759f-4cae-a70f-e5237c064931\"  style=\"object-position:0% 0%\" width=\"1190\"\/>Foto: Privat<\/p>\n<p class=\"_paragraph_o9xde_4 _paragraph_xtcu6_10 layout-component text-serif-m layout-normal text-serif-m layout-padded\"><strong class=\"_strong_o9xde_25\">Faren er flyttet til et fengsel <\/strong>i Kentucky, der ICE leier sengeplasser til migranter som venter p\u00e5 rettslig h\u00f8ring. <\/p>\n<p class=\"_paragraph_o9xde_4 _paragraph_xtcu6_10 layout-component text-serif-m layout-normal text-serif-m layout-padded\">Johana ringer faren i fengselet hver dag, for \u00e5 minne ham p\u00e5 \u00e5 ta blodtrykksmedisinen sin.<\/p>\n<p class=\"_paragraph_o9xde_4 _paragraph_xtcu6_10 layout-component text-serif-m layout-normal text-serif-m layout-padded\">\u2013 Det er ille at pappa holdes i en fengselscelle, forteller datteren.<\/p>\n<p class=\"_paragraph_o9xde_4 _paragraph_xtcu6_10 layout-component text-serif-m layout-normal text-serif-m layout-padded _medium_xtcu6_25\">\u2013 Men han har fortalt at det var mye verre der ICE holdt ham de f\u00f8rste dagene.<\/p>\n<p> Nekter \u00e5 gi seg: \u2013 En skamplett<\/p>\n<p class=\"_paragraph_o9xde_4 _paragraph_xtcu6_10 layout-component text-serif-m layout-normal text-serif-m layout-padded\"><strong class=\"_strong_o9xde_25\">I utkanten av Chicago<\/strong>, ligger et lagerbygg som er blitt et av USAs mest omtalte varetektsfengsler.<\/p>\n<p class=\"_paragraph_o9xde_4 _paragraph_xtcu6_10 layout-component text-serif-m layout-normal text-serif-m layout-padded\">Ved \u00abBroadview ICE Detention Center\u00bb skal p\u00e5grepne migranter registreres f\u00f8r de sendes videre.<\/p>\n<p><img alt=\"\" class=\"_image_qp4xg_65 layout-component layout-fullwidth\" data-fullscreen- data-track-element-type=\"Article image fullscreen\" data-track-name=\"ImageFullscreen\" decoding=\"async\" loading=\"lazy\" height=\"3414\" itemprop=\"image\"  src=\"https:\/\/www.europesays.com\/no\/wp-content\/uploads\/2025\/11\/5c027182-fe3b-4e1b-92b0-c0304421a83e\"  style=\"object-position:0% 0%\" width=\"3470\"\/><\/p>\n<p class=\"_paragraph_o9xde_4 _paragraph_xtcu6_10 layout-component text-serif-m layout-normal text-serif-m layout-padded\"><strong class=\"_strong_o9xde_25\">Vitnesbyrd<\/strong> forteller om p\u00e5grepne som er blitt holdt i dagevis, som m\u00e5 sove tettpakket p\u00e5 gulvet, og ikke har tilgang til rent vann og nok toaletter.<\/p>\n<p class=\"_paragraph_o9xde_4 _paragraph_xtcu6_10 layout-component text-serif-m layout-normal text-serif-m layout-padded\">En lokal dommer har omtalt senteret som \u00abinhumant\u00bb. Sikkerhetsdepartementet har avvist anklagene. <\/p>\n<p class=\"_paragraph_o9xde_4 _paragraph_xtcu6_10 layout-component text-serif-m layout-normal text-serif-m layout-padded\">\u2013 Det som foreg\u00e5r der inne, er en skamplett p\u00e5 v\u00e5r nasjon, mener Megan Siegel (38).<\/p>\n<p class=\"_paragraph_o9xde_4 _paragraph_xtcu6_10 layout-component text-serif-m layout-normal text-serif-m layout-padded\">Hun er en av de faste demonstrantene p\u00e5 utsiden av bygget. Donald Trump beskriver demonstrantene som terrorister.<\/p>\n<p><img alt=\"\" class=\"_image_qp4xg_65 layout-component layout-fullwidth\" data-fullscreen- data-track-element-type=\"Article image fullscreen\" data-track-name=\"ImageFullscreen\" decoding=\"async\" loading=\"lazy\" height=\"3200\" itemprop=\"image\"  src=\"https:\/\/www.europesays.com\/no\/wp-content\/uploads\/2025\/11\/bb51f2f8-ffa5-4637-bb99-8df2e0cf9c70\"  style=\"object-position:0% 0%\" width=\"3060\"\/><\/p>\n<p class=\"_paragraph_o9xde_4 _paragraph_xtcu6_10 layout-component text-serif-m layout-normal text-serif-m layout-padded\"><strong class=\"_strong_o9xde_25\">Gjennom tre kvelder<\/strong> ved senteret har VG intervjuet over ti ulike demonstranter:<\/p>\n<p class=\"_paragraph_o9xde_4 _paragraph_xtcu6_10 layout-component text-serif-m layout-normal text-serif-m layout-padded\">Samtlige sier at de ikke tilh\u00f8rer Antifa, det l\u00f8se nettverket som Trump har gitt terrorstempel.<\/p>\n<p class=\"_paragraph_o9xde_4 _paragraph_xtcu6_10 layout-component text-serif-m layout-normal text-serif-m layout-padded\">Demonstrantene vedg\u00e5r at de informerer hverandre, men st\u00e5r p\u00e5 at de ikke er en organisert gruppe.<\/p>\n<p class=\"_paragraph_o9xde_4 _paragraph_xtcu6_10 layout-component text-serif-m layout-normal text-serif-m layout-padded\">\u2013 Jeg er en antifascist, men ikke Antifa. \u00c5 bli stemplet som en terrorist av presidenten er ganske skremmende, sier Megan.<\/p>\n<p class=\"_paragraph_o9xde_4 _paragraph_xtcu6_10 layout-component text-serif-m layout-normal text-serif-m layout-padded\">\u2013 Men jeg nekter \u00e5 gi meg. Jeg er her minst tre kvelder i uken. For migrantene, og for demokratiet v\u00e5rt.<\/p>\n<p><img alt=\"\" class=\"_image_qp4xg_65 layout-component layout-fullwidth\" data-fullscreen- data-track-element-type=\"Article image fullscreen\" data-track-name=\"ImageFullscreen\" decoding=\"async\" loading=\"lazy\" height=\"2924\" itemprop=\"image\"  src=\"https:\/\/www.europesays.com\/no\/wp-content\/uploads\/2025\/11\/9dd00195-1db2-476c-8583-5da5e9ea65f6\"  style=\"object-position:0% 0%\" width=\"2910\"\/><\/p>\n<p class=\"_paragraph_o9xde_4 _paragraph_xtcu6_10 layout-component text-serif-m layout-normal text-serif-m layout-padded\"><strong class=\"_strong_o9xde_25\">Syvbarnsmorens<\/strong> brennende hjerte har satt ekteskapet p\u00e5 pr\u00f8ve.<\/p>\n<p class=\"_paragraph_o9xde_4 _paragraph_xtcu6_10 layout-component text-serif-m layout-normal text-serif-m layout-padded\">\u2013 Mannen min er st\u00f8ttende, men vi har hatt noen vonde krangler. Han synes jeg bruker for mye tid p\u00e5 \u00e5 demonstrere, forteller hun.<\/p>\n<p class=\"_paragraph_o9xde_4 _paragraph_xtcu6_10 layout-component text-serif-m layout-normal text-serif-m layout-padded\">Mannen stemte p\u00e5 Trump i valget i fjor, og ekteparet har v\u00e6rt rasende uenige om politikk i \u00e5revis. <\/p>\n<p class=\"_paragraph_o9xde_4 _paragraph_xtcu6_10 layout-component text-serif-m layout-normal text-serif-m layout-padded\">Den ene av kveldene VG treffer henne, har Megan med seg sin yngste datter, Tilly (1).<\/p>\n<p class=\"_paragraph_o9xde_4 _paragraph_xtcu6_10 layout-component text-serif-m layout-normal text-serif-m layout-padded\">\u2013 Akkurat n\u00e5 er det rolig, s\u00e5 da g\u00e5r det bra, forklarer moren.<\/p>\n<p><img alt=\"\" class=\"_image_qp4xg_65 layout-component layout-fullwidth\" data-fullscreen- data-track-element-type=\"Article image fullscreen\" data-track-name=\"ImageFullscreen\" decoding=\"async\" loading=\"lazy\" height=\"2546\" itemprop=\"image\"  src=\"https:\/\/www.europesays.com\/no\/wp-content\/uploads\/2025\/11\/56a43665-b39f-4900-99b1-b5ed67fff3ca\"  style=\"object-position:0% 0%\" width=\"2393\"\/><\/p>\n<p class=\"_paragraph_o9xde_4 _paragraph_xtcu6_10 layout-component text-serif-m layout-normal text-serif-m layout-padded\"><strong class=\"_strong_o9xde_25\">Andre kvelder <\/strong>er Megan blitt usatt for t\u00e5regass, og dyttet over ende av oppr\u00f8rspoliti med k\u00f8ller, viser videoklipp VG har sett.<\/p>\n<p class=\"_paragraph_o9xde_4 _paragraph_xtcu6_10 layout-component text-serif-m layout-normal text-serif-m layout-padded\">ICE-senteret ved Broadview<strong class=\"_strong_o9xde_25\"> <\/strong>ble opprettet i begynnelsen av september, da Trump varslet at Chicago <a href=\"https:\/\/www.vg.no\/nyheter\/i\/xma84X\/trump-truer-chicago\" data-track-element-type=\"Link\" data-track-id=\"link:xma84X\" class=\"_link_o9xde_39\" rel=\"nofollow noopener\" target=\"_blank\">burde forberede seg p\u00e5 krig<\/a>.<\/p>\n<p class=\"_paragraph_o9xde_4 _paragraph_xtcu6_10 layout-component text-serif-m layout-normal text-serif-m layout-padded\">Siden har det v\u00e6rt \u00e5sted for en lang rekke harde trefninger mellom ordensmakt og demonstranter.<\/p>\n<p class=\"_paragraph_o9xde_4 _paragraph_xtcu6_10 layout-component text-serif-m layout-normal text-serif-m layout-padded\">For litt over en uke siden ble det tumulter under det som begynte som en fredelig protest. <\/p>\n<p class=\"_paragraph_o9xde_4 _paragraph_xtcu6_10 layout-component text-serif-m layout-normal text-serif-m layout-padded\">21 personer, deriblant flere prester<strong class=\"_strong_o9xde_25\"> <\/strong>som var kommet for \u00e5 be for migrantene, ble lagt i bakken og arrestert.<\/p>\n<p><img alt=\"Foto: Jim Vondruska\/Reuters\" class=\"_image_qp4xg_65 layout-component layout-fullwidth\" data-fullscreen- data-track-element-type=\"Article image fullscreen\" data-track-name=\"ImageFullscreen\" decoding=\"async\" loading=\"lazy\" height=\"3667\" itemprop=\"image\"  src=\"https:\/\/www.europesays.com\/no\/wp-content\/uploads\/2025\/11\/77021648-01e5-4af0-9a76-10b643879ec0\"  style=\"object-position:0% 0%\" width=\"3357\"\/>Foto: Jim Vondruska\/Reuters<\/p>\n<p class=\"_paragraph_o9xde_4 _paragraph_xtcu6_10 layout-component text-serif-m layout-normal text-serif-m layout-padded\"><strong class=\"_strong_o9xde_25\">Prestene mener<\/strong> at de p\u00e5grepne migrantene ikke f\u00e5r oppfylt sin grunnlovsfestede rett til \u00e5 motta religi\u00f8s veiledning.<\/p>\n<p class=\"_paragraph_o9xde_4 _paragraph_xtcu6_10 layout-component text-serif-m layout-normal text-serif-m layout-padded\">\u2013 Det er skammelig \u00e5 arrestere religi\u00f8se ledere, som ville gi sjelesorg til dem som holdes under inhumane forhold, sier presten Stephany Rose (46).<\/p>\n<p class=\"_paragraph_o9xde_4 _paragraph_xtcu6_10 layout-component text-serif-m layout-normal text-serif-m layout-padded\">Utenfor politisperringen setter en hvitkledd mann seg ned p\u00e5 kne med korset sitt.<\/p>\n<p class=\"_paragraph_o9xde_4 _paragraph_xtcu6_10 layout-component text-serif-m layout-normal text-serif-m layout-padded\">\u2013 Jeg kommer hit hver dag og ber for migrantene, sier den katolske dekanen Maximino Montalvo (57) til VG.<\/p>\n<p><img alt=\"\" class=\"_image_qp4xg_65 layout-component layout-fullwidth\" data-fullscreen- data-track-element-type=\"Article image fullscreen\" data-track-name=\"ImageFullscreen\" decoding=\"async\" loading=\"lazy\" height=\"3114\" itemprop=\"image\"  src=\"https:\/\/www.europesays.com\/no\/wp-content\/uploads\/2025\/11\/3c3696ac-340b-48d2-be72-c32e7ec2284e\"  style=\"object-position:0% 0%\" width=\"3211\"\/><\/p>\n<p class=\"_paragraph_o9xde_4 _paragraph_xtcu6_10 layout-component text-serif-m layout-normal text-serif-m layout-padded\">Myndighetene mener det er demonstrantene som fremprovoserer trefningene.<\/p>\n<p class=\"_paragraph_o9xde_4 _paragraph_xtcu6_10 layout-component text-serif-m layout-normal text-serif-m layout-padded\"><strong class=\"_strong_o9xde_25\">\u2013 Vi roper skjellsord, det er sant. Men vi kaster aldri noe mot dem, vi sl\u00e5r aldri, sier Mike G.<\/strong> <\/p>\n<p class=\"_paragraph_o9xde_4 _paragraph_xtcu6_10 layout-component text-serif-m layout-normal text-serif-m layout-padded\">Han er en av de mest toneangivende blant demonstrantene.<\/p>\n<p class=\"_paragraph_o9xde_4 _paragraph_xtcu6_10 layout-component text-serif-m layout-normal text-serif-m layout-padded\">VG har g\u00e5tt gjennom videoklipp som viser at ICE skyter t\u00e5regass og gummikuler mot Mike og andre demonstranter.<\/p>\n<p class=\"_paragraph_o9xde_4 _paragraph_xtcu6_10 layout-component text-serif-m layout-normal text-serif-m layout-padded\"><strong class=\"_strong_o9xde_25\">I forkant kaller demonstrantene agentene for \u00abnazister\u00bb og \u00abs\u00f8ppelmennesker\u00bb.<\/strong><\/p>\n<p class=\"_paragraph_o9xde_4 _paragraph_xtcu6_10 layout-component text-serif-m layout-normal text-serif-m layout-padded\">Men det er ingen som kaster noe eller fors\u00f8ker \u00e5 motsette seg.<\/p>\n<p class=\"_paragraph_o9xde_4 _paragraph_xtcu6_10 layout-component text-serif-m layout-normal text-serif-m layout-padded\">\u2013 Jeg har j\u00f8disk bakgrunn, og frykter den autorit\u00e6re utviklingen i dagens USA. ICE er blitt Trumps private h\u00e6r, mener Mike.<\/p>\n<p><img alt=\"\" class=\"_image_qp4xg_65 layout-component layout-fullwidth\" data-fullscreen- data-track-element-type=\"Article image fullscreen\" data-track-name=\"ImageFullscreen\" decoding=\"async\" loading=\"lazy\" height=\"2861\" itemprop=\"image\"  src=\"https:\/\/www.europesays.com\/no\/wp-content\/uploads\/2025\/11\/b0d168d5-3c10-4b40-8116-ff00be72d98f\"  style=\"object-position:0% 0%\" width=\"2819\"\/><\/p>\n<p class=\"_paragraph_o9xde_4 _paragraph_xtcu6_10 layout-component text-serif-m layout-normal text-serif-m layout-padded\"><strong class=\"_strong_o9xde_25\">En dommer i Chicago<\/strong> har ford\u00f8mt voldsbruk fra ICE, b\u00e5de ved p\u00e5gripelser og under demonstrasjoner.<\/p>\n<p class=\"_paragraph_o9xde_4 _paragraph_xtcu6_10 layout-component text-serif-m layout-normal text-serif-m layout-padded\">ICE har f\u00e5tt et rettslig p\u00e5bud om at de ikke kan bruke t\u00e5regass, etter et tilfelle der barn angivelig skal ha blitt utsatt for gassen.<\/p>\n<p class=\"_paragraph_o9xde_4 _paragraph_xtcu6_10 layout-component text-serif-m layout-normal text-serif-m layout-padded\">Myndighetene har avvist anklagene, men har like fullt tatt p\u00e5budet til f\u00f8lge.<\/p>\n<p class=\"_paragraph_o9xde_4 _paragraph_xtcu6_10 layout-component text-serif-m layout-normal text-serif-m layout-padded\">Da kokken Silverio Villegas Gonz\u00e1lez ble skutt og drept av ICE i september, utl\u00f8ste det store protester.<\/p>\n<p><img alt=\"\" class=\"_image_qp4xg_65 layout-component layout-fullwidth\" data-fullscreen- data-track-element-type=\"Article image fullscreen\" data-track-name=\"ImageFullscreen\" decoding=\"async\" loading=\"lazy\" height=\"3102\" itemprop=\"image\"  src=\"https:\/\/www.europesays.com\/no\/wp-content\/uploads\/2025\/11\/c367ec1f-b009-4660-9174-db8dd8582e32\"  style=\"object-position:0% 0%\" width=\"2819\"\/><\/p>\n<p class=\"_paragraph_o9xde_4 _paragraph_xtcu6_10 layout-component text-serif-m layout-normal text-serif-m layout-padded\"><strong class=\"_strong_o9xde_25\">En ny rapport<\/strong> viser at Gonz\u00e0lez, som ikke hadde rulleblad, hadde <a href=\"https:\/\/chicago.suntimes.com\/the-watchdogs\/2025\/11\/17\/silverio-villegas-gonzalez-ice-dhs-trump-midway-blitz-shooting-homicide-franklin-park-chicago\" class=\"_link_o9xde_39\" rel=\"nofollow noopener\" target=\"_blank\">kokain i blodet<\/a>.<\/p>\n<p class=\"_paragraph_o9xde_4 _paragraph_xtcu6_10 layout-component text-serif-m layout-normal text-serif-m layout-padded\">ICE-agenten som skj\u00f8t har forklart at han fryktet for sitt liv, fordi han satt fast i vinduet da Gonz\u00e0lez pr\u00f8vde \u00e5 kj\u00f8re unna fra en veisperring.<\/p>\n<p class=\"_paragraph_o9xde_4 _paragraph_xtcu6_10 layout-component text-serif-m layout-normal text-serif-m layout-padded\">Saken blir etterforsket. <\/p>\n<p class=\"_paragraph_o9xde_4 _paragraph_xtcu6_10 layout-component text-serif-m layout-normal text-serif-m layout-padded\">Etter drapet p\u00e5 Gonz\u00e0lez, spredte frykten seg for alvor i deler av Chicago. <\/p>\n<p class=\"_paragraph_o9xde_4 _paragraph_xtcu6_10 layout-component text-serif-m layout-normal text-serif-m layout-padded _medium_xtcu6_25\">I bydeler med mange latinos tok noen kampen mot ICE et steg lenger.<\/p>\n<p> Fl\u00f8yter mot ICE: Nabolagets skrekk<\/p>\n<p class=\"_paragraph_o9xde_4 _paragraph_xtcu6_10 layout-component text-serif-m layout-normal text-serif-m layout-padded\"><strong class=\"_strong_o9xde_25\">Baltazar Enriquez<\/strong> er stadig p\u00e5 utkikk.<\/p>\n<p class=\"_paragraph_o9xde_4 _paragraph_xtcu6_10 layout-component text-serif-m layout-normal text-serif-m layout-padded\">Som de fleste av naboene i \u00abLittle Village\u00bb i Chicago, har han familiebakgrunn fra Mexico.<\/p>\n<p class=\"_paragraph_o9xde_4 _paragraph_xtcu6_10 layout-component text-serif-m layout-normal text-serif-m layout-padded\">Men med lovlig oppholdstillatelse i USA har 46-\u00e5ringen ikke noe \u00e5 frykte fra ICE.<\/p>\n<p class=\"_paragraph_o9xde_4 _paragraph_xtcu6_10 layout-component text-serif-m layout-normal text-serif-m layout-padded\">\u2013 Det jeg frykter, er at ICE river i stykker nabolaget mitt. <\/p>\n<p class=\"_paragraph_o9xde_4 _paragraph_xtcu6_10 layout-component text-serif-m layout-normal text-serif-m layout-padded\">Tiltaket han har innf\u00f8rt, som har spredt seg til hele Chicago, er s\u00e5re enkelt: Fl\u00f8yter.<\/p>\n<p><img alt=\"\" class=\"_image_qp4xg_65 layout-component layout-fullwidth\" data-fullscreen- data-track-element-type=\"Article image fullscreen\" data-track-name=\"ImageFullscreen\" decoding=\"async\" loading=\"lazy\" height=\"3199\" itemprop=\"image\"  src=\"https:\/\/www.europesays.com\/no\/wp-content\/uploads\/2025\/11\/1e1595c3-f9c7-4fb6-9788-ba63b5dad673\"  style=\"object-position:0% 0%\" width=\"2989\"\/><\/p>\n<p class=\"_paragraph_o9xde_4 _paragraph_xtcu6_10 layout-component text-serif-m layout-normal text-serif-m layout-padded\"><strong class=\"_strong_o9xde_25\">Om noen i \u00abLittle Village\u00bb <\/strong>eller andre nabolag med mange latinos h\u00f8rer en h\u00f8y, skingrende fl\u00f8ytelyd, vet de at de s\u00e5kalte \u00abrapid response groups\u00bb, har kommet over en ICE-operasjon.<\/p>\n<p class=\"_paragraph_o9xde_4 _paragraph_xtcu6_10 layout-component text-serif-m layout-normal text-serif-m layout-padded\">Ledere for ICE-operasjonen mener det er sivil ulydighet, n\u00e5r naboer varsler dem som ikke har lovlig opphold.<\/p>\n<p class=\"_paragraph_o9xde_4 _paragraph_xtcu6_10 layout-component text-serif-m layout-normal text-serif-m layout-padded\">\u2013 Vi bryter ingen lover. Noen av dem ICE p\u00e5griper mangler oppholds- eller arbeidstillatelse. Men de har ogs\u00e5 tatt amerikanske statsborgere og folk med papirene i orden. <\/p>\n<p><img alt=\"\" class=\"_image_qp4xg_65 layout-component layout-fullwidth\" data-fullscreen- data-track-element-type=\"Article image fullscreen\" data-track-name=\"ImageFullscreen\" decoding=\"async\" loading=\"lazy\" height=\"2801\" itemprop=\"image\"  src=\"https:\/\/www.europesays.com\/no\/wp-content\/uploads\/2025\/11\/a4a9c534-7950-4c82-b3b5-dc8a6e9a99bb\"  style=\"object-position:0% 0%\" width=\"2684\"\/><\/p>\n<p class=\"_paragraph_o9xde_4 _paragraph_xtcu6_10 layout-component text-serif-m layout-normal text-serif-m layout-padded\"><strong class=\"_strong_o9xde_25\">Da VG blir med<\/strong> p\u00e5 \u00abpatrulje\u00bb kommer de over en bil med sotede vinduer og blinkende bl\u00e5lys under panseret.<\/p>\n<p class=\"_paragraph_o9xde_4 _paragraph_xtcu6_10 layout-component text-serif-m layout-normal text-serif-m layout-padded\">Straks g\u00e5r alarmen i flere chattegrupper, og det str\u00f8mmer til med folk som bl\u00e5ser i fl\u00f8yter.<\/p>\n<p class=\"_paragraph_o9xde_4 _paragraph_xtcu6_10 layout-component text-serif-m layout-normal text-serif-m layout-padded\">Bilen er parkert utenfor en storhandel, et typisk sted der ICE-agenter jakter personer som ikke har arbeidstillatelse.<\/p>\n<p class=\"_paragraph_o9xde_4 _paragraph_xtcu6_10 layout-component text-serif-m layout-normal text-serif-m layout-padded\">Mannen i bilen forklarer f\u00f8rst at han jobber i byggebransjen og satt i bilen for \u00e5 hvile.<\/p>\n<p class=\"_paragraph_o9xde_4 _paragraph_xtcu6_10 layout-component text-serif-m layout-normal text-serif-m layout-padded\">S\u00e5 viser han et FBI-skilt og kj\u00f8rer av g\u00e5rde.<\/p>\n<p><img alt=\"\" class=\"_image_qp4xg_65 layout-component layout-fullwidth\" data-fullscreen- data-track-element-type=\"Article image fullscreen\" data-track-name=\"ImageFullscreen\" decoding=\"async\" loading=\"lazy\" height=\"3201\" itemprop=\"image\"  src=\"https:\/\/www.europesays.com\/no\/wp-content\/uploads\/2025\/11\/f7f21fcd-368d-4914-a802-def45e57872e\"  style=\"object-position:0% 0%\" width=\"3178\"\/><\/p>\n<p class=\"_paragraph_o9xde_4 _paragraph_xtcu6_10 layout-component text-serif-m layout-normal text-serif-m layout-padded\"><strong class=\"_strong_o9xde_25\">\u2013 Vi tror at lokale FBI-agenter<\/strong> gj\u00f8r spaning for ICE, men vi vet ikke sikkert, forklarer Baltazar etter at oppstyret roer seg.<\/p>\n<p class=\"_paragraph_o9xde_4 _paragraph_xtcu6_10 layout-component text-serif-m layout-normal text-serif-m layout-padded\">De samme p\u00e5standene har kommet fra flere hold, men er hverken bekreftet eller avkreftet av myndighetene. <\/p>\n<p class=\"_paragraph_o9xde_4 _paragraph_xtcu6_10 layout-component text-serif-m layout-normal text-serif-m layout-padded\">Sikkerhetsdepartementet har uttalt at alle f\u00f8derale agenter kan bist\u00e5 ICE. <\/p>\n<p class=\"_paragraph_o9xde_4 _paragraph_xtcu6_10 layout-component text-serif-m layout-normal text-serif-m layout-padded\">Aller mest oppstyr har det v\u00e6rt rundt agenter fra grensevakten Border Patrol. De beskyldes av en lokal dommer for \u00e5 ha ut\u00f8vd \u00abun\u00f8dig voldsbruk\u00bb.<\/p>\n<p><img alt=\"Foto: Jamie Kelter David\/AFP\" class=\"_image_qp4xg_65 layout-component layout-fullwidth\" data-fullscreen- data-track-element-type=\"Article image fullscreen\" data-track-name=\"ImageFullscreen\" decoding=\"async\" loading=\"lazy\" height=\"3935\" itemprop=\"image\"  src=\"https:\/\/www.europesays.com\/no\/wp-content\/uploads\/2025\/11\/3a61c893-3745-4eb4-a3b9-f88955e89b51\"  style=\"object-position:0% 0%\" width=\"3793\"\/>Foto: Jamie Kelter David\/AFP<\/p>\n<p class=\"_paragraph_o9xde_4 _paragraph_xtcu6_10 layout-component text-serif-m layout-normal text-serif-m layout-padded\"><strong class=\"_strong_o9xde_25\">Grensevaktene<\/strong> er n\u00e5 flyttet videre til Nord-Carolina, men Sikkerhetsdepartementet sl\u00e5r fast at ICE-operasjonen i Chicago fortsetter.<\/p>\n<p class=\"_paragraph_o9xde_4 _paragraph_xtcu6_10 layout-component text-serif-m layout-normal text-serif-m layout-padded\">Men mye tyder p\u00e5 en midlertidig nedtrapping.<\/p>\n<p class=\"_paragraph_o9xde_4 _paragraph_xtcu6_10 layout-component text-serif-m layout-normal text-serif-m layout-padded\">Trump har ikke f\u00e5tt gjennomslag for sitt \u00f8nske om \u00e5 sende Nasjonalgarden til Chicago, og lokale s\u00f8ksm\u00e5l har bremset ICE-aksjonen.<\/p>\n<p class=\"_paragraph_o9xde_4 _paragraph_xtcu6_10 layout-component text-serif-m layout-normal text-serif-m layout-padded\">Borgermesteren i Chicago og guvern\u00f8ren i Illinois, begge demokrater, har gjort alt de kan for \u00e5 hindre presidenten. En dommer har s\u00e5gar beordret at alle p\u00e5grepne uten rulleblad, m\u00e5 l\u00f8slates. <\/p>\n<p class=\"_paragraph_o9xde_4 _paragraph_xtcu6_10 layout-component text-serif-m layout-normal text-serif-m layout-padded\">Baltazar og hans nabolagsvakt er heller ikke de eneste som patruljerer mot ICE. <\/p>\n<p><img alt=\"\" class=\"_image_qp4xg_65 layout-component layout-fullwidth\" data-fullscreen- data-track-element-type=\"Article image fullscreen\" data-track-name=\"ImageFullscreen\" decoding=\"async\" loading=\"lazy\" height=\"3368\" itemprop=\"image\"  src=\"https:\/\/www.europesays.com\/no\/wp-content\/uploads\/2025\/11\/2af018ba-7603-4257-b210-863ce0976d13\"  style=\"object-position:0% 0%\" width=\"3191\"\/><\/p>\n<p class=\"_paragraph_o9xde_4 _paragraph_xtcu6_10 layout-component text-serif-m layout-normal text-serif-m layout-padded\"><strong class=\"_strong_o9xde_25\">Ricky Medina<\/strong> (42) og resten av medlemmene i \u00abRack \u2019Em Ent\u00bb kj\u00f8rer ogs\u00e5 rundt og advarer nabolaget mot ICE.<\/p>\n<p class=\"_paragraph_o9xde_4 _paragraph_xtcu6_10 layout-component text-serif-m layout-normal text-serif-m layout-padded\">Med sine tatoveringer og hettegensere ser de ut som gjengkriminelle. Men det er bare p\u00e5 liksom.<\/p>\n<p class=\"_paragraph_o9xde_4 _paragraph_xtcu6_10 layout-component text-serif-m layout-normal text-serif-m layout-padded\">\u2013 I gamle dager var dette en gjeng. N\u00e5 bruker vi det imaget, men er som en slags ungdomsklubb, forteller Medina.<\/p>\n<p class=\"_paragraph_o9xde_4 _paragraph_xtcu6_10 layout-component text-serif-m layout-normal text-serif-m layout-padded\">\u2013 Vi passer p\u00e5 at vi ikke bryter loven n\u00e5r vi ser ICE, og har et ganske enkelt budskap, sier han og peker glisende mot flagget han holder.<\/p>\n<p> Nilas Johnsen<\/p>\n<p class=\"text-sans-s\">USA-korrespondent<\/p>\n<p><img decoding=\"async\" alt=\"Nilas Johnsen\" class=\"_image_uv074_179\" src=\"https:\/\/www.europesays.com\/no\/wp-content\/uploads\/2025\/11\/1763832202_258_614dcc30-c749-4fdb-b648-7b0137610b9b\" width=\"480\"\/>Thomas Nilsson (foto)<\/p>\n<p class=\"text-sans-s\">USA-fotograf<\/p>\n<p><img decoding=\"async\" alt=\"Thomas Nilsson (foto)\" class=\"_image_uv074_179\" src=\"https:\/\/www.europesays.com\/no\/wp-content\/uploads\/2025\/11\/1763832202_534_a15e2d6e-7854-4925-af47-4ad7e64a38da\" width=\"480\"\/>Kontakt Thomas Nilsson (foto) <\/p>\n<p class=\"_paragraph_o9xde_4 _paragraph_xtcu6_10 layout-component text-serif-m layout-normal text-serif-m layout-padded _medium_xtcu6_25\">Se videoreportasje fra Chicago under, og les flere saker fra byen i lenkene nederst:<\/p>\n<p>Les ogs\u00e5<\/p>\n","protected":false},"excerpt":{"rendered":"I seks uker har en klappjakt snudd USAs tredje st\u00f8rste by p\u00e5 hodet. President Donald Trump har stemplet&hellip;\n","protected":false},"author":2,"featured_media":93940,"comment_status":"","ping_status":"","sticky":false,"template":"","format":"standard","meta":{"footnotes":""},"categories":[12],"tags":[20,21,3091,55,24,25,15,22,23,13,30,28,29,14,16,26,27,50,42,43,44,45],"class_list":{"0":"post-93939","1":"post","2":"type-post","3":"status-publish","4":"format-standard","5":"has-post-thumbnail","7":"category-verden","8":"tag-breaking-news","9":"tag-breakingnews","10":"tag-chicago","11":"tag-donald-trump","12":"tag-featured-news","13":"tag-featurednews","14":"tag-headlines","15":"tag-latest-news","16":"tag-latestnews","17":"tag-news","18":"tag-no","19":"tag-norge","20":"tag-norway","21":"tag-nyheter","22":"tag-overskrifter","23":"tag-top-stories","24":"tag-topstories","25":"tag-usa","26":"tag-verden","27":"tag-world","28":"tag-world-news","29":"tag-worldnews"},"share_on_mastodon":{"url":"https:\/\/pubeurope.com\/@no\/115594514371915434","error":""},"_links":{"self":[{"href":"https:\/\/www.europesays.com\/no\/wp-json\/wp\/v2\/posts\/93939","targetHints":{"allow":["GET"]}}],"collection":[{"href":"https:\/\/www.europesays.com\/no\/wp-json\/wp\/v2\/posts"}],"about":[{"href":"https:\/\/www.europesays.com\/no\/wp-json\/wp\/v2\/types\/post"}],"author":[{"embeddable":true,"href":"https:\/\/www.europesays.com\/no\/wp-json\/wp\/v2\/users\/2"}],"replies":[{"embeddable":true,"href":"https:\/\/www.europesays.com\/no\/wp-json\/wp\/v2\/comments?post=93939"}],"version-history":[{"count":0,"href":"https:\/\/www.europesays.com\/no\/wp-json\/wp\/v2\/posts\/93939\/revisions"}],"wp:featuredmedia":[{"embeddable":true,"href":"https:\/\/www.europesays.com\/no\/wp-json\/wp\/v2\/media\/93940"}],"wp:attachment":[{"href":"https:\/\/www.europesays.com\/no\/wp-json\/wp\/v2\/media?parent=93939"}],"wp:term":[{"taxonomy":"category","embeddable":true,"href":"https:\/\/www.europesays.com\/no\/wp-json\/wp\/v2\/categories?post=93939"},{"taxonomy":"post_tag","embeddable":true,"href":"https:\/\/www.europesays.com\/no\/wp-json\/wp\/v2\/tags?post=93939"}],"curies":[{"name":"wp","href":"https:\/\/api.w.org\/{rel}","templated":true}]}}