{"id":93949,"date":"2025-11-22T17:32:09","date_gmt":"2025-11-22T17:32:09","guid":{"rendered":"https:\/\/www.europesays.com\/no\/93949\/"},"modified":"2025-11-22T17:32:09","modified_gmt":"2025-11-22T17:32:09","slug":"nissen-satt-fast-pa-munch-museet-gikk-i-ball","status":"publish","type":"post","link":"https:\/\/www.europesays.com\/no\/93949\/","title":{"rendered":"Nissen satt fast p\u00e5 Munch-museet: \u2013 Gikk i ball"},"content":{"rendered":"\n<ul class=\"_list_o9xde_3 _list_64s2r_85 _unordered_o9xde_106 text-sans-m\">\n<li class=\"_item_o9xde_30\">Nissen satte fast skjegget sitt da han rappellerte ned Munch-museet i Oslo.<\/li>\n<li class=\"_item_o9xde_30\">Publikum trodde uhellet var planlagt, men nissens hjelpere grep raskt inn.<\/li>\n<li class=\"_item_o9xde_30\">Hendelsen f\u00f8rte til mye latter og god julestemning blant barna.<\/li>\n<\/ul>\n<p>Vis mer <\/p>\n<p class=\"_paragraph_o9xde_4 _paragraph_xtcu6_10 layout-component text-serif-m layout-normal text-serif-m layout-padded\">De siste \u00e5rene har selveste julenissen f\u00e5tt en ekstra t\u00f8ff oppgave i f\u00f8rjulstiden. <\/p>\n<p class=\"_paragraph_o9xde_4 _paragraph_xtcu6_10 layout-component text-serif-m layout-normal text-serif-m layout-padded\">Han f\u00e5r nemlig rappellere ned utsiden av Munch-museet i <a href=\"https:\/\/www.vg.no\/tag\/oslo?utm_source=vg-article&amp;utm_medium=auto-tagger&amp;utm_campaign=wr6vrP\" class=\"_link_o9xde_39\" rel=\"nofollow noopener\" target=\"_blank\">Oslo<\/a>, et bygg med 13 etasjer og som m\u00e5ler 60 meter.<\/p>\n<p class=\"_paragraph_o9xde_4 _paragraph_xtcu6_10 layout-component text-serif-m layout-normal text-serif-m layout-padded\">Men l\u00f8rdag gikk det galt da nisseshowet fant sted foran flere barn og andre tilskuere i Bj\u00f8rvika. <\/p>\n<p class=\"_paragraph_o9xde_4 _paragraph_xtcu6_10 layout-component text-serif-m layout-normal text-serif-m layout-padded\"><strong class=\"_strong_o9xde_25\">For julenissen \u2013 han ble sittende bom fast!<\/strong><\/p>\n<p class=\"_paragraph_o9xde_4 _paragraph_xtcu6_10 layout-component text-serif-m layout-normal text-serif-m layout-padded\">\u2013 Det er sikkert ikke s\u00e5 lett \u00e5 v\u00e6re nisse n\u00e5 midt i f\u00f8rjulsstria, sier kommunikasjonsdirekt\u00f8r Harald Kvam ved Munch n\u00e5r VG tar kontakt. <\/p>\n<p class=\"_paragraph_o9xde_4 _paragraph_xtcu6_10 layout-component text-serif-m layout-normal text-serif-m layout-padded\">Julenissen hadde satt fast skjegget i klatreselen, forteller han. <\/p>\n<p class=\"_paragraph_o9xde_4 _paragraph_xtcu6_10 layout-component text-serif-m layout-normal text-serif-m layout-padded\"><strong class=\"_strong_o9xde_25\">\u2013 Han er jo vant til \u00e5 forholde seg til reinsdyrt\u00f8yler. S\u00e5 her gikk det litt i ball. <\/strong><\/p>\n<p> \u2013 Ingen dramatikk<\/p>\n<p class=\"_paragraph_o9xde_4 _paragraph_xtcu6_10 layout-component text-serif-m layout-normal text-serif-m layout-padded\">Heldigvis var nissens hjelpere i beredskap, sier Kvam videre. <\/p>\n<p class=\"_paragraph_o9xde_4 _paragraph_xtcu6_10 layout-component text-serif-m layout-normal text-serif-m layout-padded\">\u2013 En av hjelperne fikk silt seg ned for \u00e5 hjelpe nissen med \u00e5 f\u00e5 l\u00f8s skjegget. S\u00e5 det ordnet seg veldig greit, og det var ingen dramatikk.<\/p>\n<p class=\"_paragraph_o9xde_4 _paragraph_xtcu6_10 layout-component text-serif-m layout-normal text-serif-m layout-padded\">VG fikk tips om hendelsen, og Kvam samtykker i at flere av tilskuerne fikk med seg at nissen satt fast utenfor museumsveggen, mange meter over bakken.<\/p>\n<p class=\"_paragraph_o9xde_4 _paragraph_xtcu6_10 layout-component text-serif-m layout-normal text-serif-m layout-padded\">\u2013 Vi h\u00e5per nissen tar l\u00e6rdom i \u00e5 trene litt mer fremover, slik at det ikke blir like vanskelig \u00e5 komme seg ned alle pipene i julen, sier han. <\/p>\n<p><img alt=\"Nissen ble sittende fast etter skjegget mange meter over bakken.  Foto: VG-Tipser\" class=\"_image_qp4xg_65 layout-component layout-normal\" data-fullscreen- data-track-element-type=\"Article image fullscreen\" data-track-name=\"ImageFullscreen\" decoding=\"async\" loading=\"lazy\" height=\"654\" itemprop=\"image\"  src=\"https:\/\/www.europesays.com\/no\/wp-content\/uploads\/2025\/11\/0694d5cb-f4c9-45a3-bc61-f20a32db724b\"  style=\"object-position:0% 0%\" width=\"1116\"\/>Nissen ble sittende fast etter skjegget mange meter over bakken.  Foto: VG-Tipser<\/p>\n<p class=\"_paragraph_o9xde_4 _paragraph_xtcu6_10 layout-component text-serif-m layout-normal text-serif-m layout-padded\">Heidi Ludvigsen var blant de som s\u00e5 p\u00e5 arrangementet. <\/p>\n<p class=\"_paragraph_o9xde_4 _paragraph_xtcu6_10 layout-component text-serif-m layout-normal text-serif-m layout-padded\"><strong class=\"_strong_o9xde_25\">Hun forteller at flere f\u00f8rst trodde at uhellet var en del av showet. <\/strong><\/p>\n<p class=\"_paragraph_o9xde_4 _paragraph_xtcu6_10 layout-component text-serif-m layout-normal text-serif-m layout-padded\">\u2013 S\u00e5 skj\u00f8nte vi at han faktisk satt fast. Heldigvis tok han det med godt hum\u00f8r, sier hun til VG. <\/p>\n<p class=\"_paragraph_o9xde_4 _paragraph_xtcu6_10 layout-component text-serif-m layout-normal text-serif-m layout-padded\">I videoer fra hendelsen h\u00f8rer man nissefar holde dialogen i gang, men ogs\u00e5 klage over at det gj\u00f8r vondt i ryggen. Heldigvis var hjelpen ikke langt unna, og nissen kom seg raskt ned p\u00e5 fast grunn igjen. <\/p>\n<p> \u2013 Lagde show og hang opp ned<\/p>\n<p class=\"_paragraph_o9xde_4 _paragraph_xtcu6_10 layout-component text-serif-m layout-normal text-serif-m layout-padded\">Fredrik Sj\u00f8blom Robertsen er daglig leder i Arrcomm \u2013 Safari Adventures as, selskapet som har leid inn den rappellerende nissen og andre klatrere. Han var p\u00e5 plass utenfor Munch da hendelsen fant sted.<\/p>\n<p class=\"_paragraph_o9xde_4 _paragraph_xtcu6_10 layout-component text-serif-m layout-normal text-serif-m layout-padded\"><strong class=\"_strong_o9xde_25\">\u2013 Det er blitt en snakkis her nede i Bj\u00f8rvika, sier han til VG. <\/strong><\/p>\n<p class=\"_paragraph_o9xde_4 _paragraph_xtcu6_10 layout-component text-serif-m layout-normal text-serif-m layout-padded\">Da arrang\u00f8rene skj\u00f8nte at nissen hadde satt fast litt av skjegget i klatreselen, ble det iverksatt redningsaksjon.<\/p>\n<p class=\"_paragraph_o9xde_4 _paragraph_xtcu6_10 layout-component text-serif-m layout-normal text-serif-m layout-padded\">\u2013 Dette har vi gode rutiner p\u00e5, s\u00e5 vi fikk heist ned en hjelper som fikk l\u00f8ftet han opp litt i selen, slik at skjegget ble l\u00f8st fra taubremsen, sier Robertsen. <\/p>\n<p class=\"_paragraph_o9xde_4 _paragraph_xtcu6_10 layout-component text-serif-m layout-normal text-serif-m layout-padded\">Nissen \u00f8nsker \u00e5 gj\u00f8re en spektakul\u00e6r \u00e8ntre ved \u00e5 rappellere ned museumsveggen, for deretter \u00e5 dele ut godteposer til barna, sier han videre. <\/p>\n<p class=\"_paragraph_o9xde_4 _paragraph_xtcu6_10 layout-component text-serif-m layout-normal text-serif-m layout-padded\">Han ble ikke stresset av situasjonen.<\/p>\n<p class=\"_paragraph_o9xde_4 _paragraph_xtcu6_10 layout-component text-serif-m layout-normal text-serif-m layout-padded\">\u2013 Da nissen ble sittende bom fast, begynte han \u00e5 lage show og hang opp ned, blant annet. <\/p>\n<p><img alt=\"\u00abSkjeggfast nisse\u00bb, kanskje kunne det v\u00e6rt navnet p\u00e5 et kunstverk?  Foto: VG-Tipser\" class=\"_image_qp4xg_65 layout-component layout-normal\" data-fullscreen- data-track-element-type=\"Article image fullscreen\" data-track-name=\"ImageFullscreen\" decoding=\"async\" loading=\"lazy\" height=\"562\" itemprop=\"image\"  src=\"https:\/\/www.europesays.com\/no\/wp-content\/uploads\/2025\/11\/d318f231-9430-4c8f-8ec7-b452386fbc36\"  style=\"object-position:0% 0%\" width=\"998\"\/>\u00abSkjeggfast nisse\u00bb, kanskje kunne det v\u00e6rt navnet p\u00e5 et kunstverk?  Foto: VG-Tipser<\/p>\n<p class=\"_paragraph_o9xde_4 _paragraph_xtcu6_10 layout-component text-serif-m layout-normal text-serif-m layout-padded\"><strong class=\"_strong_o9xde_25\">Robertsen mistenker at flere av tilskuerne trodde det hele var planlagt. <\/strong><\/p>\n<p class=\"_paragraph_o9xde_4 _paragraph_xtcu6_10 layout-component text-serif-m layout-normal text-serif-m layout-padded\">\u2013 Men det gikk et stort, unisont gisp gjennom forsamlingen da en liten skjeggtust falt ned p\u00e5 bakken. S\u00e5 dette vekker mye f\u00f8lelser hos folk.<\/p>\n<p> \u2013 Mangler kanskje litt skjegg<\/p>\n<p class=\"_paragraph_o9xde_4 _paragraph_xtcu6_10 layout-component text-serif-m layout-normal text-serif-m layout-padded\">\u2013 Har nissen mistet mye av skjegget?<\/p>\n<p class=\"_paragraph_o9xde_4 _paragraph_xtcu6_10 layout-component text-serif-m layout-normal text-serif-m layout-padded\">\u2013 M\u00f8ter man p\u00e5 nissen i julen og ser ordentlig godt etter, s\u00e5 kan man kanskje se at det mangler litt.<\/p>\n<p class=\"_paragraph_o9xde_4 _paragraph_xtcu6_10 layout-component text-serif-m layout-normal text-serif-m layout-padded\">I l\u00f8pet av 5 til 10 minutter var situasjonen l\u00f8st. Han sier julenissen er i god behold, og at han ikke har varige men etterp\u00e5. Robertsen kaller det hele \u00abet hendelig uhell\u00bb.<\/p>\n<p class=\"_paragraph_o9xde_4 _paragraph_xtcu6_10 layout-component text-serif-m layout-normal text-serif-m layout-padded\"><strong class=\"_strong_o9xde_25\">\u2013 Det f\u00e5r v\u00e6re en p\u00e5minnelse om at man m\u00e5 v\u00e6re konsentrert i det man gj\u00f8r. <\/strong><\/p>\n<p class=\"_paragraph_o9xde_4 _paragraph_xtcu6_10 layout-component text-serif-m layout-normal text-serif-m layout-padded\">\u2013 Var det god julestemning resten av dagen?<\/p>\n<p class=\"_paragraph_o9xde_4 _paragraph_xtcu6_10 layout-component text-serif-m layout-normal text-serif-m layout-padded\">\u2013 Ja, barna samlet seg i lavvoer og da vi kom bort med sikringsutstyret var det flere som smilte og kalte oss nissens hjelpere. <\/p>\n<p class=\"_paragraph_o9xde_4 _paragraph_xtcu6_10 layout-component text-serif-m layout-normal text-serif-m layout-padded\">\u2013 Da f\u00f8lte jeg meg litt som en rockestjerne, s\u00e5 kanskje dette er noe vi b\u00f8r innf\u00f8re som fast del av showet, sier Robertsen med et smil. <\/p>\n","protected":false},"excerpt":{"rendered":"Nissen satte fast skjegget sitt da han rappellerte ned Munch-museet i Oslo. Publikum trodde uhellet var planlagt, men&hellip;\n","protected":false},"author":2,"featured_media":93950,"comment_status":"","ping_status":"","sticky":false,"template":"","format":"standard","meta":{"footnotes":""},"categories":[10],"tags":[31,20,21,24,25,15,5593,22,23,13,12201,30,28,29,14,636,16,26,27],"class_list":{"0":"post-93949","1":"post","2":"type-post","3":"status-publish","4":"format-standard","5":"has-post-thumbnail","7":"category-norge","8":"tag-breaking","9":"tag-breaking-news","10":"tag-breakingnews","11":"tag-featured-news","12":"tag-featurednews","13":"tag-headlines","14":"tag-jul","15":"tag-latest-news","16":"tag-latestnews","17":"tag-news","18":"tag-nisse","19":"tag-no","20":"tag-norge","21":"tag-norway","22":"tag-nyheter","23":"tag-oslo","24":"tag-overskrifter","25":"tag-top-stories","26":"tag-topstories"},"share_on_mastodon":{"url":"https:\/\/pubeurope.com\/@no\/115594549366214751","error":""},"_links":{"self":[{"href":"https:\/\/www.europesays.com\/no\/wp-json\/wp\/v2\/posts\/93949","targetHints":{"allow":["GET"]}}],"collection":[{"href":"https:\/\/www.europesays.com\/no\/wp-json\/wp\/v2\/posts"}],"about":[{"href":"https:\/\/www.europesays.com\/no\/wp-json\/wp\/v2\/types\/post"}],"author":[{"embeddable":true,"href":"https:\/\/www.europesays.com\/no\/wp-json\/wp\/v2\/users\/2"}],"replies":[{"embeddable":true,"href":"https:\/\/www.europesays.com\/no\/wp-json\/wp\/v2\/comments?post=93949"}],"version-history":[{"count":0,"href":"https:\/\/www.europesays.com\/no\/wp-json\/wp\/v2\/posts\/93949\/revisions"}],"wp:featuredmedia":[{"embeddable":true,"href":"https:\/\/www.europesays.com\/no\/wp-json\/wp\/v2\/media\/93950"}],"wp:attachment":[{"href":"https:\/\/www.europesays.com\/no\/wp-json\/wp\/v2\/media?parent=93949"}],"wp:term":[{"taxonomy":"category","embeddable":true,"href":"https:\/\/www.europesays.com\/no\/wp-json\/wp\/v2\/categories?post=93949"},{"taxonomy":"post_tag","embeddable":true,"href":"https:\/\/www.europesays.com\/no\/wp-json\/wp\/v2\/tags?post=93949"}],"curies":[{"name":"wp","href":"https:\/\/api.w.org\/{rel}","templated":true}]}}