{"id":93951,"date":"2025-11-22T17:33:08","date_gmt":"2025-11-22T17:33:08","guid":{"rendered":"https:\/\/www.europesays.com\/no\/93951\/"},"modified":"2025-11-22T17:33:08","modified_gmt":"2025-11-22T17:33:08","slug":"seansen-fikk-verden-til-a-sperre-opp-oynene","status":"publish","type":"post","link":"https:\/\/www.europesays.com\/no\/93951\/","title":{"rendered":"Seansen fikk verden til \u00e5 sperre opp \u00f8ynene."},"content":{"rendered":"<p class=\"extendedContent hyperion-css-eyn926\" data-test-tag=\"lead-text\">Verdens \u00f8yne var rettet mot Det hvite hus i g\u00e5r. N\u00e5 lurer mange p\u00e5 hva det var som egentlig skjedde.<\/p>\n<p>Publisert: 22.11.2025 17:47<\/p>\n<p class=\"paywall hyperion-css-1j42uic\">Det er nesten s\u00e5 man m\u00e5 gni seg i \u00f8ynene n\u00e5r man ser klipp fra g\u00e5rsdagens seanse fra Det hvite hus. <\/p>\n<p class=\"paywall hyperion-css-1j42uic\">Etter at Trump regelrett skjelte ut Ukrainas president Zelenskiy i fjor, var det med skrekkblandet fryd at verden rettet blikket mot et nytt m\u00f8te i Det hvite hus, ogs\u00e5 det med en mann hvis navn begynner p\u00e5 Z. <\/p>\n<p class=\"hyperion-css-1qm9e9t\">Les hele saken med abonnement<\/p>\n<p>Allerede abonnent? Logg inn<\/p>\n","protected":false},"excerpt":{"rendered":"Verdens \u00f8yne var rettet mot Det hvite hus i g\u00e5r. N\u00e5 lurer mange p\u00e5 hva det var som&hellip;\n","protected":false},"author":2,"featured_media":93952,"comment_status":"","ping_status":"","sticky":false,"template":"","format":"standard","meta":{"footnotes":""},"categories":[5],"tags":[20,21,24,25,15,19,22,23,17,18,13,30,28,29,14,16,26,27],"class_list":{"0":"post-93951","1":"post","2":"type-post","3":"status-publish","4":"format-standard","5":"has-post-thumbnail","7":"category-overskrifter","8":"tag-breaking-news","9":"tag-breakingnews","10":"tag-featured-news","11":"tag-featurednews","12":"tag-headlines","13":"tag-hovedoppslag","14":"tag-latest-news","15":"tag-latestnews","16":"tag-main-news","17":"tag-mainnews","18":"tag-news","19":"tag-no","20":"tag-norge","21":"tag-norway","22":"tag-nyheter","23":"tag-overskrifter","24":"tag-top-stories","25":"tag-topstories"},"share_on_mastodon":{"url":"https:\/\/pubeurope.com\/@no\/115594553215409095","error":""},"_links":{"self":[{"href":"https:\/\/www.europesays.com\/no\/wp-json\/wp\/v2\/posts\/93951","targetHints":{"allow":["GET"]}}],"collection":[{"href":"https:\/\/www.europesays.com\/no\/wp-json\/wp\/v2\/posts"}],"about":[{"href":"https:\/\/www.europesays.com\/no\/wp-json\/wp\/v2\/types\/post"}],"author":[{"embeddable":true,"href":"https:\/\/www.europesays.com\/no\/wp-json\/wp\/v2\/users\/2"}],"replies":[{"embeddable":true,"href":"https:\/\/www.europesays.com\/no\/wp-json\/wp\/v2\/comments?post=93951"}],"version-history":[{"count":0,"href":"https:\/\/www.europesays.com\/no\/wp-json\/wp\/v2\/posts\/93951\/revisions"}],"wp:featuredmedia":[{"embeddable":true,"href":"https:\/\/www.europesays.com\/no\/wp-json\/wp\/v2\/media\/93952"}],"wp:attachment":[{"href":"https:\/\/www.europesays.com\/no\/wp-json\/wp\/v2\/media?parent=93951"}],"wp:term":[{"taxonomy":"category","embeddable":true,"href":"https:\/\/www.europesays.com\/no\/wp-json\/wp\/v2\/categories?post=93951"},{"taxonomy":"post_tag","embeddable":true,"href":"https:\/\/www.europesays.com\/no\/wp-json\/wp\/v2\/tags?post=93951"}],"curies":[{"name":"wp","href":"https:\/\/api.w.org\/{rel}","templated":true}]}}