{"id":93955,"date":"2025-11-22T17:38:07","date_gmt":"2025-11-22T17:38:07","guid":{"rendered":"https:\/\/www.europesays.com\/no\/93955\/"},"modified":"2025-11-22T17:38:07","modified_gmt":"2025-11-22T17:38:07","slug":"kina-og-japan-i-konflikt-over-taiwan-nrk-urix-utenriksnyheter-og-dokumentarer","status":"publish","type":"post","link":"https:\/\/www.europesays.com\/no\/93955\/","title":{"rendered":"Kina og Japan i konflikt over Taiwan \u2013 NRK Urix \u2013 Utenriksnyheter og -dokumentarer"},"content":{"rendered":"<p>Det hele begynte 7. november. Da sa Japans nye statsminister, Sanae Takaichi, at et kinesisk angrep p\u00e5 Taiwan kan f\u00f8re til milit\u00e6re reaksjoner fra Japan.<\/p>\n<p>Kinas myndigheter ble rasende, og forholdet har siden v\u00e6rt i en nedadg\u00e5ende spiral.\n<\/p>\n<p><img decoding=\"async\"   src=\"data:image\/gif;base64,R0lGODlhAQABAIAAAAAAAP\/\/\/yH5BAEAAAAALAAAAAABAAEAAAIBRAA7\" loading=\"eager\" alt=\"En kinesisk turistgruppe g\u00e5r forbi en Shiseido-butikk i Tokyo i november 2025.\" title=\"Foto: GREG BAKER \/ AFP \/ NTB\"\/><\/p>\n<p class=\"\">Kinesiske turister er en viktig inntektskilde for Japan. N\u00e5 kansellerer de sine reiser. <\/p>\n<p>Foto: GREG BAKER \/ AFP \/ NTB<\/p>\n<p>Advarer turister<\/p>\n<p>Flere enn ti kinesiske flyselskap har avlyst sine avganger til Japan, og har lovet kundene at de vil f\u00e5 sine billetter refundert.<\/p>\n<p>Rundt en halv million billetter kan v\u00e6re avlyst allerede, skriver nyhetsbyr\u00e5et Reuters.<\/p>\n<p>Kinesiske myndigheter advarer sine borgere, som oppholder seg i Japan, om \u00e5 utvise forsiktighet, og unng\u00e5 folkemengder.<\/p>\n<p>Slike utspill svir i Japan. Turisme er en viktig inntektskilde og utgj\u00f8r 7 prosent av landets bruttonasjonalprodukt.<\/p>\n<p>I l\u00f8pet av \u00e5rets f\u00f8rste ni m\u00e5neder reiste 7.5 millioner kinesere til Japan. Den kinesiske reiseboikotten kan komme til \u00e5 koste nabolandet mer enn 14 milliarder dollar i \u00e5ret.<\/p>\n<p>Ogs\u00e5 kulturutveksling blir satt p\u00e5 vent, og to japanske filmer som skulle vises i Kina er stanset.\n<\/p>\n<p><img decoding=\"async\"   src=\"data:image\/gif;base64,R0lGODlhAQABAIAAAAAAAP\/\/\/yH5BAEAAAAALAAAAAABAAEAAAIBRAA7\" loading=\"eager\" alt=\"En kvinne g\u00e5r forbi en japansk restaurant i Beijing\" title=\"Foto: PEDRO PARDO \/ AFP \/ NTB\"\/><\/p>\n<p class=\"\">Kina truer med \u00e5 stanse importen av japansk sj\u00f8mat. <\/p>\n<p>Foto: PEDRO PARDO \/ AFP \/ NTB<\/p>\n<p>\u2013 Behandler Stillehavet som en \u00abkloakk\u00bb<\/p>\n<p>Kina truer ogs\u00e5 med \u00e5 sette import av japansk sj\u00f8mat p\u00e5 vent.<\/p>\n<p>\u2013 Under de r\u00e5dende omstendighetene ville det uansett ikke v\u00e6re et marked for japansk sj\u00f8mat i Kina, selv om den skulle bli eksportert hit, sier talspersonen for det kinesiske utenriksdepartementet, Mao Ning.<\/p>\n<p>Kina har v\u00e6rt kritisk til japansk sj\u00f8mat siden nabolandet i 2023 bestemte seg for \u00e5 slippe ut bearbeidet kj\u00f8levann fra det tsunami-rammede kjernekraftverket i Fukushima.<\/p>\n<p>Japan har oppbevart kj\u00f8levann tilsvarende 540 sv\u00f8mmebasseng siden ulykken i 2011, men FNs atombyr\u00e5 har uttalt at det er trygt, skriver Reuters.<\/p>\n<p><strong>Beijing beskylder likevel Japan for \u00e5 behandle Stillehavet som en \u00abkloakk\u00bb.<\/strong><\/p>\n<p>For f\u00e5 m\u00e5neder siden gjenopptok Kina noe av innf\u00f8rselen av japansk sj\u00f8mat, men sier n\u00e5 at det er n\u00f8dvendig \u00e5 overv\u00e5ke kj\u00f8levannet som slippes ut fra kjernekraftverket.<\/p>\n<p>Japanerne frykter ogs\u00e5 at Kina skal strupe adgangen til sjeldne jordarter, som vil ramme produksjonen av japansk teknologi.\n<\/p>\n<p><img decoding=\"async\"   src=\"data:image\/gif;base64,R0lGODlhAQABAIAAAAAAAP\/\/\/yH5BAEAAAAALAAAAAABAAEAAAIBRAA7\" loading=\"eager\" alt=\"Japans statsminister Sanae Takaichi og Kinas president Xi Jinping h\u00e5ndhilser p\u00e5 APEC toppm\u00f8tet i Gyeongju, oktober 2025.\" title=\"Foto: STR \/ AFP \/ NTB\"\/><\/p>\n<p class=\"\">Japans ferske statsminister Sanae Takaichi og Kinas president Xi Jinping ble enige om samarbeid p\u00e5 flere plan da de m\u00f8ttes p\u00e5 sidelinjen av APEC-toppm\u00f8tet for tre uker siden. N\u00e5 er det en st\u00f8rre knute p\u00e5 tr\u00e5den. <\/p>\n<p>Foto: STR \/ AFP \/ NTB<\/p>\n<p>En trussel mot dets eksistens<\/p>\n<p>Trass i de store omkostningene for Japan er det ikke mulig for Takaichi \u00e5 g\u00e5 med p\u00e5 kinesiske krav om \u00e5 trekke sin uttalelse tilbake.<\/p>\n<p>For, selv om statsministerens forgjengere ikke har v\u00e6rt like tydelige, gjenspeiler hennes budskap Japans st\u00e5sted:<\/p>\n<p><strong>Dersom Kina angriper Taiwan milit\u00e6rt, vil Japan oppleve dette som en trussel mot egen eksistens.<\/strong><\/p>\n<p>Samtidig p\u00e5g\u00e5r det en heftig diskusjon om hvordan landet skal ivareta sin sikkerhet. Japanerne frykter at et stadig mektigere Kina, et atomutrustet Nord-Korea, og et uforutsigbart USA gj\u00f8r landet s\u00e5rbart.<\/p>\n<p>Selv om japanerne er stolte over landets unike fredsgrunnlov, mener mange at nasjonen ikke kan fortsette \u00e5 v\u00e6re avhengig av USA for \u00e5 ivareta sin sikkerhet.<\/p>\n<p>Takaichi vil ha et sterkere japansk forsvar, og det provoserer Kina.\n<\/p>\n<p><img decoding=\"async\"   src=\"data:image\/gif;base64,R0lGODlhAQABAIAAAAAAAP\/\/\/yH5BAEAAAAALAAAAAABAAEAAAIBRAA7\" loading=\"eager\" alt=\"En person leser en kinesisk avis \" title=\"Foto: Andy Wong \/ AP \/ NTB\"\/><\/p>\n<p class=\"\">Uttalelsen fra Japans statsminister om Taiwan er forsidestoff i kinesiske aviser. <\/p>\n<p>Foto: Andy Wong \/ AP \/ NTB<\/p>\n<p>Historiske skygger<\/p>\n<p>Historiens bakteppe sp\u00f8ker bak all samhandling mellom Japan og Kina.<\/p>\n<p>Kineserne glemmer ikke japansk aggresjon mot nasjonen i flere av fortidens kapitler, senest under andre verdenskrig.<\/p>\n<p>Kina er tydelig p\u00e5 at \u00ab\u00e5rhundret med ydmykelser\u00bb aldri skal skje igjen.<\/p>\n<p>Japans nederlag i andre verdenskrig for 80 \u00e5r siden kalles \u00abSeiersdagen\u00bb i Kinas motstandskrig.<\/p>\n<p>I september ble dagen markert med en sv\u00e6r kinesisk milit\u00e6rparade \u2013 trolig for \u00e5 vise verden hvor mektig landet er blitt.<\/p>\n<p>I en kommentar fra det kinesiske nyhetsbyr\u00e5et Xinhua oppfordres Takaichi og hennes regjering til \u00e5 tenke over historien, innr\u00f8mme feil, og komme tilbake p\u00e5 \u00abriktig kurs\u00bb.<\/p>\n<p>\u2013 Dersom de handler med vilje, fortsetter p\u00e5 feil kurs, og insisterer p\u00e5 \u00e5 v\u00e6re fiende av det 1.4 milliarder store kinesiske folket. Jo, da venter et uunng\u00e5elig nederlag og det blir st\u00f8rre enn det som var for 80 \u00e5r siden, heter det fra Xinhua.\n<\/p>\n<p><img decoding=\"async\"   src=\"data:image\/gif;base64,R0lGODlhAQABAIAAAAAAAP\/\/\/yH5BAEAAAAALAAAAAABAAEAAAIBRAA7\" loading=\"eager\" alt=\"En restaurantinngang med en plakat om at alle fiskeprodukter fra Japan suspenderes\" title=\"Foto: PEDRO PARDO \/ AFP \/ NTB\"\/><\/p>\n<p class=\"\">P\u00e5 en plakat utenfor en restaurant i Beijing er budskapet at fisk fra Japan suspenderes. <\/p>\n<p>Foto: PEDRO PARDO \/ AFP \/ NTB<\/p>\n<p>Lever med status quo<\/p>\n<p>Konflikten ser ut til \u00e5 bli langvarig og er potensielt eksplosiv.<\/p>\n<p>Takaichi skj\u00f8nte, litt for seint, at ordlyden var lite taktisk, og sier hun ikke kommer til \u00e5 gjenta uttalelsen. Hun sier at hun \u00f8nsker en konstruktiv dialog med Kina, men for Beijing er dette ikke nok.<\/p>\n<p>Kina opplever Takaichis uttalelse som respektl\u00f8s og utilgivelig.<\/p>\n<p>I en kraftsalve, som siden er blitt slettet p\u00e5 sosiale medier, skrev den kinesiske generalkonsulen Xue Jian om henne, at \u00abdet skitne hodet som stikker opp, m\u00e5 kuttes av\u00bb.<\/p>\n<p>Myndighetene i Beijing godtar ikke at andre land hinter om at de vil st\u00f8tte og, eller, kjempe for et selvstendig Taiwan.<\/p>\n<p>Kina krever at \u00f8ya \u00abgjenforenes\u00bb med moderlandet, og ser saken som et indre anliggende.<\/p>\n<p>Taiwanerne selv lever inntil videre med status quo: De krever ikke selvstendighet, og samtidig har de sin egen regjering, som ikke er underlagt Beijing.\n<\/p>\n<p><img decoding=\"async\"   src=\"data:image\/gif;base64,R0lGODlhAQABAIAAAAAAAP\/\/\/yH5BAEAAAAALAAAAAABAAEAAAIBRAA7\" loading=\"eager\" alt=\"Leder for Kinas departement for asia-saker, Liu Jinsong og leder for Japans utenriksdepartements avdeling for asiatiske forhold, Masaaki Kanai m\u00f8tes.\" title=\"Foto: PEDRO PARDO \/ AFP \/ NTB\"\/><\/p>\n<p class=\"\">Et bilde av lederen for Japans utenriksdepartements avdeling for asiatiske forhold, Masaaki Kanai, g\u00e5r viralt p\u00e5 sosiale medier. Det tolkes som et underdanig bukk for lederen for Kinas departement for Asia-saker, Liu Jinsong. <\/p>\n<p>Foto: PEDRO PARDO \/ AFP \/ NTB<\/p>\n<p>Maktkamp full av symbolikk<\/p>\n<p>Japan protesterer n\u00e5 p\u00e5 en video som g\u00e5r viralt i Kina.<\/p>\n<p>Den gir inntrykk av at den japanske utsendingen, Masaaki Kanai, som kom til Beijing for \u00e5 forhandle, bukker for den kinesiske representanten, Liu Jinsong.<\/p>\n<p>Ogs\u00e5 flere fotografi av de to har fanget Kanai med b\u00f8yd hode.<\/p>\n<p>Dessuten er Kinas utsending neppe kledd i en tilfeldig valgt dress. Den har fem knapper og ingen krage, og er den samme studenter kledde seg i da de gjorde oppr\u00f8r mot japansk imperialisme i 1919.<\/p>\n<p>Ogs\u00e5 en annen detalj tolkes som en forakt for motparten: Liu har hendene i lomma, og det oppfattes i denne sammenhengen som mangel p\u00e5 respekt.<\/p>\n<p>Publisert<\/p>\n<p>22.11.2025, kl. 17.49<\/p>\n","protected":false},"excerpt":{"rendered":"Det hele begynte 7. november. Da sa Japans nye statsminister, Sanae Takaichi, at et kinesisk angrep p\u00e5 Taiwan&hellip;\n","protected":false},"author":2,"featured_media":62464,"comment_status":"","ping_status":"","sticky":false,"template":"","format":"standard","meta":{"footnotes":""},"categories":[12],"tags":[20,21,24,25,15,22,23,13,30,28,29,14,16,26,27,42,43,44,45],"class_list":{"0":"post-93955","1":"post","2":"type-post","3":"status-publish","4":"format-standard","5":"has-post-thumbnail","7":"category-verden","8":"tag-breaking-news","9":"tag-breakingnews","10":"tag-featured-news","11":"tag-featurednews","12":"tag-headlines","13":"tag-latest-news","14":"tag-latestnews","15":"tag-news","16":"tag-no","17":"tag-norge","18":"tag-norway","19":"tag-nyheter","20":"tag-overskrifter","21":"tag-top-stories","22":"tag-topstories","23":"tag-verden","24":"tag-world","25":"tag-world-news","26":"tag-worldnews"},"share_on_mastodon":{"url":"https:\/\/pubeurope.com\/@no\/115594573001823494","error":""},"_links":{"self":[{"href":"https:\/\/www.europesays.com\/no\/wp-json\/wp\/v2\/posts\/93955","targetHints":{"allow":["GET"]}}],"collection":[{"href":"https:\/\/www.europesays.com\/no\/wp-json\/wp\/v2\/posts"}],"about":[{"href":"https:\/\/www.europesays.com\/no\/wp-json\/wp\/v2\/types\/post"}],"author":[{"embeddable":true,"href":"https:\/\/www.europesays.com\/no\/wp-json\/wp\/v2\/users\/2"}],"replies":[{"embeddable":true,"href":"https:\/\/www.europesays.com\/no\/wp-json\/wp\/v2\/comments?post=93955"}],"version-history":[{"count":0,"href":"https:\/\/www.europesays.com\/no\/wp-json\/wp\/v2\/posts\/93955\/revisions"}],"wp:featuredmedia":[{"embeddable":true,"href":"https:\/\/www.europesays.com\/no\/wp-json\/wp\/v2\/media\/62464"}],"wp:attachment":[{"href":"https:\/\/www.europesays.com\/no\/wp-json\/wp\/v2\/media?parent=93955"}],"wp:term":[{"taxonomy":"category","embeddable":true,"href":"https:\/\/www.europesays.com\/no\/wp-json\/wp\/v2\/categories?post=93955"},{"taxonomy":"post_tag","embeddable":true,"href":"https:\/\/www.europesays.com\/no\/wp-json\/wp\/v2\/tags?post=93955"}],"curies":[{"name":"wp","href":"https:\/\/api.w.org\/{rel}","templated":true}]}}