{"id":93968,"date":"2025-11-22T17:47:13","date_gmt":"2025-11-22T17:47:13","guid":{"rendered":"https:\/\/www.europesays.com\/no\/93968\/"},"modified":"2025-11-22T17:47:13","modified_gmt":"2025-11-22T17:47:13","slug":"kennedy-datter-tatiana-schlossberg-35-har-dodelig-kreft","status":"publish","type":"post","link":"https:\/\/www.europesays.com\/no\/93968\/","title":{"rendered":"Kennedy-datter Tatiana Schlossberg (35) har d\u00f8delig kreft"},"content":{"rendered":"\n<p class=\"_lead_o9xde_2 _lead_xtcu6_50 layout-component text-serif-m layout-normal text-serif-l layout-component layout-wide layout-padded _wide_17hqh_1 layout-padded\">Tatiana Schlossberg (35) har f\u00e5tt beskjed om at hun har mindre enn ett \u00e5r igjen \u00e5 leve.<\/p>\n<p><img alt=\"D\u00d8DSSYK: Journalisten Tatiana Schlossberg (35). Foto: Steven Senne \/ AP\" class=\"_image_qp4xg_65 layout-component layout-wide\" data-fullscreen- data-track-element-type=\"Article image fullscreen\" data-track-name=\"ImageFullscreen\" fetchpriority=\"high\" decoding=\"sync\" loading=\"eager\" height=\"3826\" itemprop=\"image\"  src=\"https:\/\/www.europesays.com\/no\/wp-content\/uploads\/2025\/11\/995fc5b2-1785-4bf1-84ac-a4607715cd81\"  style=\"object-position:33.56856595225649% 42.83847360167277%\" width=\"5739\"\/>D\u00d8DSSYK: Journalisten Tatiana Schlossberg (35). Foto: Steven Senne \/ AP<\/p>\n<ul aria-hidden=\"true\" class=\"_images_18f0k_111\">\n<li><a class=\"_link_18f0k_116\" href=\"https:\/\/www.vg.no\/forfatter\/silje-kathrine-sviggum\" style=\"z-index:1\" title=\"Silje Kathrine Sviggum\" rel=\"nofollow noopener\" target=\"_blank\"><img alt=\"Bilde av Silje Kathrine Sviggum\" class=\"_image_18f0k_93\" fetchpriority=\"low\" loading=\"lazy\" decoding=\"async\" itemprop=\"image\"  src=\"https:\/\/www.europesays.com\/no\/wp-content\/uploads\/2025\/11\/1763833632_977_e676a608-6bb3-4134-98e2-0f7e4dee1ab7\"  width=\"480\"\/><\/a><\/li>\n<\/ul>\n<p> Oppdatert l\u00f8rdag 22. november kl. 17:39     <\/p>\n<p class=\"_paragraph_o9xde_4 _paragraph_xtcu6_10 layout-component text-serif-m layout-normal text-serif-m layout-padded\">35-\u00e5ringen er datter av Caroline Kennedy (67) og barnebarn av president John F. Kennedy (1917\u20131963). N\u00e5 har hun f\u00e5tt en d\u00f8delig kreftdiagnose.<\/p>\n<p class=\"_paragraph_o9xde_4 _paragraph_xtcu6_10 layout-component text-serif-m layout-normal text-serif-m layout-padded\">Tatiana Schlossberg jobber som journalist og avsl\u00f8rer i et essay i <a href=\"https:\/\/www.newyorker.com\/culture\/the-weekend-essay\/a-battle-with-my-blood\" class=\"_link_o9xde_39\" rel=\"nofollow noopener\" target=\"_blank\">The New Yorker<\/a> at hun har akutt myeloid leukemi, melder\u00a0<a href=\"https:\/\/people.com\/caroline-kennedys-daughter-tatiana-schlossberg-reveals-terminal-cancer-diagnosis-11855177\" class=\"_link_o9xde_39\" rel=\"nofollow noopener\" target=\"_blank\">People<\/a>.<\/p>\n<p class=\"_paragraph_o9xde_4 _paragraph_xtcu6_10 layout-component text-serif-m layout-normal text-serif-m layout-padded\">Schlossberg oppdaget sykdommen etter at hun f\u00f8dte sitt andre barn i mai 2024. Legene la merke til at antallet hvite blodceller var unormalt h\u00f8yt.<\/p>\n<p class=\"_paragraph_o9xde_4 _paragraph_xtcu6_10 layout-component text-serif-m layout-normal text-serif-m layout-padded\">\u2013 Et normalt antall hvite blodceller er rundt fire til elleve tusen celler per mikroliter. Mine var 131.000 celler per mikroliter, skriver hun i essayet.<\/p>\n<p><img alt=\"BER\u00d8MT FAMILIE: Caroline Kennedy (t.v.) sammen med ektemannen Edwin Schlossberg og barna Tatiana Schlossberg og Jack Schlossberg fotografert i oktober 2023.  Foto: Steven Senne \/ AP \/ NTB\" class=\"_image_qp4xg_65 layout-component layout-normal\" data-fullscreen- data-track-element-type=\"Article image fullscreen\" data-track-name=\"ImageFullscreen\" decoding=\"async\" loading=\"lazy\" height=\"3247\" itemprop=\"image\"  src=\"https:\/\/www.europesays.com\/no\/wp-content\/uploads\/2025\/11\/3ccec555-3862-460c-9c01-45cbfc5cbcb7\"  style=\"object-position:0% 0%\" width=\"4871\"\/>BER\u00d8MT FAMILIE: Caroline Kennedy (t.v.) sammen med ektemannen Edwin Schlossberg og barna Tatiana Schlossberg og Jack Schlossberg fotografert i oktober 2023.  Foto: Steven Senne \/ AP \/ NTBSjelden kreftdiagnose<\/p>\n<p class=\"_paragraph_o9xde_4 _paragraph_xtcu6_10 layout-component text-serif-m layout-normal text-serif-m layout-padded\">Tobarnsmoren ble diagnostisert med en sjelden mutasjon kalt Inversion 3, som ikke kan kureres med standard behandling.<\/p>\n<p class=\"_paragraph_o9xde_4 _paragraph_xtcu6_10 layout-component text-serif-m layout-normal text-serif-m layout-padded\">\u2013 Jeg kunne ikke tro at de snakket om meg. Jeg hadde sv\u00f8mt en kilometer dagen f\u00f8r, ni m\u00e5neder gravid. Jeg var ikke syk. Jeg f\u00f8lte meg ikke syk, skriver Schlossberg videre.<\/p>\n<p class=\"_paragraph_o9xde_4 _paragraph_xtcu6_10 layout-component text-serif-m layout-normal text-serif-m layout-padded\">Hun tilbrakte fem uker p\u00e5 sykehus etter f\u00f8dselen og gjennomgikk benmargstransplantasjon og cellegift-behandling.<\/p>\n<p class=\"_paragraph_o9xde_4 _paragraph_xtcu6_10 layout-component text-serif-m layout-normal text-serif-m layout-padded\">I januar begynte hun i et klinisk fors\u00f8k med CAR-T-celle-terapi. Legene har fortalt henne at hun har mindre enn ett \u00e5r igjen \u00e5 leve.<\/p>\n<p class=\"_paragraph_o9xde_4 _paragraph_xtcu6_10 layout-component text-serif-m layout-normal text-serif-m layout-padded\">Schlossberg er gift med George Moran og har to sm\u00e5 barn.<\/p>\n<p class=\"_paragraph_o9xde_4 _paragraph_xtcu6_10 layout-component text-serif-m layout-normal text-serif-m layout-padded\">I The New Yorker hyller hun familien for st\u00f8tten.<\/p>\n<p class=\"_paragraph_o9xde_4 _paragraph_xtcu6_10 layout-component text-serif-m layout-normal layout-padded\"><strong class=\"_strong_o9xde_25\">Les ogs\u00e5:<\/strong> <a href=\"https:\/\/www.vg.no\/i\/Xynmr\" data-track-element-type=\"Link\" data-track-id=\"link:Xynmr\" class=\"_link_o9xde_39\" rel=\"nofollow noopener\" target=\"_blank\">Kennedy-dynastiets forbannelse<\/a><\/p>\n<p>\u2013 Har tilf\u00f8rt en ny tragedie<\/p>\n<p class=\"_paragraph_o9xde_4 _paragraph_xtcu6_10 layout-component text-serif-m layout-normal text-serif-m layout-padded\">\u2013 Foreldrene mine og min bror og s\u00f8ster ogs\u00e5 har ivaretatt barna mine og sittet i mine ulike sykehusrom i n\u00e6r halvannet \u00e5r, forteller hun.<\/p>\n<p class=\"_paragraph_o9xde_4 _paragraph_xtcu6_10 layout-component text-serif-m layout-normal text-serif-m layout-padded\">\u2013 De har holdt h\u00e5nden min n\u00e5r jeg har lidd og pr\u00f8vd \u00e5 ikke vise sin smerte og tristhet for \u00e5 beskytte meg. Dette har v\u00e6rt en stor gave, selv om jeg har f\u00f8lt smerten deres daglig.<\/p>\n<p><img alt=\"Tatiana Schlossberg (t.v.) som ung sammen med moren Caroline Kennedy og broren Jack Schlossberg.  Foto: BRIAN SNYDER \/ Reuters\" class=\"_image_qp4xg_65 layout-component layout-normal\" data-fullscreen- data-track-element-type=\"Article image fullscreen\" data-track-name=\"ImageFullscreen\" decoding=\"async\" loading=\"lazy\" height=\"2072\" itemprop=\"image\"  src=\"https:\/\/www.europesays.com\/no\/wp-content\/uploads\/2025\/11\/4d33f4d0-d87e-4bfa-81b6-8c055d7fbf4a\"  style=\"object-position:0% 0%\" width=\"3000\"\/>Tatiana Schlossberg (t.v.) som ung sammen med moren Caroline Kennedy og broren Jack Schlossberg.  Foto: BRIAN SNYDER \/ Reuters<\/p>\n<p class=\"_paragraph_o9xde_4 _paragraph_xtcu6_10 layout-component text-serif-m layout-normal text-serif-m layout-padded\">Videre skriver journalisten at hun hele livet har pr\u00f8vd \u00e5 v\u00e6re et godt menneske og beskyttet sin ber\u00f8mte mor, som gjentatte ganger har v\u00e6rt <a href=\"https:\/\/www.vg.no\/nyheter\/i\/Xynmr\/kennedy-dynastiets-forbannelse\" data-track-element-type=\"Link\" data-track-id=\"link:Xynmr\" class=\"_link_o9xde_39\" rel=\"nofollow noopener\" target=\"_blank\">rammet av tragediene i Kennedy-klanen<\/a>.<\/p>\n<p class=\"_paragraph_o9xde_4 _paragraph_xtcu6_10 layout-component text-serif-m layout-normal text-serif-m layout-padded\">\u2013 N\u00e5 har jeg tilf\u00f8rt en ny tragedie i livet hennes, i v\u00e5r families liv, og det er ingenting jeg kan gj\u00f8re for \u00e5 stoppe den.<\/p>\n<p class=\"_paragraph_o9xde_4 _paragraph_xtcu6_10 layout-component text-serif-m layout-normal text-serif-m layout-padded\"><strong class=\"_strong_o9xde_25\">Se video: Caroline Kennedy i \u00e5pent brev:  Han er et rovdyr<\/strong><\/p>\n","protected":false},"excerpt":{"rendered":"Tatiana Schlossberg (35) har f\u00e5tt beskjed om at hun har mindre enn ett \u00e5r igjen \u00e5 leve. D\u00d8DSSYK:&hellip;\n","protected":false},"author":2,"featured_media":93969,"comment_status":"","ping_status":"","sticky":false,"template":"","format":"standard","meta":{"footnotes":""},"categories":[5],"tags":[20,21,24,25,15,19,12203,1401,22,23,17,18,13,30,28,29,14,16,26,27],"class_list":{"0":"post-93968","1":"post","2":"type-post","3":"status-publish","4":"format-standard","5":"has-post-thumbnail","7":"category-overskrifter","8":"tag-breaking-news","9":"tag-breakingnews","10":"tag-featured-news","11":"tag-featurednews","12":"tag-headlines","13":"tag-hovedoppslag","14":"tag-kennedy","15":"tag-kreft","16":"tag-latest-news","17":"tag-latestnews","18":"tag-main-news","19":"tag-mainnews","20":"tag-news","21":"tag-no","22":"tag-norge","23":"tag-norway","24":"tag-nyheter","25":"tag-overskrifter","26":"tag-top-stories","27":"tag-topstories"},"share_on_mastodon":{"url":"https:\/\/pubeurope.com\/@no\/115594608407499040","error":""},"_links":{"self":[{"href":"https:\/\/www.europesays.com\/no\/wp-json\/wp\/v2\/posts\/93968","targetHints":{"allow":["GET"]}}],"collection":[{"href":"https:\/\/www.europesays.com\/no\/wp-json\/wp\/v2\/posts"}],"about":[{"href":"https:\/\/www.europesays.com\/no\/wp-json\/wp\/v2\/types\/post"}],"author":[{"embeddable":true,"href":"https:\/\/www.europesays.com\/no\/wp-json\/wp\/v2\/users\/2"}],"replies":[{"embeddable":true,"href":"https:\/\/www.europesays.com\/no\/wp-json\/wp\/v2\/comments?post=93968"}],"version-history":[{"count":0,"href":"https:\/\/www.europesays.com\/no\/wp-json\/wp\/v2\/posts\/93968\/revisions"}],"wp:featuredmedia":[{"embeddable":true,"href":"https:\/\/www.europesays.com\/no\/wp-json\/wp\/v2\/media\/93969"}],"wp:attachment":[{"href":"https:\/\/www.europesays.com\/no\/wp-json\/wp\/v2\/media?parent=93968"}],"wp:term":[{"taxonomy":"category","embeddable":true,"href":"https:\/\/www.europesays.com\/no\/wp-json\/wp\/v2\/categories?post=93968"},{"taxonomy":"post_tag","embeddable":true,"href":"https:\/\/www.europesays.com\/no\/wp-json\/wp\/v2\/tags?post=93968"}],"curies":[{"name":"wp","href":"https:\/\/api.w.org\/{rel}","templated":true}]}}