{"id":93970,"date":"2025-11-22T17:48:09","date_gmt":"2025-11-22T17:48:09","guid":{"rendered":"https:\/\/www.europesays.com\/no\/93970\/"},"modified":"2025-11-22T17:48:09","modified_gmt":"2025-11-22T17:48:09","slug":"egersund-avgjorde-i-sluttdrama-mot-ranheim-videre-i-eliteseriekvaliken","status":"publish","type":"post","link":"https:\/\/www.europesays.com\/no\/93970\/","title":{"rendered":"Egersund avgjorde i sluttdrama mot Ranheim \u2013 videre i eliteseriekvaliken"},"content":{"rendered":"\n<p class=\"_lead_o9xde_2 _lead_xtcu6_50 layout-component text-serif-m layout-normal text-serif-l layout-component layout-wide layout-padded _wide_17hqh_1 layout-padded\">Scott Vatne ble Egersund-helt seks minutter p\u00e5 overtid i 3-2-seieren over Ranheim. N\u00e5 venter Aalesund i neste runde av kvalifiseringen til Eliteserien.<\/p>\n<p><img alt=\"Egersund er videre i eliteseriekvalifiseringen.&#10;Foto: Carina Johansen \/ NTB\" class=\"_image_qp4xg_65 layout-component layout-wide\" data-fullscreen- data-track-element-type=\"Article image fullscreen\" data-track-name=\"ImageFullscreen\" fetchpriority=\"high\" decoding=\"sync\" loading=\"eager\" height=\"3083\" itemprop=\"image\"  src=\"https:\/\/www.europesays.com\/no\/wp-content\/uploads\/2025\/11\/66c2122f-5a97-4a04-9423-d0634b906a2f\"  style=\"object-position:0% 0%\" width=\"4626\"\/>Egersund er videre i eliteseriekvalifiseringen.<br \/>\nFoto: Carina Johansen \/ NTB<\/p>\n<ul aria-hidden=\"true\" class=\"_images_18f0k_111\">\n<li><a class=\"_link_18f0k_116\" href=\"https:\/\/www.vg.no\/forfatter\/ntb\" style=\"z-index:1\" title=\"NTB\" rel=\"nofollow noopener\" target=\"_blank\"><img alt=\"Bilde av NTB\" class=\"_image_18f0k_93\" fetchpriority=\"low\" loading=\"lazy\" decoding=\"async\" itemprop=\"image\"  src=\"https:\/\/www.europesays.com\/no\/wp-content\/uploads\/2025\/11\/1763833689_551_c33980b0-5d07-4027-84a1-813f90a7c8d6\"  width=\"480\"\/><\/a><\/li>\n<\/ul>\n<p> Oppdatert l\u00f8rdag 22. november kl. 18:01     <\/p>\n<p class=\"_paragraph_o9xde_4 _paragraph_xtcu6_10 layout-component text-serif-m layout-normal text-serif-m layout-padded\">Egersund kom under to ganger, men kunne til slutt juble for avansement i kvaliken. Vatne skj\u00f8t et frisparkinnlegg rett i m\u00e5l langt inne i overtiden.<\/p>\n<p class=\"_paragraph_o9xde_4 _paragraph_xtcu6_10 layout-component text-serif-m layout-normal text-serif-m layout-padded\">Egersund ble nummer fem i 1. divisjon, mens Ranheim ble sekser. Dermed hadde EIK hjemmebanefordel i 1. runde, og den greide rogalendingene til slutt \u00e5 utnytte.<\/p>\n<p class=\"_paragraph_o9xde_4 _paragraph_xtcu6_10 layout-component text-serif-m layout-normal text-serif-m layout-padded\">I tillegg til Vatne sto Mathias Sauer og Oscar Kapskarmo for m\u00e5lene til EIK. Aki Samuelsen og Mikael T\u00f8rset Johnsen var m\u00e5lscorere for Ranheim. <\/p>\n<p class=\"_paragraph_o9xde_4 _paragraph_xtcu6_10 layout-component text-serif-m layout-normal text-serif-m layout-padded\">Etter \u00e5tte minutter var Egersund farlig framp\u00e5, og Ranheim-keeper Simen Vidtun Nilsen m\u00e5tte to ganger p\u00e5 f\u00e5 sekunder f\u00e5 hjelp av treverket for \u00e5 holde nullen.<\/p>\n<p class=\"_paragraph_o9xde_4 _paragraph_xtcu6_10 layout-component text-serif-m layout-normal text-serif-m layout-padded\">Johnsen sendte Ranheim i ledelsen etter 39 minutter, men Sauer s\u00f8rget for at lagene gikk til pause p\u00e5 1-1 med en overtidsscoring.<\/p>\n<p class=\"_paragraph_o9xde_4 _paragraph_xtcu6_10 layout-component text-serif-m layout-normal text-serif-m layout-padded\">Etter en dr\u00f8y time handset Bj\u00f8rn M\u00e6land i egen boks, og Ranheim fikk straffe. Den satte Samuelsen i m\u00e5l.<\/p>\n<p class=\"_paragraph_o9xde_4 _paragraph_xtcu6_10 layout-component text-serif-m layout-normal text-serif-m layout-padded\">Egersund ga imidlertid ikke opp, og fem minutter f\u00f8r slutt stupte Kapskarmo inn 2-2.<\/p>\n<p class=\"_paragraph_o9xde_4 _paragraph_xtcu6_10 layout-component text-serif-m layout-normal text-serif-m layout-padded\">Deretter ble Vatne helten.<\/p>\n<p class=\"_paragraph_o9xde_4 _paragraph_xtcu6_10 layout-component text-serif-m layout-normal text-serif-m layout-padded\">Egersund m\u00f8ter Aalesund p\u00e5 bortebane om fire dager, mens vinneren deretter skal opp mot Kongsvinger.<\/p>\n<p class=\"_paragraph_o9xde_4 _paragraph_xtcu6_10 layout-component text-serif-m layout-normal text-serif-m layout-padded\">Det er ikke klart hvem som skal inn i kvalik fra Eliteserien. Den siste kvalifiseringsrunden spilles med to kamper 7. og 11. desember.<\/p>\n<p class=\"_paragraph_o9xde_4 _paragraph_xtcu6_10 layout-component text-serif-m layout-normal text-serif-m layout-padded\">Lillestr\u00f8m og Start rykket direkte opp fra 1. divisjon.<\/p>\n","protected":false},"excerpt":{"rendered":"Scott Vatne ble Egersund-helt seks minutter p\u00e5 overtid i 3-2-seieren over Ranheim. N\u00e5 venter Aalesund i neste runde&hellip;\n","protected":false},"author":2,"featured_media":93971,"comment_status":"","ping_status":"","sticky":false,"template":"","format":"standard","meta":{"footnotes":""},"categories":[59],"tags":[6949,134,30,28,29,337,11043,83,82],"class_list":{"0":"post-93970","1":"post","2":"type-post","3":"status-publish","4":"format-standard","5":"has-post-thumbnail","7":"category-sport","8":"tag-egersunds-ik","9":"tag-eliteserien","10":"tag-no","11":"tag-norge","12":"tag-norway","13":"tag-obos-ligaen","14":"tag-ranheim-il","15":"tag-sport","16":"tag-sports"},"share_on_mastodon":{"url":"https:\/\/pubeurope.com\/@no\/115594612356845867","error":""},"_links":{"self":[{"href":"https:\/\/www.europesays.com\/no\/wp-json\/wp\/v2\/posts\/93970","targetHints":{"allow":["GET"]}}],"collection":[{"href":"https:\/\/www.europesays.com\/no\/wp-json\/wp\/v2\/posts"}],"about":[{"href":"https:\/\/www.europesays.com\/no\/wp-json\/wp\/v2\/types\/post"}],"author":[{"embeddable":true,"href":"https:\/\/www.europesays.com\/no\/wp-json\/wp\/v2\/users\/2"}],"replies":[{"embeddable":true,"href":"https:\/\/www.europesays.com\/no\/wp-json\/wp\/v2\/comments?post=93970"}],"version-history":[{"count":0,"href":"https:\/\/www.europesays.com\/no\/wp-json\/wp\/v2\/posts\/93970\/revisions"}],"wp:featuredmedia":[{"embeddable":true,"href":"https:\/\/www.europesays.com\/no\/wp-json\/wp\/v2\/media\/93971"}],"wp:attachment":[{"href":"https:\/\/www.europesays.com\/no\/wp-json\/wp\/v2\/media?parent=93970"}],"wp:term":[{"taxonomy":"category","embeddable":true,"href":"https:\/\/www.europesays.com\/no\/wp-json\/wp\/v2\/categories?post=93970"},{"taxonomy":"post_tag","embeddable":true,"href":"https:\/\/www.europesays.com\/no\/wp-json\/wp\/v2\/tags?post=93970"}],"curies":[{"name":"wp","href":"https:\/\/api.w.org\/{rel}","templated":true}]}}