{"id":93989,"date":"2025-11-22T18:08:17","date_gmt":"2025-11-22T18:08:17","guid":{"rendered":"https:\/\/www.europesays.com\/no\/93989\/"},"modified":"2025-11-22T18:08:17","modified_gmt":"2025-11-22T18:08:17","slug":"dramatisk-fall-i-importen-av-israelsk-frukt-og-gront-til-norge","status":"publish","type":"post","link":"https:\/\/www.europesays.com\/no\/93989\/","title":{"rendered":"Dramatisk fall i importen av israelsk frukt og gr\u00f8nt til Norge"},"content":{"rendered":"<p class=\"kicker \" style=\"\">Israelsk frukt og gr\u00f8nt:<\/p>\n<p>  Importen av israelsk frukt og gr\u00f8nt har klappet helt sammen etter utbruddet av krigen i Gaza.<\/p>\n<p>\n    BR\u00c5STOPP: Flere import\u00f8rer, som dagligvarekjeden Coop (bildet) har stoppet importen av frukt og gr\u00f8nt fra Israel etter krigsutbruddet. Foto: Terje Pedersen\/NTB\n  <\/p>\n<p>    Kort fortalt<\/p>\n<p lang=\"nb-NO\">Importen av israelsk frukt og gr\u00f8nt til Norge har falt dramatisk siden krigen i Gaza startet i oktober 2023.<\/p>\n<p lang=\"nb-NO\">Trond Selboe fra Bernh. Botolfsen Import sier at det ikke lenger er interesse for israelske varer, og selskapet har m\u00e5ttet re-eksportere poteter.<\/p>\n<p lang=\"nb-NO\">Bama og Coop har ogs\u00e5 stoppet importen fra Israel, og planlegger for lavere ettersp\u00f8rsel ved \u00e5 \u00f8ke innkj\u00f8p fra andre land.<\/p>\n<p lang=\"nb-NO\">Norske myndigheter har skjerpet r\u00e5d til n\u00e6ringslivet om \u00e5 unng\u00e5 handel som opprettholder Israels okkupasjon av Palestina.<\/p>\n<p class=\"italic ai-disclaimer\" data-lab-italic=\"italic\">Sammendraget er laget av ChatGPT og godkjent av B\u00f8rsen.<\/p>\n<p>      Vis mer<br \/>\n      Vis mindre<\/p>\n<p>Mens andre veier ordene p\u00e5 gullvekt, har daglig leder Trond Selboe i Bernh. Botolfsen Import\u00a0 et kort og greit svar om selskapets import fra Israel:<\/p>\n<p>&#8211; Absolutt ingenting.\u00a0<\/p>\n<p>S\u00e5nn har det v\u00e6rt, sier Selboe, siden krigen i Gaza br\u00f8t ut i oktober 2023.<\/p>\n<p class=\"font-weight-bold m-font-weight-bold\" data-lab-font_weight=\"font-weight-bold\">I hele bransjen er situasjonen omtrent den samme:\u00a0<\/p>\n<p class=\"font-weight-bold m-font-weight-bold\" data-lab-font_weight=\"font-weight-bold\">I \u00e5rets f\u00f8rste ni m\u00e5neder importerte Norge israelsk frukt og gr\u00f8nt for fem millioner kroner. I samme periode i 2023 var tallet 170 millioner.\u00a0<\/p>\n<p>Det viser tall fra Statistisk sentralbyr\u00e5. Blant varer som importeres fra Israel, skiller frukt og gr\u00f8nt seg ut med et dramatisk fall.\u00a0<\/p>\n<p>          <img loading=\"lazy\" decoding=\"async\" src=\"https:\/\/www.europesays.com\/no\/wp-content\/uploads\/2025\/11\/83884240.webp\" width=\"980\" height=\"559\" title=\"HVETEH\u00d8ST F\u00d8R KRIGEN: Israel har en utstrakt produksjon av jordbruksvarer innenfor landets anerkjente grenser. Her h\u00f8ster ultraortodokse j\u00f8der hvete n\u00e6r kibbutzen Sha'alvim i mai 2023 - et halvt \u00e5r f\u00f8r krigen i Gaza br\u00f8t ut. Foto: NTB\/AP\/Ohad Zwigenberg\" alt=\"\" class=\"\" style=\"--aspect-ratio-image: 1.75; \"\/><\/p>\n<p>\n          HVETEH\u00d8ST F\u00d8R KRIGEN: Israel har en utstrakt produksjon av jordbruksvarer innenfor landets anerkjente grenser. Her h\u00f8ster ultraortodokse j\u00f8der hvete n\u00e6r kibbutzen Sha&#8217;alvim i mai 2023 &#8211; et halvt \u00e5r f\u00f8r krigen i Gaza br\u00f8t ut. Foto: NTB\/AP\/Ohad Zwigenberg\n      <\/p>\n<p>&#8211; Null interesse\u00a0\t<\/p>\n<p>Selboe forteller at krigsutbruddet satte ham i ei kattepine.\u00a0<\/p>\n<p>&#8211; Jeg hadde allerede bestilt noen tonn poteter som jeg ikke kom meg unna. Det var det siste vi importerte fra Israel, og det ble re-eksportert ut av landet igjen.\u00a0<\/p>\n<p class=\"italic m-italic\" data-lab-italic=\"italic\">&#8211; Hvorfor gjorde dere det?\u00a0<\/p>\n<p>&#8211; Jo, fordi markedet falt helt bort. Det var totalt ikke interesse for israelske varer. S\u00e5 vi m\u00e5tte finne l\u00f8sninger for \u00e5 kvitte oss med det vi ikke fikk solgt. Og det var ikke mye vi greide \u00e5 selge, sier Selboe.\u00a0<\/p>\n<p>Han understreker at avgj\u00f8relsen var kommersiell &#8211; ikke politisk &#8211; og sier at det dreide seg om poteter for rundt ti millioner kroner.\u00a0<\/p>\n<p>          <img loading=\"lazy\" decoding=\"async\" src=\"https:\/\/www.europesays.com\/no\/wp-content\/uploads\/2025\/11\/83885002.webp\" width=\"686\" height=\"392\" title=\"MARKEDET FORSVANT: - Det var totalt ikke interesse for israelske varer, sier daglig leder Trond Selboe i Bernh. Botolfsen Import om situasjonen etter krigsutbruddet i oktober 2023. Foto: Bernh. Botolfsen Import\" alt=\"\" class=\"\" style=\"--aspect-ratio-image: 1.75; \"\/><\/p>\n<p>\n          MARKEDET FORSVANT: &#8211; Det var totalt ikke interesse for israelske varer, sier daglig leder Trond Selboe i Bernh. Botolfsen Import om situasjonen etter krigsutbruddet i oktober 2023. Foto: Bernh. Botolfsen Import\n      <\/p>\n<p>Bernh. Botolfsen Import selger til ulike akt\u00f8rer, blant dem store import\u00f8rer som Coop og Bama.\u00a0<\/p>\n<p> Pia Gulbrandsen, Bamas konserndirekt\u00f8r for kommunikasjon og samfunnskontakt, forteller at krigsutbruddet fikk f\u00f8lger ogs\u00e5 hos dem.\u00a0\u00a0<\/p>\n<p>Stopp i 2025\u00a0\t<\/p>\n<p>\u00abMange uttrykte \u00f8nske om \u00e5 kunne velge frukt og gr\u00f8nt fra andre land. Vi utvidet derfor sortimentet med flere opprinnelser, noe som ogs\u00e5 innebar at importen fra Israel ble redusert\u00bb, forteller Gulbrandsen.<\/p>\n<p>Hun forklarer at for \u00e5 f\u00e5 disse varene om v\u00e5ren, m\u00e5 det planlegges allerede h\u00f8sten f\u00f8r. I 2024 kj\u00f8pte Bama fortsatt fra Israel, men klart mindre enn \u00e5ret i forveien.<\/p>\n<p>    <a itemprop=\"url\" href=\"https:\/\/borsen.dagbladet.no\/nyheter\/endrer-ikke-etter-israel-advarsel\/81086887\" rel=\"nofollow noopener\" target=\"_blank\"><\/p>\n<p>      <img loading=\"lazy\" decoding=\"async\" src=\"https:\/\/www.europesays.com\/no\/wp-content\/uploads\/2025\/11\/81030262.webp\" width=\"980\" height=\"441\" title=\"Endrer ikke etter Israel-advarsel\" alt=\"\" class=\"lazyload\" style=\"--aspect-ratio-image: 2.22; \"\/><\/p>\n<p>        Endrer ikke etter Israel-advarsel<\/p>\n<p>    <\/a><\/p>\n<p class=\"font-weight-normal m-font-weight-normal\" data-lab-font_weight=\"font-weight-normal\">\u00abNedgangen skyldtes at vi planla for lavere ettersp\u00f8rsel og \u00f8kte innkj\u00f8pene v\u00e5re fra andre land\u00bb, skriver Gulbrandsen til Dagbladet, og forteller at det ogs\u00e5 var utfordringer med h\u00f8sting og klima. Og v\u00e5ren 2025 var det stopp.\u00a0<\/p>\n<p class=\"font-weight-bold m-font-weight-bold\" data-lab-font_weight=\"font-weight-bold\">\u00abVi besluttet \u00e5 legge vekt p\u00e5 det ansvaret vi har for \u00e5 v\u00e6re spesielt aktsomme i lys av krigen\u00bb, opplyser Gulbrandsen.\u00a0<\/p>\n<p>Hun forteller at da v\u00e5rsesongen 2026 for noen m\u00e5neder siden skulle planlegges, var situasjonen enn\u00e5 s\u00e5 uavklart at de videref\u00f8rte denne linja.<\/p>\n<p>&#8211; Finner alternativer\u00a0\t<\/p>\n<p>Seniorr\u00e5dgiver Knut Lutn\u00e6s i Coop Norge forteller at kjeden allerede tidlig i 2024 sluttet \u00e5 importere frukt og gr\u00f8nt fra Israel.\u00a0<\/p>\n<p class=\"font-weight-normal m-font-weight-normal\" data-lab-font_weight=\"font-weight-normal\">\u00abUt fra erfaringene fra krigen i Ukraina, vet vi at i omr\u00e5der med krig og konflikt kan r\u00e5vareproduksjon bli rammet og veier og havner kan bli stengt. Kommersielle hensyn gj\u00f8r derfor at vi finner alternative leverand\u00f8rer\u00bb, skriver Lutn\u00e6s til Dagbladet.\u00a0<\/p>\n<p>          <img loading=\"lazy\" decoding=\"async\" src=\"https:\/\/www.europesays.com\/no\/wp-content\/uploads\/2025\/11\/83884980.webp\" width=\"686\" height=\"392\" title=\"SLUTTET I 2024: Seniorr\u00e5dgiver Knut Lutn\u00e6s i Coop Norge forteller at kjeden allerede tidlig i 2024 sluttet \u00e5 importere frukt og gr\u00f8nt fra Israel. Foto: Co0p\" alt=\"\" class=\"\" style=\"--aspect-ratio-image: 1.75; \"\/><\/p>\n<p>\n          SLUTTET I 2024: Seniorr\u00e5dgiver Knut Lutn\u00e6s i Coop Norge forteller at kjeden allerede tidlig i 2024 sluttet \u00e5 importere frukt og gr\u00f8nt fra Israel. Foto: Co0p\n      <\/p>\n<p>Dagligvarekjeden Rema 1000 skriver til Dagbladet at de forholder de seg til det \u00abtil enhver tid gjeldende lovverk og anbefalinger fra norske myndigheter, EU og FN\u00bb.\u00a0<\/p>\n<p>\u00abForuten enkelte partier med frukt og gr\u00f8nt har vi generelt hatt et begrenset utvalg varer fra Israel, og per i dag f\u00f8rer vi \u00e9n vare som er produsert i Israel innenfor FNs anerkjente grenser \u2013 glutenfri Salinis fra Sch\u00e4r\u00bb, skriver Remas kategori- og innkj\u00f8psdirekt\u00f8r Line Aarnes.\u00a0\u00a0<\/p>\n<p>&#8211; Skal merkes\t<\/p>\n<p>Innenfor Israels anerkjente grenser er det en utstrakt jordbruksproduksjon.\u00a0<\/p>\n<p>\u00abIsraels ledende eksportartikler er finslipte diamanter, h\u00f8yteknologiutstyr og landbruksprodukter (frukt og gr\u00f8nnsaker)\u00bb, <a href=\"https:\/\/www.norway.no\/en\/israel\/for-nordmenn\/landinformasjon\/israel---okonomi\/ \" rel=\"nofollow noopener\" target=\"_blank\">skrev Norges ambassade<\/a> i Tel Aviv for noen \u00e5r siden.\u00a0<\/p>\n<p>Ogs\u00e5 i Israels okkuperte omr\u00e5der dyrkes det jordbruksvarer. I oktober i fjor skjerpet Utenriksdepartementet (UD) en <a href=\"https:\/\/www.regjeringen.no\/no\/aktuelt\/skjerper-fraradingen-til-norsk-naringsliv-unnga-handel-som-bidrar-til-a-opprettholde-israels-okkupasjon-av-palestina\/id3061358\/\" rel=\"nofollow noopener\" target=\"_blank\">frar\u00e5ding til norsk n\u00e6ringsliv<\/a>.\u00a0<\/p>\n<p>    <a itemprop=\"url\" href=\"https:\/\/borsen.dagbladet.no\/nyheter\/bryter-fortsatt-etikk-retningslinjer\/83876664\" rel=\"nofollow noopener\" target=\"_blank\"><\/p>\n<p>      <img loading=\"lazy\" decoding=\"async\" src=\"https:\/\/www.europesays.com\/no\/wp-content\/uploads\/2025\/11\/1763834897_177_83877001.webp\" width=\"980\" height=\"441\" title=\"- Bryter fortsatt etikk-retningslinjer\" alt=\"\" class=\"lazyload\" style=\"--aspect-ratio-image: 2.22; \"\/><\/p>\n<p>        &#8211; Bryter fortsatt etikk-retningslinjer <\/p>\n<p>    <\/a><\/p>\n<p>Der bes norske selskaper unng\u00e5 handel som bidrar til \u00e5 opprettholde Israels ulovlige okkupasjon av Palestina &#8211; alts\u00e5 i Gaza og p\u00e5 Vestbredden inkludert \u00d8st-Jerusalem.\u00a0<\/p>\n<p>Tidligere har <a href=\"https:\/\/www.regjeringen.no\/no\/aktuelt\/opprinnelse_okkupert\/id2918219\/#:~:text=Tema%20*%20FN.%20*%20Folkerett.\" rel=\"nofollow noopener\" target=\"_blank\">UD gjort det klart <\/a>at matvarer fra okkuperte omr\u00e5der skal\u00a0\u00abmerkes med hvilket omr\u00e5de produktet kommer fra, og at det kommer fra en israelsk bosetting dersom det er tilfelle\u00bb.<\/p>\n","protected":false},"excerpt":{"rendered":"Israelsk frukt og gr\u00f8nt: Importen av israelsk frukt og gr\u00f8nt har klappet helt sammen etter utbruddet av krigen&hellip;\n","protected":false},"author":2,"featured_media":93990,"comment_status":"","ping_status":"","sticky":false,"template":"","format":"standard","meta":{"footnotes":""},"categories":[5],"tags":[2613,20,21,1749,10016,24,25,2990,12204,15,19,52,474,22,23,17,18,13,30,28,29,14,16,261,1394,26,27,8880],"class_list":{"0":"post-93989","1":"post","2":"type-post","3":"status-publish","4":"format-standard","5":"has-post-thumbnail","7":"category-overskrifter","8":"tag-bama","9":"tag-breaking-news","10":"tag-breakingnews","11":"tag-coop","12":"tag-dagligvarekjeder","13":"tag-featured-news","14":"tag-featurednews","15":"tag-frukt-og-gront","16":"tag-gaza-krigen","17":"tag-headlines","18":"tag-hovedoppslag","19":"tag-israel","20":"tag-krig","21":"tag-latest-news","22":"tag-latestnews","23":"tag-main-news","24":"tag-mainnews","25":"tag-news","26":"tag-no","27":"tag-norge","28":"tag-norway","29":"tag-nyheter","30":"tag-overskrifter","31":"tag-palestina","32":"tag-rema-1000","33":"tag-top-stories","34":"tag-topstories","35":"tag-utenriksdepartementet"},"share_on_mastodon":{"url":"https:\/\/pubeurope.com\/@no\/115594691424438013","error":""},"_links":{"self":[{"href":"https:\/\/www.europesays.com\/no\/wp-json\/wp\/v2\/posts\/93989","targetHints":{"allow":["GET"]}}],"collection":[{"href":"https:\/\/www.europesays.com\/no\/wp-json\/wp\/v2\/posts"}],"about":[{"href":"https:\/\/www.europesays.com\/no\/wp-json\/wp\/v2\/types\/post"}],"author":[{"embeddable":true,"href":"https:\/\/www.europesays.com\/no\/wp-json\/wp\/v2\/users\/2"}],"replies":[{"embeddable":true,"href":"https:\/\/www.europesays.com\/no\/wp-json\/wp\/v2\/comments?post=93989"}],"version-history":[{"count":0,"href":"https:\/\/www.europesays.com\/no\/wp-json\/wp\/v2\/posts\/93989\/revisions"}],"wp:featuredmedia":[{"embeddable":true,"href":"https:\/\/www.europesays.com\/no\/wp-json\/wp\/v2\/media\/93990"}],"wp:attachment":[{"href":"https:\/\/www.europesays.com\/no\/wp-json\/wp\/v2\/media?parent=93989"}],"wp:term":[{"taxonomy":"category","embeddable":true,"href":"https:\/\/www.europesays.com\/no\/wp-json\/wp\/v2\/categories?post=93989"},{"taxonomy":"post_tag","embeddable":true,"href":"https:\/\/www.europesays.com\/no\/wp-json\/wp\/v2\/tags?post=93989"}],"curies":[{"name":"wp","href":"https:\/\/api.w.org\/{rel}","templated":true}]}}